{"id":111691,"date":"2025-05-26T14:42:00","date_gmt":"2025-05-26T17:42:00","guid":{"rendered":"https:\/\/bluestudio.estadao.com.br\/agencia-de-comunicacao\/prnewswire\/a-20a-feira-internacional-do-oeste-da-china-abre-atraindo-mais-de-3-000-empresas\/"},"modified":"2025-05-26T14:42:00","modified_gmt":"2025-05-26T17:42:00","slug":"a-20a-feira-internacional-do-oeste-da-china-abre-atraindo-mais-de-3-000-empresas","status":"publish","type":"post","link":"https:\/\/bluestudio.estadao.com.br\/agencia-de-comunicacao\/prnewswire\/a-20a-feira-internacional-do-oeste-da-china-abre-atraindo-mais-de-3-000-empresas\/","title":{"rendered":"A 20\u00aa Feira Internacional do Oeste da China abre, atraindo mais de 3.000 empresas"},"content":{"rendered":"<div class=\"xn-content\">\n<span class=\"legendSpanClass\"><span class=\"xn-location\">CHENGDU, China<\/span><\/span>, <span class=\"legendSpanClass\">26 de maio de 2025<\/span> \/PRNewswire\/ &#8212; A 20\u00aa Feira Internacional do Oeste da <span class=\"xn-location\">China<\/span> (WCIF), com o tema &#8220;Aprofundar a reforma para obter mais impulso, expandir a abertura para um maior crescimento&#8221;, foi inaugurada em <span class=\"xn-location\">Chengdu<\/span>, prov\u00edncia de <span class=\"xn-location\">Sichuan<\/span>, em 25 de maio. A feira de cinco dias atraiu a participa\u00e7\u00e3o de mais de 3.000 empresas de 62 pa\u00edses e regi\u00f5es, bem como 27 prov\u00edncias (regi\u00f5es aut\u00f4nomas e munic\u00edpios) na <span class=\"xn-location\">China<\/span>.<\/p>\n<div class=\"PRN_ImbeddedAssetReference\" id=\"DivAssetPlaceHolder3842\">\n<a href=\"https:\/\/mma.prnewswire.com\/media\/2696081\/The_20th_Western_China_International_Fair_opens.html\" target=\"_blank\" rel=\"nofollow\"><img decoding=\"async\" src=\"https:\/\/mma.prnewswire.com\/media\/2696081\/The_20th_Western_China_International_Fair_opens.jpg\" title=\"Inaugura\u00e7\u00e3o da 20\u00aa Feira Internacional do Oeste da China (PRNewsfoto\/WCIF)\" alt=\"Inaugura\u00e7\u00e3o da 20\u00aa Feira Internacional do Oeste da China (PRNewsfoto\/WCIF)\" \/><\/a><\/p>\n<\/div>\n<p>A 20\u00aa WCIF tem dois pa\u00edses convidados de honra, a saber, Hungria e <span class=\"xn-location\">Laos<\/span>, e duas prov\u00edncias convidadas de honra, a saber, <span class=\"xn-location\">Zhejiang<\/span> e <span class=\"xn-location\">Qinghai<\/span>, pela primeira vez. Os Emirados \u00c1rabes Unidos atuam como um parceiro especial. Al\u00e9m disso, 15 pavilh\u00f5es tem\u00e1ticos foram montados em tr\u00eas \u00e1reas de exposi\u00e7\u00e3o: \u00c1rea de Exposi\u00e7\u00f5es de Abertura e Coopera\u00e7\u00e3o, \u00c1rea de Exposi\u00e7\u00f5es New Industrial Momentum e \u00c1rea de Exposi\u00e7\u00f5es Wonderful Life. Com uma \u00e1rea total de exposi\u00e7\u00e3o de 200.000 metros quadrados, esta feira se concentra em exibir as \u00faltimas conquistas cient\u00edficas e tecnol\u00f3gicas, bem como ind\u00fastrias caracter\u00edsticas dos pa\u00edses e regi\u00f5es participantes. De todas as empresas participantes deste ano, 114, ou 55,6%, est\u00e3o entre as empresas da Fortune Global 500, as 500 principais empresas chinesas e as 500 principais empresas privadas chinesas. Em particular, existem 61 empresas da Fortune Global 500, um aumento de 74,3% em rela\u00e7\u00e3o \u00e0 edi\u00e7\u00e3o anterior.<\/p>\n<p>A WCIF deste ano inclui principalmente 25 eventos, como a Cerim\u00f4nia de Abertura, a Feira de Promo\u00e7\u00e3o de Investimentos da China Ocidental e a Cerim\u00f4nia de Assinatura de Contratos de Projetos de Coopera\u00e7\u00e3o Econ\u00f4mica, a Confer\u00eancia Internacional de Fornecimento da China Ocidental e os Eventos de Pa\u00eds de Honra Convidado. Os participantes do oeste da <span class=\"xn-location\">China<\/span> assinaram contratos para 416 projetos de coopera\u00e7\u00e3o de investimento com investidores chineses e estrangeiros, envolvendo um investimento de <span class=\"xn-money\">RMB 354,3<\/span> bilh\u00f5es. Estima-se aproximadamente que mais de 2.200 projetos foram lan\u00e7ados com um investimento de mais de <span class=\"xn-money\">RMB 3,7<\/span> trilh\u00f5es.<\/p>\n<p>Foto &#8211; <a href=\"https:\/\/mma.prnewswire.com\/media\/2696081\/The_20th_Western_China_International_Fair_opens.jpg\" target=\"_blank\" rel=\"nofollow\">https:\/\/mma.prnewswire.com\/media\/2696081\/The_20th_Western_China_International_Fair_opens.jpg<\/a><\/p>\n<div class=\"PRN_ImbeddedAssetReference\" id=\"DivAssetPlaceHolder0\"><\/div>\n<p id=\"PURL\"><img loading=\"lazy\" decoding=\"async\" title=\"Cision\" width=\"12\" height=\"12\" alt=\"Cision\" src=\"https:\/\/c212.net\/c\/img\/favicon.png?sn=PT95930&amp;sd=2025-05-26\" \/> View original content to download multimedia:<a id=\"PRNURL\" rel=\"nofollow\" href=\"https:\/\/www.prnewswire.com\/br\/comunicados-para-a-imprensa\/a-20-feira-internacional-do-oeste-da-china-abre-atraindo-mais-de-3-000-empresas-302465304.html\" target=\"_blank\">https:\/\/www.prnewswire.com\/br\/comunicados-para-a-imprensa\/a-20-feira-internacional-do-oeste-da-china-abre-atraindo-mais-de-3-000-empresas-302465304.html<\/a><\/p>\n<p>FONTE  WCIF<\/p>\n<\/div>\n<p><img decoding=\"async\" alt=\"\" src=\"https:\/\/rt.prnewswire.com\/rt.gif?NewsItemId=PT95930&amp;Transmission_Id=202505261336PR_NEWS_LATAM____PT95930&amp;DateId=20250526\" style=\"border:0px;width:1px;height:1px\" \/><\/p>\n<p><strong>T\u00f3picos Relacionados:<\/strong> Not\u00edcias de Feiras Comerciais, Servi\u00e7os Banc\u00e1rios\/Financeiros, Contratos<\/p>\n<p>A <b>OESP<\/b> n\u00e3o \u00e9(s\u00e3o) respons\u00e1vel(is) por erros, incorre\u00e7\u00f5es, atrasos ou quaisquer decis\u00f5es tomadas por seus clientes com base nos Conte\u00fados ora disponibilizados, bem como tais Conte\u00fados n\u00e3o representam a opini\u00e3o da <b>OESP<\/b> e s\u00e3o de inteira responsabilidade da <b>PR Newswire Ltda<\/b><\/p>\n","protected":false},"excerpt":{"rendered":"CHENGDU, China, 26 de maio de 2025 \/PRNewswire\/ &#8212; A 20\u00aa Feira Internacional do Oeste da China (WCIF), com o tema &#8220;Aprofundar a reforma para obter mais impulso, expandir a abertura para um","protected":false},"author":1,"featured_media":0,"comment_status":"open","ping_status":"closed","sticky":false,"template":"","format":"standard","meta":{"_acf_changed":false,"inline_featured_image":false,"_monsterinsights_skip_tracking":false,"_monsterinsights_sitenote_active":false,"_monsterinsights_sitenote_note":"","_monsterinsights_sitenote_category":0,"footnotes":""},"categories":[27],"tags":[],"class_list":["post-111691","post","type-post","status-publish","format-standard","hentry","category-prnewswire"],"acf":[],"_links":{"self":[{"href":"https:\/\/bluestudio.estadao.com.br\/agencia-de-comunicacao\/wp-json\/wp\/v2\/posts\/111691","targetHints":{"allow":["GET"]}}],"collection":[{"href":"https:\/\/bluestudio.estadao.com.br\/agencia-de-comunicacao\/wp-json\/wp\/v2\/posts"}],"about":[{"href":"https:\/\/bluestudio.estadao.com.br\/agencia-de-comunicacao\/wp-json\/wp\/v2\/types\/post"}],"author":[{"embeddable":true,"href":"https:\/\/bluestudio.estadao.com.br\/agencia-de-comunicacao\/wp-json\/wp\/v2\/users\/1"}],"replies":[{"embeddable":true,"href":"https:\/\/bluestudio.estadao.com.br\/agencia-de-comunicacao\/wp-json\/wp\/v2\/comments?post=111691"}],"version-history":[{"count":0,"href":"https:\/\/bluestudio.estadao.com.br\/agencia-de-comunicacao\/wp-json\/wp\/v2\/posts\/111691\/revisions"}],"wp:attachment":[{"href":"https:\/\/bluestudio.estadao.com.br\/agencia-de-comunicacao\/wp-json\/wp\/v2\/media?parent=111691"}],"wp:term":[{"taxonomy":"category","embeddable":true,"href":"https:\/\/bluestudio.estadao.com.br\/agencia-de-comunicacao\/wp-json\/wp\/v2\/categories?post=111691"},{"taxonomy":"post_tag","embeddable":true,"href":"https:\/\/bluestudio.estadao.com.br\/agencia-de-comunicacao\/wp-json\/wp\/v2\/tags?post=111691"}],"curies":[{"name":"wp","href":"https:\/\/api.w.org\/{rel}","templated":true}]}}