{"id":111676,"date":"2025-05-26T09:57:00","date_gmt":"2025-05-26T12:57:00","guid":{"rendered":"https:\/\/bluestudio.estadao.com.br\/agencia-de-comunicacao\/prnewswire\/a-c-camargo-cancer-center-obtem-reconhecimento-de-excelencia-do-ministerio-da-saude-e-agora-faz-parte-do-proadi\/"},"modified":"2025-05-26T09:57:00","modified_gmt":"2025-05-26T12:57:00","slug":"a-c-camargo-cancer-center-obtem-reconhecimento-de-excelencia-do-ministerio-da-saude-e-agora-faz-parte-do-proadi","status":"publish","type":"post","link":"https:\/\/bluestudio.estadao.com.br\/agencia-de-comunicacao\/prnewswire\/a-c-camargo-cancer-center-obtem-reconhecimento-de-excelencia-do-ministerio-da-saude-e-agora-faz-parte-do-proadi\/","title":{"rendered":"A.C.Camargo Cancer Center obt\u00e9m Reconhecimento de Excel\u00eancia do Minist\u00e9rio da Sa\u00fade e agora faz parte do PROADI"},"content":{"rendered":"<div class=\"xn-content\">\n<p class=\"prntac\"><i>Institui\u00e7\u00e3o integra o Programa de Apoio ao Desenvolvimento Institucional do SUS, contribuindo para o desenvolvimento e o fortalecimento do sistema oncol\u00f3gico brasileiro<\/i><\/p>\n<p><span class=\"legendSpanClass\">S\u00c3O PAULO<\/span>, <span class=\"legendSpanClass\">26 de maio de 2025<\/span> \/PRNewswire\/ &#8212; O A.C.Camargo Cancer Center acaba de ser certificado como Institui\u00e7\u00e3o de Reconhecida Excel\u00eancia pelo Minist\u00e9rio da Sa\u00fade e, com isso, passa a integrar o Programa de Apoio ao Desenvolvimento Institucional do Sistema \u00danico de Sa\u00fade (PROADI-SUS). Dr. <span class=\"xn-person\">Victor Piana<\/span>, CEO do A.C.Camargo, enfatiza que a entrada no PROADI amplifica as a\u00e7\u00f5es do pilar de impacto social que acompanham a institui\u00e7\u00e3o desde sua funda\u00e7\u00e3o, h\u00e1 mais de 70 anos. &#8220;Fazer parte do PROADI possibilita ao A.C.Camargo romper as fronteiras do Brasil, aumentando o acesso das pessoas a tratamentos eficazes, inovadores e humanizados.&#8221;<\/p>\n<div class=\"PRN_ImbeddedAssetReference\" id=\"DivAssetPlaceHolder1\">\n<a href=\"https:\/\/mma.prnewswire.com\/media\/2695465\/X1A1472.html\" target=\"_blank\" rel=\"nofollow\">  <img decoding=\"async\" src=\"https:\/\/mma.prnewswire.com\/media\/2695465\/X1A1472.jpg\" title=\"\" alt=\"\" \/><\/a>\n <\/p>\n<\/p><\/div>\n<p>Segundo Dr. Victor, o A.C.Camargo desempenha um papel fundamental na oncologia brasileira e agora poder\u00e1 compartilhar seu conhecimento em termos de processos, forma\u00e7\u00e3o de profissionais e desenvolvimento de pesquisas. &#8220;Seremos parceiros na implementa\u00e7\u00e3o de pol\u00edticas p\u00fablicas, incluindo a Pol\u00edtica Nacional de Preven\u00e7\u00e3o e Controle do C\u00e2ncer, a Pol\u00edtica de Cuidados Paliativos e de Gest\u00e3o Especializada&#8221;, afirma.<\/p>\n<p>Para <span class=\"xn-person\">Ana Paula Pinho<\/span>, Diretora de Impacto Social do A.C.Camargo Cancer Center, a entrada no PROADI \u00e9 uma oportunidade de unir for\u00e7as com outras institui\u00e7\u00f5es de sa\u00fade e com o poder p\u00fablico para desenvolver iniciativas que fortalecem o sistema de tratamento oncol\u00f3gico em todo o Brasil. &#8220;Compartilhando sua expertise em ensino e pesquisa, o A.C.Camargo quer contribuir para promover uma jornada oncol\u00f3gica mais inclusiva e resolutiva, otimizando recursos&#8221;, diz a diretora.<\/p>\n<p><b>SOBRE O A.C.CAMARGO CANCER CENTER<\/b><\/p>\n<p>Reconhecido internacionalmente, o A.C.Camargo \u00e9 o Cancer Center do Brasil. Recebeu este t\u00edtulo por oferecer um tratamento integrado em oncologia, do diagn\u00f3stico \u00e0 remiss\u00e3o. Possui uma \u00e1rea de Ensino e Pesquisa dedicada ao c\u00e2ncer, e Corpo Cl\u00ednico fechado e hiperespecializado. Ao todo, s\u00e3o mais de cinco mil profissionais engajados e especializados no cuidado com pacientes oncol\u00f3gicos. As taxas de sobrevida do A.C.Camargo s\u00e3o iguais \u00e0s dos melhores Cancer Centers do mundo, destacando-se por descobertas e testes de novos tratamentos. Dividido em 13 Centros de Refer\u00eancia, cada um focado em um tipo de tumor, o A.C.Camargo tem experi\u00eancia com mais de 800 tipos diferentes de c\u00e2nceres, al\u00e9m de ter uma c\u00e9lula para atendimento de tumores raros.\u00a0 A institui\u00e7\u00e3o \u00e9 sem fins lucrativos e completou, em 2025, 72 anos de exist\u00eancia. Para mais informa\u00e7\u00f5es: <a href=\"https:\/\/www.accamargo.org.br\/\" target=\"_blank\" rel=\"nofollow\">www.accamargo.org.br<\/a>\u00a0<\/p>\n<p>Foto &#8211; <a href=\"https:\/\/mma.prnewswire.com\/media\/2695465\/X1A1472.jpg\" target=\"_blank\" rel=\"nofollow\">https:\/\/mma.prnewswire.com\/media\/2695465\/X1A1472.jpg<\/a>\u00a0<\/p>\n<p id=\"PURL\"><img loading=\"lazy\" decoding=\"async\" title=\"Cision\" width=\"12\" height=\"12\" alt=\"Cision\" src=\"https:\/\/c212.net\/c\/img\/favicon.png?sn=PT95552&amp;sd=2025-05-26\" \/> View original content to download multimedia:<a id=\"PRNURL\" rel=\"nofollow\" href=\"https:\/\/www.prnewswire.com\/br\/comunicados-para-a-imprensa\/accamargo-cancer-center-obtem-reconhecimento-de-excelencia-do-ministerio-da-saude-e-agora-faz-parte-do-proadi-302465204.html\" target=\"_blank\">https:\/\/www.prnewswire.com\/br\/comunicados-para-a-imprensa\/accamargo-cancer-center-obtem-reconhecimento-de-excelencia-do-ministerio-da-saude-e-agora-faz-parte-do-proadi-302465204.html<\/a><\/p>\n<p>FONTE  A.C.Camargo Cancer Center<\/p>\n<\/div>\n<p><img decoding=\"async\" alt=\"\" src=\"https:\/\/rt.prnewswire.com\/rt.gif?NewsItemId=PT95552&amp;Transmission_Id=202505260843PR_NEWS_LATAM____PT95552&amp;DateId=20250526\" style=\"border:0px;width:1px;height:1px\" \/><\/p>\n<p><strong>T\u00f3picos Relacionados:<\/strong> Sa\u00fade\/Hospitais<\/p>\n<p>A <b>OESP<\/b> n\u00e3o \u00e9(s\u00e3o) respons\u00e1vel(is) por erros, incorre\u00e7\u00f5es, atrasos ou quaisquer decis\u00f5es tomadas por seus clientes com base nos Conte\u00fados ora disponibilizados, bem como tais Conte\u00fados n\u00e3o representam a opini\u00e3o da <b>OESP<\/b> e s\u00e3o de inteira responsabilidade da <b>PR Newswire Ltda<\/b><\/p>\n","protected":false},"excerpt":{"rendered":"Institui\u00e7\u00e3o integra o Programa de Apoio ao Desenvolvimento Institucional do SUS, contribuindo para o desenvolvimento e o fortalecimento do sistema oncol\u00f3gico brasileiro S\u00c3O PAULO, 26 de maio de","protected":false},"author":1,"featured_media":0,"comment_status":"open","ping_status":"closed","sticky":false,"template":"","format":"standard","meta":{"_acf_changed":false,"inline_featured_image":false,"_monsterinsights_skip_tracking":false,"_monsterinsights_sitenote_active":false,"_monsterinsights_sitenote_note":"","_monsterinsights_sitenote_category":0,"footnotes":""},"categories":[27],"tags":[],"class_list":["post-111676","post","type-post","status-publish","format-standard","hentry","category-prnewswire"],"acf":[],"_links":{"self":[{"href":"https:\/\/bluestudio.estadao.com.br\/agencia-de-comunicacao\/wp-json\/wp\/v2\/posts\/111676","targetHints":{"allow":["GET"]}}],"collection":[{"href":"https:\/\/bluestudio.estadao.com.br\/agencia-de-comunicacao\/wp-json\/wp\/v2\/posts"}],"about":[{"href":"https:\/\/bluestudio.estadao.com.br\/agencia-de-comunicacao\/wp-json\/wp\/v2\/types\/post"}],"author":[{"embeddable":true,"href":"https:\/\/bluestudio.estadao.com.br\/agencia-de-comunicacao\/wp-json\/wp\/v2\/users\/1"}],"replies":[{"embeddable":true,"href":"https:\/\/bluestudio.estadao.com.br\/agencia-de-comunicacao\/wp-json\/wp\/v2\/comments?post=111676"}],"version-history":[{"count":0,"href":"https:\/\/bluestudio.estadao.com.br\/agencia-de-comunicacao\/wp-json\/wp\/v2\/posts\/111676\/revisions"}],"wp:attachment":[{"href":"https:\/\/bluestudio.estadao.com.br\/agencia-de-comunicacao\/wp-json\/wp\/v2\/media?parent=111676"}],"wp:term":[{"taxonomy":"category","embeddable":true,"href":"https:\/\/bluestudio.estadao.com.br\/agencia-de-comunicacao\/wp-json\/wp\/v2\/categories?post=111676"},{"taxonomy":"post_tag","embeddable":true,"href":"https:\/\/bluestudio.estadao.com.br\/agencia-de-comunicacao\/wp-json\/wp\/v2\/tags?post=111676"}],"curies":[{"name":"wp","href":"https:\/\/api.w.org\/{rel}","templated":true}]}}