{"id":111640,"date":"2025-05-23T10:42:00","date_gmt":"2025-05-23T13:42:00","guid":{"rendered":"https:\/\/bluestudio.estadao.com.br\/agencia-de-comunicacao\/prnewswire\/festa-junina-do-colegio-pentagono-celebra-a-diversidade-e-fortalece-a-identidade-da-cultura-brasileira\/"},"modified":"2025-05-23T10:42:00","modified_gmt":"2025-05-23T13:42:00","slug":"festa-junina-do-colegio-pentagono-celebra-a-diversidade-e-fortalece-a-identidade-da-cultura-brasileira","status":"publish","type":"post","link":"https:\/\/bluestudio.estadao.com.br\/agencia-de-comunicacao\/prnewswire\/festa-junina-do-colegio-pentagono-celebra-a-diversidade-e-fortalece-a-identidade-da-cultura-brasileira\/","title":{"rendered":"Festa junina do Col\u00e9gio Pent\u00e1gono celebra a diversidade e fortalece a identidade da cultura brasileira"},"content":{"rendered":"<div class=\"xn-content\">\n<p class=\"prntac\"><i>Com comidas t\u00edpicas e muita m\u00fasica, a 36\u00aa edi\u00e7\u00e3o da Festa P\u00e9 de Moleque ser\u00e1 realizada nos dias 31 de maio, 07 e 14 de junho, um dia para cada unidade do Col\u00e9gio<\/i><\/p>\n<p><span class=\"legendSpanClass\">S\u00c3O PAULO<\/span>, <span class=\"legendSpanClass\">23 de maio de 2025<\/span> \/PRNewswire\/ &#8212; Para alegrar o cora\u00e7\u00e3o dos amantes de quadrilha e guloseimas de festa junina, a 36\u00aa Festa P\u00e9 de Moleque do <a href=\"https:\/\/www.colegiopentagono.com\/\" target=\"_blank\" rel=\"nofollow\"><b>Col\u00e9gio Pent\u00e1gono<\/b><\/a> j\u00e1 tem data para acontecer em cada uma das unidades da escola: em Perdizes no dia 31 de maio, Alphaville no dia 7 de junho e no Morumbi dia 14 de junho. Voltada para a comunidade escolar do Col\u00e9gio, a festa tamb\u00e9m tem um prop\u00f3sito solid\u00e1rio que ajuda institui\u00e7\u00f5es parceiras.<\/p>\n<div class=\"PRN_ImbeddedAssetReference\" id=\"DivAssetPlaceHolder1\">\n<a href=\"https:\/\/mma.prnewswire.com\/media\/2694699\/pentagono_festa_junina_alphaville___332.html\" target=\"_blank\" rel=\"nofollow\">  <img decoding=\"async\" src=\"https:\/\/mma.prnewswire.com\/media\/2694699\/pentagono_festa_junina_alphaville___332.jpg\" title=\"\" alt=\"\" \/><\/a>\n <\/p>\n<\/p><\/div>\n<p>Incorporado ao contexto pedag\u00f3gico do Col\u00e9gio, os alunos da Educa\u00e7\u00e3o Infantil ao Ensino M\u00e9dio estudam, em diversos contextos art\u00edsticos, mais de 12 manifesta\u00e7\u00f5es da cultura popular brasileira. Por meio da aprendizagem por projetos, investigam anualmente a hist\u00f3ria e as caracter\u00edsticas art\u00edsticas da dan\u00e7a, da m\u00fasica, das artes visuais e c\u00eanicas de diversas tradi\u00e7\u00f5es do pa\u00eds.<\/p>\n<p>No dia da Festa Junina, as fam\u00edlias poder\u00e3o acompanhar as apresenta\u00e7\u00f5es multidisciplinares fruto do trabalho interdisciplinar realizado com os estudantes.<\/p>\n<p>&#8220;A festa do Pent\u00e1gono representa um encontro entre educa\u00e7\u00e3o e cultura, promovendo uma imers\u00e3o nas tradi\u00e7\u00f5es populares do Brasil. Trata-se de uma celebra\u00e7\u00e3o que resulta de experi\u00eancias de aprendizagem que unem pesquisa, express\u00e3o art\u00edstica e pertencimento cultural. Ao valorizar a diversidade cultural e o di\u00e1logo entre as diferentes regi\u00f5es do pa\u00eds, desejamos despertar nos alunos o senso de nacionalidade e origem e a import\u00e2ncia da preserva\u00e7\u00e3o do nosso patrim\u00f4nio imaterial para as futuras gera\u00e7\u00f5es &#8220;, diz Andr\u00e9 Lindenberg, Assessor de Artes do Col\u00e9gio Pent\u00e1gono.<\/p>\n<p>Na Educa\u00e7\u00e3o Infantil, o foco deste ano s\u00e3o as manifesta\u00e7\u00f5es culturais do Vale do Jequitinhonha com cer\u00e2mica e modas de viola, com mosaicos de tradi\u00e7\u00e3o popular, cantigas de roda e\u00a0cirandas de Lia de Itamarac\u00e1.<\/p>\n<p>Nos Anos Iniciais, os alunos se envolveram com o repert\u00f3rio musical dos Cacuri\u00e1s, na cria\u00e7\u00e3o de mamulengos tradicionais, de estandartes da Congada Mineira, vestimentas inspiradas no artista Bispo do Ros\u00e1rio, com releituras sendo executadas ao vivo com os alunos em um cortejo de Maracatu. Trabalhamos tamb\u00e9m com as composi\u00e7\u00f5es de Cord\u00e9is e emboladas e as dan\u00e7as perform\u00e1ticas do Bai\u00e3o e do Coco de Roda.<\/p>\n<p>Nos Anos Finais, o trabalho foi direcionado a representa\u00e7\u00f5es que remetem a tramas e fios como a tradi\u00e7\u00e3o sulista de tran\u00e7ar as fitas. Nessa mesma linha, trabalhamos sobre express\u00f5es culturais do Vale do Ribeira, desde m\u00e1scaras aos passos do fandango, incluindo as representa\u00e7\u00f5es c\u00eanicas dos atos do Bumba meu Boi e do Jongo Paulista.<\/p>\n<p>E, para encerrar a festa, os alunos do Ensino M\u00e9dio dan\u00e7ar\u00e3o a tradicional quadrilha, seguida pela dan\u00e7a dos ex-alunos, pais e colaboradores do Col\u00e9gio.<\/p>\n<p><b>COMIDAS T\u00cdPICAS E BRINCADEIRAS <br \/><\/b>Sempre requisitados e apreciados por todos os participantes da Festa P\u00e9 de Moleque do Pent\u00e1gono, o famoso sandu\u00edche de pernil n\u00e3o faltar\u00e1. Para acompanh\u00e1-lo, outras barracas servir\u00e3o pastel e sandu\u00edches de carne louca, al\u00e9m dos bolos e doces t\u00edpicos. J\u00e1 as turmas da 3\u00aa s\u00e9rie, mantendo uma tradi\u00e7\u00e3o do Pent\u00e1gono, ter\u00e3o barracas dedicadas a arrecadar recursos para as atividades de formatura organizadas por eles. Este ano ter\u00e3o a barraca de cachorro-quente em Alphaville e Perdizes e, na unidade do Morumbi, os alunos ficar\u00e3o respons\u00e1veis pela barraca de doces.<\/p>\n<p>Para aproveitar ao m\u00e1ximo todas as atra\u00e7\u00f5es, a &#8220;Pulseira da Alegria&#8221; libera brincadeiras &#8220;infinitas&#8221; para as crian\u00e7as. A iniciativa tem como objetivo o consumo consciente, promovendo o &#8220;brincar pelo brincar&#8221; e n\u00e3o pensando no ac\u00famulo de prendas.<\/p>\n<p>Para os nossos Penta Alumni, os ingressos individuais podem ser adquiridos com 50% de desconto, mediante compra antecipada at\u00e9 a quinta-feira que antecede a festa na unidade. Todos os ex-alunos est\u00e3o convidados a participar da quadrilha final, junto com colegas de sua gera\u00e7\u00e3o.<\/p>\n<p><b>UMA FESTA SOLID\u00c1RIA <br \/><\/b>Um dos princ\u00edpios da Festa P\u00e9 de Moleque \u00e9 o esp\u00edrito de solidariedade. Envolvendo toda a comunidade escolar, o valor arrecadado na barraca de doces ser\u00e1 revertido para apoiar projetos sociais. Outra forma de ajudar \u00e9 fazendo doa\u00e7\u00f5es diretas pelo formul\u00e1rio disponibilizado no site de cada festa (endere\u00e7o no servi\u00e7o).<\/p>\n<p>Tamb\u00e9m \u00e9 poss\u00edvel ajudar participando da Campanha do Agasalho. Todas as unidades ter\u00e3o caixas em que as fam\u00edlias poder\u00e3o doar casacos, cobertores e outros itens para o inverno, que ser\u00e3o destinados a ONGs parceiras.<\/p>\n<p>Com foco em iniciativas ESG, as turmas do 2\u00ba e 4\u00ba ano tamb\u00e9m estar\u00e3o com a\u00e7\u00f5es sociais durante a festa Junina do Pent\u00e1gono &#8211; como arrecada\u00e7\u00e3o de tampinhas lacres e lixo eletr\u00f4nico. Parte do Projeto Integrador \u00e9 incentivar os estudantes a se engajarem em causas relevantes na atualidade. Abaixo a lista de itens que ser\u00e3o coletados.<\/p>\n<p><b><u>Servi\u00e7o: <br \/><\/u><\/b><b>36\u00aa Festa P\u00e9 de Moleque ? Unidade Perdizes <br \/><\/b>Dia: 31 de maio <br \/>Hor\u00e1rio: das 09h00 \u00e0s 20h30 <br \/>Acesse o site para mais informa\u00e7\u00f5es: <a href=\"https:\/\/www.colegiopentagono.com\/eventos\/festa-junina-2025-unidade-perdizes\/\" target=\"_blank\" rel=\"nofollow\">https:\/\/www.colegiopentagono.com\/eventos\/festa-junina-2025-unidade-perdizes\/<\/a><\/p>\n<p><b>36\u00aa Festa P\u00e9 de Moleque ? Unidade\u00a0Alphaville <br \/><\/b>Dia: 7 de junho <br \/>Hor\u00e1rio: das 10h \u00e0s 18h30 <br \/>Acesse o site para mais informa\u00e7\u00f5es: \u00a0<a href=\"https:\/\/www.colegiopentagono.com\/eventos\/festa-junina-2025-unidade-alphaville\/\" target=\"_blank\" rel=\"nofollow\">https:\/\/www.colegiopentagono.com\/eventos\/festa-junina-2025-unidade-alphaville\/<\/a><\/p>\n<p><b>36\u00aa Festa P\u00e9 de Moleque ? Unidade Morumbi <br \/><\/b>Dia: 14 de junho <br \/>Hor\u00e1rio: das 10h \u00e0s 19h <br \/>Acesse o site para mais informa\u00e7\u00f5es: <a href=\"https:\/\/www.colegiopentagono.com\/eventos\/festa-junina-2025-unidade-morumbi\/\" target=\"_blank\" rel=\"nofollow\">https:\/\/www.colegiopentagono.com\/eventos\/festa-junina-2025-unidade-morumbi\/<\/a><\/p>\n<p><b>Sobre o Col\u00e9gio Pent\u00e1gono<\/b> \u00a0<br \/>O <a href=\"https:\/\/www.colegiopentagono.com\/\" target=\"_blank\" rel=\"nofollow\"><b>Col\u00e9gio Pent\u00e1gono<\/b><\/a>\u00a0\u00e9 refer\u00eancia no ensino integral de crian\u00e7as e jovens da cidade de S\u00e3o Paulo. Ocupando um lugar de destaque entre as escolas que mais aprovam nos processos seletivos de universidades nacionais e internacionais, foi fundado em 1971 por <span class=\"xn-person\">Nancy Izzo<\/span> e tem tr\u00eas unidades:\u00a0 Alphaville, Morumbi e Perdizes que preparam estudantes, de 3 a 18 anos para um mundo globalizado, complexo e desafiador. Comprometido com a excel\u00eancia acad\u00eamica e a forma\u00e7\u00e3o humana dos estudantes, a escola investe na forma\u00e7\u00e3o dos professores e na atualiza\u00e7\u00e3o constante de suas pr\u00e1ticas pedag\u00f3gicas. Com importantes diferenciais, o Pent\u00e1gono \u00e9 refer\u00eancia no ensino do ingl\u00eas como l\u00edngua adicional, com os programas exclusivos\u00a0 Learn&amp;Play, na Educa\u00e7\u00e3o Infantil e Anos Iniciais, e Bridges, nos Anos Finais e Ensino M\u00e9dio. Tamb\u00e9m prepara para certifica\u00e7\u00f5es espec\u00edficas e orienta os alunos que querem seguir seus estudos em outros pa\u00edses.<\/p>\n<p>Foto &#8211; <a href=\"https:\/\/mma.prnewswire.com\/media\/2694699\/pentagono_festa_junina_alphaville___332.jpg\" target=\"_blank\" rel=\"nofollow\">https:\/\/mma.prnewswire.com\/media\/2694699\/pentagono_festa_junina_alphaville___332.jpg<\/a>\u00a0<\/p>\n<p id=\"PURL\"><img loading=\"lazy\" decoding=\"async\" title=\"Cision\" width=\"12\" height=\"12\" alt=\"Cision\" src=\"https:\/\/c212.net\/c\/img\/favicon.png?sn=PT94894&amp;sd=2025-05-23\" \/> View original content to download multimedia:<a id=\"PRNURL\" rel=\"nofollow\" href=\"https:\/\/www.prnewswire.com\/br\/comunicados-para-a-imprensa\/festa-junina-do-colegio-pentagono-celebra-a-diversidade-e-fortalece-a-identidade-da-cultura-brasileira-302463805.html\" target=\"_blank\">https:\/\/www.prnewswire.com\/br\/comunicados-para-a-imprensa\/festa-junina-do-colegio-pentagono-celebra-a-diversidade-e-fortalece-a-identidade-da-cultura-brasileira-302463805.html<\/a><\/p>\n<p>FONTE  Col\u00e9gio Pent\u00e1gono<\/p>\n<\/div>\n<p><img decoding=\"async\" alt=\"\" src=\"https:\/\/rt.prnewswire.com\/rt.gif?NewsItemId=PT94894&amp;Transmission_Id=202505230930PR_NEWS_LATAM____PT94894&amp;DateId=20250523\" style=\"border:0px;width:1px;height:1px\" \/><\/p>\n<p><strong>T\u00f3picos Relacionados:<\/strong> Educa\u00e7\u00e3o, Eventos Futuros<\/p>\n<p>A <b>OESP<\/b> n\u00e3o \u00e9(s\u00e3o) respons\u00e1vel(is) por erros, incorre\u00e7\u00f5es, atrasos ou quaisquer decis\u00f5es tomadas por seus clientes com base nos Conte\u00fados ora disponibilizados, bem como tais Conte\u00fados n\u00e3o representam a opini\u00e3o da <b>OESP<\/b> e s\u00e3o de inteira responsabilidade da <b>PR Newswire Ltda<\/b><\/p>\n","protected":false},"excerpt":{"rendered":"Com comidas t\u00edpicas e muita m\u00fasica, a 36\u00aa edi\u00e7\u00e3o da Festa P\u00e9 de Moleque ser\u00e1 realizada nos dias 31 de maio, 07 e 14 de junho, um dia para cada unidade do Col\u00e9gio S\u00c3O PAULO, 23 de maio de 2025","protected":false},"author":1,"featured_media":0,"comment_status":"open","ping_status":"closed","sticky":false,"template":"","format":"standard","meta":{"_acf_changed":false,"inline_featured_image":false,"_monsterinsights_skip_tracking":false,"_monsterinsights_sitenote_active":false,"_monsterinsights_sitenote_note":"","_monsterinsights_sitenote_category":0,"footnotes":""},"categories":[27],"tags":[],"class_list":["post-111640","post","type-post","status-publish","format-standard","hentry","category-prnewswire"],"acf":[],"_links":{"self":[{"href":"https:\/\/bluestudio.estadao.com.br\/agencia-de-comunicacao\/wp-json\/wp\/v2\/posts\/111640","targetHints":{"allow":["GET"]}}],"collection":[{"href":"https:\/\/bluestudio.estadao.com.br\/agencia-de-comunicacao\/wp-json\/wp\/v2\/posts"}],"about":[{"href":"https:\/\/bluestudio.estadao.com.br\/agencia-de-comunicacao\/wp-json\/wp\/v2\/types\/post"}],"author":[{"embeddable":true,"href":"https:\/\/bluestudio.estadao.com.br\/agencia-de-comunicacao\/wp-json\/wp\/v2\/users\/1"}],"replies":[{"embeddable":true,"href":"https:\/\/bluestudio.estadao.com.br\/agencia-de-comunicacao\/wp-json\/wp\/v2\/comments?post=111640"}],"version-history":[{"count":0,"href":"https:\/\/bluestudio.estadao.com.br\/agencia-de-comunicacao\/wp-json\/wp\/v2\/posts\/111640\/revisions"}],"wp:attachment":[{"href":"https:\/\/bluestudio.estadao.com.br\/agencia-de-comunicacao\/wp-json\/wp\/v2\/media?parent=111640"}],"wp:term":[{"taxonomy":"category","embeddable":true,"href":"https:\/\/bluestudio.estadao.com.br\/agencia-de-comunicacao\/wp-json\/wp\/v2\/categories?post=111640"},{"taxonomy":"post_tag","embeddable":true,"href":"https:\/\/bluestudio.estadao.com.br\/agencia-de-comunicacao\/wp-json\/wp\/v2\/tags?post=111640"}],"curies":[{"name":"wp","href":"https:\/\/api.w.org\/{rel}","templated":true}]}}