{"id":111558,"date":"2025-05-21T12:12:00","date_gmt":"2025-05-21T15:12:00","guid":{"rendered":"https:\/\/bluestudio.estadao.com.br\/agencia-de-comunicacao\/prnewswire\/art-basel-qatar-sports-investments-qsi-e-qc-anunciam-parceria-para-o-lancamento-da-art-basel-qatar-em-doha\/"},"modified":"2025-05-21T12:12:00","modified_gmt":"2025-05-21T15:12:00","slug":"art-basel-qatar-sports-investments-qsi-e-qc-anunciam-parceria-para-o-lancamento-da-art-basel-qatar-em-doha","status":"publish","type":"post","link":"https:\/\/bluestudio.estadao.com.br\/agencia-de-comunicacao\/prnewswire\/art-basel-qatar-sports-investments-qsi-e-qc-anunciam-parceria-para-o-lancamento-da-art-basel-qatar-em-doha\/","title":{"rendered":"Art Basel, Qatar Sports Investments (QSI) e QC+ anunciam parceria para o lan\u00e7amento da Art Basel Qatar em Doha"},"content":{"rendered":"<div class=\"xn-content\">\n<b> A posi\u00e7\u00e3o do Catar como um centro global de artes \u00e9 fortalecida com a iniciativa conjunta para estrear em 2026 <\/b><\/p>\n<p id=\"temp_ReleaseStart\"><span class=\"legendSpanClass\"><span class=\"xn-location\">DOHA<\/span>, Catar<\/span>,\/PRNewswire\/ &#8212; A <span class=\"xn-person\">Art Basel<\/span>, juntamente com sua controladora MCH Group e as principais organiza\u00e7\u00f5es do Catar, a Qatar Sports Investments (QSI), grande investidora em esportes, cultura, entretenimento e estilo de vida, e a QC+, um coletivo estrat\u00e9gico e criativo especializado em com\u00e9rcio cultural, anunciaram hoje uma alian\u00e7a exclusiva que incluir\u00e1 o lan\u00e7amento de uma nova feira de arte moderna e contempor\u00e2nea no Catar. A Art Basel Qatar, que estreia em Doha em fevereiro de 2026, mergulhar\u00e1 na vibrante paisagem cultural do Catar e no din\u00e2mico ecossistema de arte da regi\u00e3o MENA, oferecendo uma plataforma inigual\u00e1vel para disseminar as principais galerias e talentos art\u00edsticos do Oriente M\u00e9dio, Norte da \u00c1frica, Sul da \u00c1sia e outras regi\u00f5es. A edi\u00e7\u00e3o inaugural da Art Basel Qatar ser\u00e1 realizada no centro criativo M7 e no <span class=\"xn-location\">DOHA<\/span> Design District, no centro de Msheireb, perto de edif\u00edcios de renome internacional, como o Museu Nacional do <span class=\"xn-location\">Qatar<\/span>.<\/p>\n<div id=\"prni_dvprnejpgfbcdleft\" dir=\"ltr\" style=\"width: 100%;text-align: left\"><img decoding=\"async\" id=\"prnejpgfbcdleft\" title=\"Art Basel, MCH Group, Qatar Sports Investments (QSI) y QC+\" src=\"https:\/\/mma.prnewswire.com\/media\/2691781\/Logo_lockup_Logo.jpg\" alt=\"Art Basel, MCH Group, Qatar Sports Investments (QSI) y QC+\" align=\"middle\" \/><\/div>\n<p>Esta alian\u00e7a complementa a vis\u00e3o cultural \u00fanica do Catar e amplifica o poder unificador da <span class=\"xn-person\">Art Basel<\/span> para criar novas oportunidades na produ\u00e7\u00e3o, dissemina\u00e7\u00e3o e descoberta de arte, que n\u00e3o apenas engloba a opera\u00e7\u00e3o de uma feira de arte, mas tamb\u00e9m pontos de encontro durante todo o ano no Catar e na plataforma global da <span class=\"xn-person\">Art Basel<\/span>. A Art Basel Qatar oferecer\u00e1 uma porta de entrada para a cultura criativa do Oriente M\u00e9dio para os participantes e o p\u00fablico da <span class=\"xn-person\">Art Basel<\/span> e expandir\u00e1 o c\u00edrculo de colecionadores, galeristas, artistas e l\u00edderes culturais da regi\u00e3o MENA e do resto do mundo. A feira ser\u00e1 lan\u00e7ada como uma vitrine cuidadosamente organizada com um seleto grupo de galerias e artistas l\u00edderes. Ele tamb\u00e9m \u00e9 projetado para responder ao mercado atual e estabelece as bases para o crescimento. Por meio de programas educacionais, estrat\u00e9gias de desenvolvimento de mercado, iniciativas de arte p\u00fablica e muito mais, a Art Basel Qatar se tornar\u00e1 totalmente entrela\u00e7ada no tecido cultural do Catar e continuar\u00e1 a impulsionar uma rede cada vez maior de colecionadores e galerias.<\/p>\n<p>Nomeada por <span class=\"xn-person\">Sua Alteza<\/span> o Emir Sheikh <span class=\"xn-person\">Tamim bin Hamad Al Thani<\/span> para cumprir as ambi\u00e7\u00f5es do <span class=\"xn-location\">Qatar<\/span> em v\u00e1rias \u00e1reas do desenvolvimento social e econ\u00f3mico, Sua Excel\u00eancia <span class=\"xn-person\">Sheikha Al Mayassa<\/span> bint <span class=\"xn-person\">Hamad bin Khalifa Al Thani<\/span>, Presidente dos Museus do <span class=\"xn-location\">Qatar<\/span>, elevou o pa\u00eds a uma posi\u00e7\u00e3o de lideran\u00e7a no interc\u00e2mbio cultural global. O Catar acumulou cole\u00e7\u00f5es de arte de classe mundial, desenvolveu uma lista crescente de museus e exposi\u00e7\u00f5es de renome, fundou festivais de design e fotografia e estabeleceu incubadoras para as ind\u00fastrias de cinema, moda e design. As iniciativas em curso incluem a cria\u00e7\u00e3o do futuro Museu do Moinho de Arte e do Museu Lusail e o estabelecimento de um Pavilh\u00e3o do <span class=\"xn-location\">Qatar<\/span> permanente nos Jardins da Bienal de Veneza.<\/p>\n<p><b> Sua Excel\u00eancia <span class=\"xn-person\">Sheikha Al Mayassa Bint Hamad bin Khalifa Al Thani<\/span>, Presidente da Qatar Museums (QM), disse: <\/b>&#8220;Como parte da Vis\u00e3o Nacional de <span class=\"xn-person\">Sua Alteza<\/span> o Emir para 2030, o Catar tem se transformado em uma economia baseada no conhecimento, com a cultura e as ind\u00fastrias criativas na vanguarda deste processo. Constru\u00edmos um crescente ecossistema cultural e esportivo que aproveita a capacidade de ambos para quebrar barreiras, criar experi\u00eancias compartilhadas, expandir o conhecimento e promover mudan\u00e7as positivas. Abrimos o Museu Nacional do Catar e o Museu Ol\u00edmpico e Esportivo do Catar 3-2-1, e este ano abriremos o Museu Lusail e o Dadu: Museu Infantil do Catar. Tamb\u00e9m formamos v\u00e1rios centros criativos: da Resid\u00eancia Art\u00edstica do Corpo de Bombeiros ao M7 e Liwan Design Studios and Labs. Quando hospedamos o mundo no Aeroporto Internacional de Hamad para a Copa do Mundo da FIFA Qatar? de 2022, o poder de fundir cultura com esportes era claramente evidente. Ao marcarmos o 20\u00ba anivers\u00e1rio dos Museus do <span class=\"xn-location\">Qatar<\/span>, temos o prazer de receber a <span class=\"xn-person\">Art Basel<\/span> como nossa parceira para continuar a impulsionar as iniciativas do <span class=\"xn-location\">Qatar<\/span> em apoio \u00e0s ind\u00fastrias criativas da nossa regi\u00e3o, bem como trazer experi\u00eancias e oportunidades art\u00edsticas novas e excepcionais para o nosso talento. &#8220;<\/p>\n<p><b> Sua Excel\u00eancia Nasser Al-Khela\u00effi, Presidente da Qatar Sports Investments (QSI), disse:<\/b> &#8220;Como um dos principais investidores nas \u00e1reas de esporte, cultura, entretenimento e estilo de vida, a QSI est\u00e1 muito orgulhosa e entusiasmada com o papel que desempenhou em trazer a renomada feira <span class=\"xn-person\">Art Basel<\/span> para o Catar e nossa regi\u00e3o como parte do legado da Copa do Mundo da FIFA de 2022 no Catar. Como esse evento demonstrou de forma inesquec\u00edvel, o esporte e a cultura est\u00e3o intimamente ligados em sua capacidade de unir as pessoas e unir o mundo, um aspecto fundamental da miss\u00e3o da QSI. Temos o prazer de colaborar com a QC+ e dar as boas-vindas \u00e0 <span class=\"xn-person\">Art Basel<\/span> ao Catar por meio dessa parceria, que inspirar\u00e1 a regi\u00e3o e atrair\u00e1 mais investimentos em uma grande organiza\u00e7\u00e3o cultural. &#8220;<\/p>\n<p><b> QC+<\/b>, um membro-chave da alian\u00e7a com a Art Basel Qatar, traz um forte legado de apoio \u00e0s artes e \u00e9 um parceiro natural para levar esta feira de arte internacionalmente reconhecida a Doha. Com sua experi\u00eancia em com\u00e9rcio cultural, curadoria de arte, design de exposi\u00e7\u00f5es e intera\u00e7\u00e3o com o p\u00fablico, a QC+ desempenhou um papel fundamental no desenvolvimento da infraestrutura cultural do Catar. \u00a0\u00a0<\/p>\n<p>A <span class=\"xn-person\">Art Basel<\/span> traz para este projeto os seus 50 anos de experi\u00eancia na organiza\u00e7\u00e3o das principais feiras de arte do mundo na Europa, Am\u00e9rica e \u00c1sia. Cada feira da <span class=\"xn-person\">Art Basel<\/span> \u00e9 projetada de acordo com sua cidade e regi\u00e3o anfitri\u00e3, o que se reflete nas galerias participantes, nos trabalhos enviados e na programa\u00e7\u00e3o complementar produzida em colabora\u00e7\u00e3o com institui\u00e7\u00f5es locais.<\/p>\n<p><b> <span class=\"xn-person\">Andrea Zappia<\/span><\/b> <b>, Presidente e CEO do Grupo MCH, disse:<\/b> &#8220;Estamos muito orgulhosos de colaborar com o QSI e o QC+. Este \u00e9 um projeto inovador baseado no objetivo m\u00fatuo de organiza\u00e7\u00f5es ambiciosas e estamos confiantes de que criaremos algo completamente novo que atrair\u00e1 compradores e entusiastas da arte da regi\u00e3o e de todo o mundo. Gostar\u00edamos de agradecer aos parceiros que, sob a lideran\u00e7a de <span class=\"xn-person\">Sua Alteza<\/span> o Emir, acreditaram firmemente nesta colabora\u00e7\u00e3o desde o primeiro dia e escolheram a <span class=\"xn-person\">Art Basel<\/span> como um participante-chave para apoiar a vis\u00e3o cultural, desportiva e tur\u00edstica do <span class=\"xn-location\">Qatar<\/span>. Estamos comprometidos com o crescimento da <span class=\"xn-person\">Art Basel<\/span> e, ap\u00f3s o lan\u00e7amento da <span class=\"xn-person\">Art Basel Paris<\/span> em 2022, estamos prontos para adicionar uma quinta feira ao nosso portf\u00f3lio exclusivo e bem-sucedido. O Grupo MCH, propriet\u00e1rio da <span class=\"xn-person\">Art Basel<\/span>, est\u00e1 empenhado em contribuir com capacidades e recursos \u00fanicos para esta alian\u00e7a para garantir o seu sucesso a longo prazo. &#8220;<\/p>\n<p><b> <span class=\"xn-person\">Noah Horowitz<\/span>, CEO da <span class=\"xn-person\">Art Basel<\/span>, disse:<\/b> &#8220;O crescimento do mercado global de arte, o apoio a artistas e galerias e o desenvolvimento de novos p\u00fablicos de colecionadores s\u00e3o pilares fundamentais da miss\u00e3o da <span class=\"xn-person\">Art Basel<\/span>. A cena art\u00edstica na regi\u00e3o MENA experimentou um crescimento exponencial nas \u00faltimas d\u00e9cadas, gra\u00e7as ao estabelecimento de institui\u00e7\u00f5es de classe mundial, ao lan\u00e7amento de eventos culturais l\u00edderes e ao fortalecimento de uma comunidade vibrante de artistas, galerias e profissionais. Somos inspirados pela vis\u00e3o \u00fanica de Sua Excel\u00eancia <span class=\"xn-person\">Sheikha Al Mayassa<\/span> bint <span class=\"xn-person\">Hamad bin Khalifa Al Thani<\/span> para o ecossistema art\u00edstico no <span class=\"xn-location\">Qatar<\/span> e partilhamos o compromisso de apoiar os artistas a atingir todo o seu potencial. Tamb\u00e9m estamos entusiasmados com as oportunidades decorrentes de nossa colabora\u00e7\u00e3o com QSI e QC+ para criar novos pontos de encontro para o p\u00fablico mais amplo poss\u00edvel. A profundidade das cole\u00e7\u00f5es do Catar, sua hist\u00f3ria de constru\u00e7\u00e3o de grandes institui\u00e7\u00f5es culturais e seu papel \u00fanico como incubadora e promotora de talentos colocam a nova Art Basel Qatar em uma excelente posi\u00e7\u00e3o para ter sucesso no cen\u00e1rio mundial. &#8220;<\/p>\n<p>Logo &#8211; <a href=\"https:\/\/c212.net\/c\/link\/?t=0&amp;l=pt&amp;o=4431680-1&amp;h=2941183585&amp;u=https%3A%2F%2Fc212.net%2Fc%2Flink%2F%3Ft%3D0%26l%3Des%26o%3D4431680-1%26h%3D2117902849%26u%3Dhttps%253A%252F%252Fmma.prnewswire.com%252Fmedia%252F2691781%252FLogo_lockup_Logo.jpg%26a%3Dhttps%253A%252F%252Fmma.prnewswire.com%252Fmedia%252F2691781%252FLogo_lockup_Logo.jpg&amp;a=+https%3A%2F%2Fmma.prnewswire.com%2Fmedia%2F2691781%2FLogo_lockup_Logo.jpg\" target=\"_blank\" rel=\"nofollow\"> https:\/\/mma.prnewswire.com\/media\/2691781\/Logo_lockup_Logo.jpg<\/a><\/p>\n<p id=\"PURL\"><img loading=\"lazy\" decoding=\"async\" title=\"Cision\" width=\"12\" height=\"12\" alt=\"Cision\" src=\"https:\/\/c212.net\/c\/img\/favicon.png?sn=PT92106&amp;sd=2025-05-21\" \/> View original content:<a id=\"PRNURL\" rel=\"nofollow\" href=\"https:\/\/www.prnewswire.com\/br\/comunicados-para-a-imprensa\/art-basel-qatar-sports-investments-qsi-e-qc-anunciam-parceria-para-o-lancamento-da-art-basel-qatar-em-doha-302462044.html\" target=\"_blank\">https:\/\/www.prnewswire.com\/br\/comunicados-para-a-imprensa\/art-basel-qatar-sports-investments-qsi-e-qc-anunciam-parceria-para-o-lancamento-da-art-basel-qatar-em-doha-302462044.html<\/a><\/p>\n<p>FONTE  Art Basel Qatar<\/p>\n<\/div>\n<p><img decoding=\"async\" alt=\"\" src=\"https:\/\/rt.prnewswire.com\/rt.gif?NewsItemId=PT92106&amp;Transmission_Id=202505211103PR_NEWS_LATAM____PT92106&amp;DateId=20250521\" style=\"border:0px;width:1px;height:1px\" \/><\/p>\n<p><strong>T\u00f3picos Relacionados:<\/strong> Joint Ventures, Arte, Cultura e Design, Esportes, Entretenimento<\/p>\n<p>A <b>OESP<\/b> n\u00e3o \u00e9(s\u00e3o) respons\u00e1vel(is) por erros, incorre\u00e7\u00f5es, atrasos ou quaisquer decis\u00f5es tomadas por seus clientes com base nos Conte\u00fados ora disponibilizados, bem como tais Conte\u00fados n\u00e3o representam a opini\u00e3o da <b>OESP<\/b> e s\u00e3o de inteira responsabilidade da <b>PR Newswire Ltda<\/b><\/p>\n","protected":false},"excerpt":{"rendered":"A posi\u00e7\u00e3o do Catar como um centro global de artes \u00e9 fortalecida com a iniciativa conjunta para estrear em 2026 DOHA, Catar,\/PRNewswire\/ &#8212; A Art Basel, juntamente com sua controladora MCH","protected":false},"author":1,"featured_media":0,"comment_status":"open","ping_status":"closed","sticky":false,"template":"","format":"standard","meta":{"_acf_changed":false,"inline_featured_image":false,"_monsterinsights_skip_tracking":false,"_monsterinsights_sitenote_active":false,"_monsterinsights_sitenote_note":"","_monsterinsights_sitenote_category":0,"footnotes":""},"categories":[27],"tags":[],"class_list":["post-111558","post","type-post","status-publish","format-standard","hentry","category-prnewswire"],"acf":[],"_links":{"self":[{"href":"https:\/\/bluestudio.estadao.com.br\/agencia-de-comunicacao\/wp-json\/wp\/v2\/posts\/111558","targetHints":{"allow":["GET"]}}],"collection":[{"href":"https:\/\/bluestudio.estadao.com.br\/agencia-de-comunicacao\/wp-json\/wp\/v2\/posts"}],"about":[{"href":"https:\/\/bluestudio.estadao.com.br\/agencia-de-comunicacao\/wp-json\/wp\/v2\/types\/post"}],"author":[{"embeddable":true,"href":"https:\/\/bluestudio.estadao.com.br\/agencia-de-comunicacao\/wp-json\/wp\/v2\/users\/1"}],"replies":[{"embeddable":true,"href":"https:\/\/bluestudio.estadao.com.br\/agencia-de-comunicacao\/wp-json\/wp\/v2\/comments?post=111558"}],"version-history":[{"count":0,"href":"https:\/\/bluestudio.estadao.com.br\/agencia-de-comunicacao\/wp-json\/wp\/v2\/posts\/111558\/revisions"}],"wp:attachment":[{"href":"https:\/\/bluestudio.estadao.com.br\/agencia-de-comunicacao\/wp-json\/wp\/v2\/media?parent=111558"}],"wp:term":[{"taxonomy":"category","embeddable":true,"href":"https:\/\/bluestudio.estadao.com.br\/agencia-de-comunicacao\/wp-json\/wp\/v2\/categories?post=111558"},{"taxonomy":"post_tag","embeddable":true,"href":"https:\/\/bluestudio.estadao.com.br\/agencia-de-comunicacao\/wp-json\/wp\/v2\/tags?post=111558"}],"curies":[{"name":"wp","href":"https:\/\/api.w.org\/{rel}","templated":true}]}}