{"id":111508,"date":"2025-05-20T16:42:00","date_gmt":"2025-05-20T19:42:00","guid":{"rendered":"https:\/\/bluestudio.estadao.com.br\/agencia-de-comunicacao\/prnewswire\/fundo-garantidor-de-creditos-realiza-leilao-de-creditos-de-sua-titularidade-do-banco-rural-s-a\/"},"modified":"2025-05-20T16:42:00","modified_gmt":"2025-05-20T19:42:00","slug":"fundo-garantidor-de-creditos-realiza-leilao-de-creditos-de-sua-titularidade-do-banco-rural-s-a","status":"publish","type":"post","link":"https:\/\/bluestudio.estadao.com.br\/agencia-de-comunicacao\/prnewswire\/fundo-garantidor-de-creditos-realiza-leilao-de-creditos-de-sua-titularidade-do-banco-rural-s-a\/","title":{"rendered":"Fundo Garantidor de Cr\u00e9ditos realiza leil\u00e3o de cr\u00e9ditos de sua titularidade do Banco Rural S.A."},"content":{"rendered":"<div class=\"xn-content\">\n<p class=\"prntac\"><i>Opera\u00e7\u00e3o procura antecipar recursos e refor\u00e7ar liquidez com venda de cr\u00e9ditos de dif\u00edcil recupera\u00e7\u00e3o<\/i><\/p>\n<p><span class=\"legendSpanClass\">S\u00c3O PAULO<\/span>, <span class=\"legendSpanClass\">20 de maio de 2025<\/span> \/PRNewswire\/ &#8212; O Fundo Garantidor de Cr\u00e9ditos (FGC) realiza leil\u00e3o p\u00fablico de cr\u00e9ditos de sua titularidade do Banco Rural S.A. &#8211; Em Liquida\u00e7\u00e3o Extrajudicial. O valor global m\u00ednimo para a compra dos Cr\u00e9ditos \u00e9 de <span class=\"xn-money\">R$ 100.000.000,00<\/span> (cem milh\u00f5es de reais). O leil\u00e3o, previsto para ocorrer no dia 3 de junho, \u00e0s 10 horas, ser\u00e1 realizado pela TABA Leil\u00f5es de forma virtual.<\/p>\n<p>Apenas pessoas jur\u00eddicas est\u00e3o habilitadas a oferecer lances. O edital com os detalhes da opera\u00e7\u00e3o foi publicado no site do FGC: <a href=\"http:\/\/www.fgc.org.br\/\" target=\"_blank\" rel=\"nofollow\">www.fgc.org.br<\/a>. Os interessados devem se qualificar e enviar os documentos solicitados at\u00e9 26 de maio. Al\u00e9m da documenta\u00e7\u00e3o \u00e9 necess\u00e1rio fazer um dep\u00f3sito cau\u00e7\u00e3o para o FGC no valor de <span class=\"xn-money\">R$ 5.000.000,00<\/span> (cinco milh\u00f5es de reais).<\/p>\n<p>O Banco Rural teve sua liquida\u00e7\u00e3o extrajudicial decretada em agosto de 2013. Em janeiro de 2021, o Banco Central encerrou o processo de liquida\u00e7\u00e3o do Banco Rural de Investimentos S.A.<\/p>\n<p>A cess\u00e3o de cr\u00e9ditos inadimplentes \u00e9 um instrumento bem difundido no mercado banc\u00e1rio brasileiro, j\u00e1 tendo sido adotada inclusive por institui\u00e7\u00f5es p\u00fablicas federais. O mercado conta com diversas empresas especializadas na compra desses t\u00edtulos e posterior recupera\u00e7\u00e3o do cr\u00e9dito. A venda por meio de leil\u00e3o garante mais transpar\u00eancia ao processo e amplia a capacidade de gera\u00e7\u00e3o de receita, ao permitir que diversos agentes de mercado possam competir pela carteira. Nesta opera\u00e7\u00e3o, o comprador dever\u00e1 efetuar o pagamento \u00e0 vista ao FGC.<\/p>\n<p><b>Sobre o Fundo Garantidor de Cr\u00e9ditos?(FGC)<\/b>?\u00a0<\/p>\n<p>O Fundo Garantidor de Cr\u00e9ditos (FGC) \u00e9 uma entidade privada, sem fins lucrativos e que integra a rede de prote\u00e7\u00e3o do Sistema Financeiro Nacional (SFN). O Fundo atua para proteger depositantes e investidores por meio do pagamento de garantias, em casos de interven\u00e7\u00e3o ou liquida\u00e7\u00e3o de institui\u00e7\u00f5es financeiras associadas, podendo, tamb\u00e9m, realizar?opera\u00e7\u00f5es de assist\u00eancia de liquidez ou estrutural. Criado em 1995, o FGC tem suas reservas e seu custeio financiados pelas contribui\u00e7\u00f5es mensais das associadas, bem como pela rentabilidade proveniente da aplica\u00e7\u00e3o dos seus recursos. Para mais informa\u00e7\u00f5es, acesse?<a href=\"https:\/\/fgc.org.br\/\" target=\"_blank\" rel=\"nofollow\">https:\/\/fgc.org.br<\/a>?ou as redes sociais do FGC no?<a href=\"https:\/\/www.linkedin.com\/company\/fundo-garantidor\/\" target=\"_blank\" rel=\"nofollow\"><b>LinkedIn<\/b><\/a>,<a href=\"https:\/\/www.facebook.com\/fundogarantidordecreditos\" target=\"_blank\" rel=\"nofollow\">?<b>Facebook<\/b><\/a>,?<a href=\"https:\/\/twitter.com\/fgc_br\" target=\"_blank\" rel=\"nofollow\"><b>Twitter<\/b><\/a>?e?<a href=\"https:\/\/www.instagram.com\/fgc_br\/\" target=\"_blank\" rel=\"nofollow\"><b>Instagram<\/b><\/a>.?\u00a0<\/p>\n<p>\u00a0<\/p>\n<p id=\"PURL\"><img loading=\"lazy\" decoding=\"async\" title=\"Cision\" width=\"12\" height=\"12\" alt=\"Cision\" src=\"https:\/\/c212.net\/c\/img\/favicon.png?sn=PT92688&amp;sd=2025-05-20\" \/> View original content:<a id=\"PRNURL\" rel=\"nofollow\" href=\"https:\/\/www.prnewswire.com\/br\/comunicados-para-a-imprensa\/fundo-garantidor-de-creditos-realiza-leilao-de-creditos-de-sua-titularidade-do-banco-rural-sa-302460989.html\" target=\"_blank\">https:\/\/www.prnewswire.com\/br\/comunicados-para-a-imprensa\/fundo-garantidor-de-creditos-realiza-leilao-de-creditos-de-sua-titularidade-do-banco-rural-sa-302460989.html<\/a><\/p>\n<p>FONTE  FGC<\/p>\n<\/div>\n<p><img decoding=\"async\" alt=\"\" src=\"https:\/\/rt.prnewswire.com\/rt.gif?NewsItemId=PT92688&amp;Transmission_Id=202505201530PR_NEWS_LATAM____PT92688&amp;DateId=20250520\" style=\"border:0px;width:1px;height:1px\" \/><\/p>\n<p><strong>T\u00f3picos Relacionados:<\/strong> Reestrutura\u00e7\u00f5es\/Recapitaliza\u00e7\u00f5es, Servi\u00e7os Banc\u00e1rios\/Financeiros<\/p>\n<p>A <b>OESP<\/b> n\u00e3o \u00e9(s\u00e3o) respons\u00e1vel(is) por erros, incorre\u00e7\u00f5es, atrasos ou quaisquer decis\u00f5es tomadas por seus clientes com base nos Conte\u00fados ora disponibilizados, bem como tais Conte\u00fados n\u00e3o representam a opini\u00e3o da <b>OESP<\/b> e s\u00e3o de inteira responsabilidade da <b>PR Newswire Ltda<\/b><\/p>\n","protected":false},"excerpt":{"rendered":"Opera\u00e7\u00e3o procura antecipar recursos e refor\u00e7ar liquidez com venda de cr\u00e9ditos de dif\u00edcil recupera\u00e7\u00e3o S\u00c3O PAULO, 20 de maio de 2025 \/PRNewswire\/ &#8212; O Fundo Garantidor de Cr\u00e9ditos (FGC)","protected":false},"author":1,"featured_media":0,"comment_status":"open","ping_status":"closed","sticky":false,"template":"","format":"standard","meta":{"_acf_changed":false,"inline_featured_image":false,"_monsterinsights_skip_tracking":false,"_monsterinsights_sitenote_active":false,"_monsterinsights_sitenote_note":"","_monsterinsights_sitenote_category":0,"footnotes":""},"categories":[27],"tags":[],"class_list":["post-111508","post","type-post","status-publish","format-standard","hentry","category-prnewswire"],"acf":[],"_links":{"self":[{"href":"https:\/\/bluestudio.estadao.com.br\/agencia-de-comunicacao\/wp-json\/wp\/v2\/posts\/111508","targetHints":{"allow":["GET"]}}],"collection":[{"href":"https:\/\/bluestudio.estadao.com.br\/agencia-de-comunicacao\/wp-json\/wp\/v2\/posts"}],"about":[{"href":"https:\/\/bluestudio.estadao.com.br\/agencia-de-comunicacao\/wp-json\/wp\/v2\/types\/post"}],"author":[{"embeddable":true,"href":"https:\/\/bluestudio.estadao.com.br\/agencia-de-comunicacao\/wp-json\/wp\/v2\/users\/1"}],"replies":[{"embeddable":true,"href":"https:\/\/bluestudio.estadao.com.br\/agencia-de-comunicacao\/wp-json\/wp\/v2\/comments?post=111508"}],"version-history":[{"count":0,"href":"https:\/\/bluestudio.estadao.com.br\/agencia-de-comunicacao\/wp-json\/wp\/v2\/posts\/111508\/revisions"}],"wp:attachment":[{"href":"https:\/\/bluestudio.estadao.com.br\/agencia-de-comunicacao\/wp-json\/wp\/v2\/media?parent=111508"}],"wp:term":[{"taxonomy":"category","embeddable":true,"href":"https:\/\/bluestudio.estadao.com.br\/agencia-de-comunicacao\/wp-json\/wp\/v2\/categories?post=111508"},{"taxonomy":"post_tag","embeddable":true,"href":"https:\/\/bluestudio.estadao.com.br\/agencia-de-comunicacao\/wp-json\/wp\/v2\/tags?post=111508"}],"curies":[{"name":"wp","href":"https:\/\/api.w.org\/{rel}","templated":true}]}}