{"id":111413,"date":"2025-05-16T05:27:00","date_gmt":"2025-05-16T08:27:00","guid":{"rendered":"https:\/\/bluestudio.estadao.com.br\/agencia-de-comunicacao\/prnewswire\/fotona-nomeia-jeff-duchemin-como-presidente-e-ceo-do-grupo\/"},"modified":"2025-05-16T05:27:00","modified_gmt":"2025-05-16T08:27:00","slug":"fotona-nomeia-jeff-duchemin-como-presidente-e-ceo-do-grupo","status":"publish","type":"post","link":"https:\/\/bluestudio.estadao.com.br\/agencia-de-comunicacao\/prnewswire\/fotona-nomeia-jeff-duchemin-como-presidente-e-ceo-do-grupo\/","title":{"rendered":"Fotona\u00ae nomeia Jeff Duchemin como presidente e CEO do Grupo"},"content":{"rendered":"<div class=\"xn-content\">\n<p class=\"prntac\"><i>Duchemin traz experi\u00eancia global de lideran\u00e7a MedTech para acelerar a pr\u00f3xima fase de crescimento da Fotona<\/i><\/p>\n<p><span class=\"legendSpanClass\"><span class=\"xn-location\">DALLAS<\/span><\/span>, <span class=\"legendSpanClass\">16 de maio de 2025<\/span> \/PRNewswire\/ &#8212;\u00a0<a href=\"https:\/\/c212.net\/c\/link\/?t=0&amp;l=pt&amp;o=4426799-1&amp;h=505539921&amp;u=https%3A%2F%2Fc212.net%2Fc%2Flink%2F%3Ft%3D0%26l%3Den%26o%3D4426799-1%26h%3D2382806973%26u%3Dhttps%253A%252F%252Fwww.fotona.com%252Fen%252F%26a%3DFotona&amp;a=Fotona\" target=\"_blank\" rel=\"nofollow\">Fotona<\/a><b><sup>?<\/sup><\/b>, l\u00edder global em sistemas de laser de alto desempenho e dispositivos baseados em energia para aplica\u00e7\u00f5es est\u00e9ticas, odontol\u00f3gicas e ginecol\u00f3gicas, anuncia hoje a nomea\u00e7\u00e3o de <span class=\"xn-person\">Jeff Duchemin<\/span> como presidente e CEO do Grupo.<\/p>\n<p>Duchemin traz d\u00e9cadas de experi\u00eancia em lideran\u00e7a no setor global de tecnologia m\u00e9dica, e j\u00e1 ocupou cargos seniores nos mercados dos EUA e internacional. Mais recentemente, atuou em cargos executivos no ramo de Cirurgia Intervencionista e Solu\u00e7\u00f5es Integradas de Diagn\u00f3stico na <span class=\"xn-person\">Becton Dickinson<\/span>, al\u00e9m de ser ex-presidente e CEO da <span class=\"xn-person\">Harvard Biosciences<\/span>. Sua experi\u00eancia em promover o crescimento da receita?tanto organicamente quanto por meio de aquisi\u00e7\u00f5es estrat\u00e9gicas?desempenhar\u00e1 um papel fundamental no avan\u00e7o da inova\u00e7\u00e3o da Fotona e na expans\u00e3o de sua presen\u00e7a globalmente. Duchemin \u00e9 formado em Administra\u00e7\u00e3o de Empresas pela <span class=\"xn-org\">Southern New Hampshire University<\/span> e \u00e9 bacharel em Contabilidade pela <span class=\"xn-org\">University of Massachusetts Dartmouth<\/span>.<\/p>\n<p>&#8220;Jeff \u00e9 um l\u00edder vision\u00e1rio com um s\u00f3lido hist\u00f3rico de sucesso global nos setores de ci\u00eancias da vida e dispositivos m\u00e9dicos&#8221;, disse <span class=\"xn-person\">Jay Katzen<\/span>, presidente executivo da Fotona. &#8220;Estamos entusiasmados por ele se juntar \u00e0 Fotona, que tem especialistas e solu\u00e7\u00f5es l\u00edderes do setor, para liderar a Fotona em seu pr\u00f3ximo cap\u00edtulo de inova\u00e7\u00e3o e lideran\u00e7a de mercado.&#8221;<\/p>\n<p>&#8220;A inova\u00e7\u00e3o est\u00e1 no centro da Fotona&#8221;, disse Duchemin. &#8220;Sou apaixonado por acelerar o crescimento, aprimorando nossas solu\u00e7\u00f5es atuais e introduzindo tecnologias inovadoras. A Fotona tem uma base s\u00f3lida, um talento excepcional e produtos de primeira linha. \u00c9 uma honra liderar a empresa em um momento t\u00e3o importante de sua jornada.&#8221;<\/p>\n<p>No ano passado, a Fotona orgulhosamente comemorou 60 anos de inova\u00e7\u00e3o em tecnologia a laser. Ao longo de sua hist\u00f3ria, a empresa tem estado na vanguarda dos avan\u00e7os do setor, incluindo a integra\u00e7\u00e3o inovadora de dois comprimentos de onda de laser (Er:YAG e Nd:YAG) em um \u00fanico sistema. Mais recentemente, a Fotona lan\u00e7ou o Dynamis\u00ae Max, sua plataforma est\u00e9tica de \u00faltima gera\u00e7\u00e3o que oferece maior versatilidade, melhor usabilidade e efici\u00eancia de tratamento aperfei\u00e7oada, com suporte para mais de 100 aplica\u00e7\u00f5es de tratamento avan\u00e7ado.<\/p>\n<p>Para mais informa\u00e7\u00f5es, acesse\u00a0<a href=\"https:\/\/c212.net\/c\/link\/?t=0&amp;l=pt&amp;o=4426799-1&amp;h=466848540&amp;u=https%3A%2F%2Fc212.net%2Fc%2Flink%2F%3Ft%3D0%26l%3Den%26o%3D4426799-1%26h%3D1152194765%26u%3Dhttp%253A%252F%252Ffotona.com%252F%26a%3DFotona.com&amp;a=Fotona.com\" target=\"_blank\" rel=\"nofollow\">Fotona.com<\/a>.<\/p>\n<p><b>Sobre a Fotona<\/b><\/p>\n<p>A Fotona \u00e9 uma empresa l\u00edder mundial em laser m\u00e9dico reconhecida por seus\u00a0<a href=\"https:\/\/c212.net\/c\/link\/?t=0&amp;l=pt&amp;o=4426799-1&amp;h=3008806092&amp;u=https%3A%2F%2Fc212.net%2Fc%2Flink%2F%3Ft%3D0%26l%3Den%26o%3D4426799-1%26h%3D3905011427%26u%3Dhttps%253A%252F%252Fcts.businesswire.com%252Fct%252FCT%253Fid%253Dsmartlink%2526url%253Dhttps%25253A%25252F%25252Fwww.fotona.com%25252Fen%25252Fnews%25252F1202%2526esheet%253D53364805%2526newsitemid%253D20230320005596%2526lan%253Den-US%2526anchor%253Daward-winning%252Blaser%252Bsystems%2526index%253D1%2526md5%253D488bc7b3dd25bbf192e3ef03fb527764%26a%3Daward-winning%2Blaser%2Bsystems&amp;a=sistemas+de+laser+inovadores+e+premiados\" target=\"_blank\" rel=\"nofollow\">sistemas de laser inovadores e premiados<\/a>\u00a0para aplica\u00e7\u00f5es em est\u00e9tica e dermatologia, odontologia, cirurgia e ginecologia. A empresa possui uma das for\u00e7as de trabalho mais altamente qualificadas do setor, com um n\u00famero excepcionalmente alto de profissionais com PhD especializados em inova\u00e7\u00e3o em laser e tecnologia m\u00e9dica. Al\u00e9m de sua presen\u00e7a direta nos EUA, <span class=\"xn-location\">China<\/span>, Jap\u00e3o e UE, a rede de distribui\u00e7\u00e3o global da Fotona abrange mais de 70 pa\u00edses, garantindo suporte e servi\u00e7o abrangentes para os usu\u00e1rios de laser da Fotona, incluindo treinamento cl\u00ednico.\u00a0<a href=\"https:\/\/c212.net\/c\/link\/?t=0&amp;l=pt&amp;o=4426799-1&amp;h=675933399&amp;u=https%3A%2F%2Fc212.net%2Fc%2Flink%2F%3Ft%3D0%26l%3Den%26o%3D4426799-1%26h%3D1651475742%26u%3Dhttps%253A%252F%252Fwww.fotona.com%26a%3Dwww.fotona.com&amp;a=www.fotona.com\" target=\"_blank\" rel=\"nofollow\"><b>www.fotona.com<\/b><\/a><b><u>.<\/u><\/b><\/p>\n<p id=\"PURL\"><img loading=\"lazy\" decoding=\"async\" title=\"Cision\" width=\"12\" height=\"12\" alt=\"Cision\" src=\"https:\/\/c212.net\/c\/img\/favicon.png?sn=PT87010&amp;sd=2025-05-15\" \/> View original content:<a id=\"PRNURL\" rel=\"nofollow\" href=\"https:\/\/www.prnewswire.com\/br\/comunicados-para-a-imprensa\/fotona-nomeia-jeff-duchemin-como-presidente-e-ceo-do-grupo-302457580.html\" target=\"_blank\">https:\/\/www.prnewswire.com\/br\/comunicados-para-a-imprensa\/fotona-nomeia-jeff-duchemin-como-presidente-e-ceo-do-grupo-302457580.html<\/a><\/p>\n<p>FONTE  Fotona<\/p>\n<\/div>\n<p><img decoding=\"async\" alt=\"\" src=\"https:\/\/rt.prnewswire.com\/rt.gif?NewsItemId=PT87010&amp;Transmission_Id=202505151100PR_NEWS_LATAM____PT87010&amp;DateId=20250516\" style=\"border:0px;width:1px;height:1px\" \/><\/p>\n<p><strong>T\u00f3picos Relacionados:<\/strong> M\u00e9dico \/ Farmac\u00eautico, An\u00fancios de Pessoal, Equipamento M\u00e9dico, Sa\u00fade\/Hospitais, Computador\/Eletr\u00f4nica<\/p>\n<p>A <b>OESP<\/b> n\u00e3o \u00e9(s\u00e3o) respons\u00e1vel(is) por erros, incorre\u00e7\u00f5es, atrasos ou quaisquer decis\u00f5es tomadas por seus clientes com base nos Conte\u00fados ora disponibilizados, bem como tais Conte\u00fados n\u00e3o representam a opini\u00e3o da <b>OESP<\/b> e s\u00e3o de inteira responsabilidade da <b>PR Newswire Ltda<\/b><\/p>\n","protected":false},"excerpt":{"rendered":"Duchemin traz experi\u00eancia global de lideran\u00e7a MedTech para acelerar a pr\u00f3xima fase de crescimento da Fotona DALLAS, 16 de maio de 2025 \/PRNewswire\/ &#8212;\u00a0Fotona?, l\u00edder global em sistemas de","protected":false},"author":1,"featured_media":0,"comment_status":"open","ping_status":"closed","sticky":false,"template":"","format":"standard","meta":{"_acf_changed":false,"inline_featured_image":false,"_monsterinsights_skip_tracking":false,"_monsterinsights_sitenote_active":false,"_monsterinsights_sitenote_note":"","_monsterinsights_sitenote_category":0,"footnotes":""},"categories":[27],"tags":[],"class_list":["post-111413","post","type-post","status-publish","format-standard","hentry","category-prnewswire"],"acf":[],"_links":{"self":[{"href":"https:\/\/bluestudio.estadao.com.br\/agencia-de-comunicacao\/wp-json\/wp\/v2\/posts\/111413","targetHints":{"allow":["GET"]}}],"collection":[{"href":"https:\/\/bluestudio.estadao.com.br\/agencia-de-comunicacao\/wp-json\/wp\/v2\/posts"}],"about":[{"href":"https:\/\/bluestudio.estadao.com.br\/agencia-de-comunicacao\/wp-json\/wp\/v2\/types\/post"}],"author":[{"embeddable":true,"href":"https:\/\/bluestudio.estadao.com.br\/agencia-de-comunicacao\/wp-json\/wp\/v2\/users\/1"}],"replies":[{"embeddable":true,"href":"https:\/\/bluestudio.estadao.com.br\/agencia-de-comunicacao\/wp-json\/wp\/v2\/comments?post=111413"}],"version-history":[{"count":0,"href":"https:\/\/bluestudio.estadao.com.br\/agencia-de-comunicacao\/wp-json\/wp\/v2\/posts\/111413\/revisions"}],"wp:attachment":[{"href":"https:\/\/bluestudio.estadao.com.br\/agencia-de-comunicacao\/wp-json\/wp\/v2\/media?parent=111413"}],"wp:term":[{"taxonomy":"category","embeddable":true,"href":"https:\/\/bluestudio.estadao.com.br\/agencia-de-comunicacao\/wp-json\/wp\/v2\/categories?post=111413"},{"taxonomy":"post_tag","embeddable":true,"href":"https:\/\/bluestudio.estadao.com.br\/agencia-de-comunicacao\/wp-json\/wp\/v2\/tags?post=111413"}],"curies":[{"name":"wp","href":"https:\/\/api.w.org\/{rel}","templated":true}]}}