{"id":111374,"date":"2025-05-15T11:42:00","date_gmt":"2025-05-15T14:42:00","guid":{"rendered":"https:\/\/bluestudio.estadao.com.br\/agencia-de-comunicacao\/prnewswire\/dia-mundial-da-reciclagem-17-5-embalagens-pet-se-destacam-pela-circularidade\/"},"modified":"2025-05-15T11:42:00","modified_gmt":"2025-05-15T14:42:00","slug":"dia-mundial-da-reciclagem-17-5-embalagens-pet-se-destacam-pela-circularidade","status":"publish","type":"post","link":"https:\/\/bluestudio.estadao.com.br\/agencia-de-comunicacao\/prnewswire\/dia-mundial-da-reciclagem-17-5-embalagens-pet-se-destacam-pela-circularidade\/","title":{"rendered":"Dia Mundial da Reciclagem (17\/5) : EMBALAGENS PET SE DESTACAM PELA CIRCULARIDADE"},"content":{"rendered":"<div class=\"xn-content\">\n<p class=\"prntac\"><b><i><span class=\"xn-location\">Brasil<\/span> reciclou 410 mil toneladas de PET p\u00f3s-consumo em 2024.<br \/><\/i><\/b><b><i>Produ\u00e7\u00e3o de novas embalagens \u00e9 a principal destina\u00e7\u00e3o do material reciclado<\/i><\/b><\/p>\n<p><span class=\"legendSpanClass\">S\u00c3O PAULO<\/span>, <span class=\"legendSpanClass\">15 de maio de 2025<\/span> \/PRNewswire\/ &#8212; No\u00a0<b>Dia Mundial da Reciclagem, celebrado neste s\u00e1bado (17\/5)<\/b>, a ind\u00fastria de embalagens PET se destaca, com uma hist\u00f3ria de mais de tr\u00eas d\u00e9cadas, que transformou produto em um dos principais exemplos de circularidade. Em 2024, o <span class=\"xn-location\">Brasil<\/span> reciclou 410 mil toneladas de embalagens PET p\u00f3s-consumo, de acordo com o <b>Censo da Reciclagem do PET no <span class=\"xn-location\">Brasil<\/span><\/b>, registrando que a atividade exclusivamente de reciclagem faturou <span class=\"xn-money\">R$ 5,66<\/span> bilh\u00f5es ao ano. Importante destacar que 59% desse total fica na base da cadeia produtiva, representada por catadores, cooperativas e sucateiros.<\/p>\n<p>Esse desempenho ocorre principalmente devido a dois motivos: o desenvolvimento de diversas aplica\u00e7\u00f5es para o PET reciclado, que gerou forte demanda pelo material; e porque as empresas recicladoras investiram centenas de milh\u00f5es de d\u00f3lares em capacidade instalada e no desenvolvimento de demanda para o material reciclado, que hoje alimenta uma ind\u00fastria diversificada.<\/p>\n<p>O<b> principal destino da resina reciclada ? 37% do total ? foi a fabrica\u00e7\u00e3o de uma nova embalagem (preformas e garrafas)<\/b>, utilizadas principalmente pela ind\u00fastria de \u00e1gua, refrigerantes, energ\u00e9ticos e outras bebidas n\u00e3o alco\u00f3licas, dentro do sistema <i>bottle to bottle <\/i>grau aliment\u00edcio. O <b>setor t\u00eaxtil vem em segundo lugar entre os maiores usu\u00e1rios, com um consumo de 24% de todo o material reciclado<\/b>, seguido pela ind\u00fastria qu\u00edmica (13%), l\u00e2minas &amp; chapas (13%), fitas de arquear (10%) e outras aplica\u00e7\u00f5es que somam 3% do total.<\/p>\n<p>As informa\u00e7\u00f5es sobre o <b>Censo da Reciclagem do PET no <span class=\"xn-location\">Brasil<\/span> <\/b>podem ser conferidas <a href=\"https:\/\/abipet.org.br\/wp-content\/uploads\/2025\/05\/Abipet-Factsheet-13o-Censo.pdf\" target=\"_blank\" rel=\"nofollow\">no site da ABIPET, atrav\u00e9s deste link<\/a>.<\/p>\n<div class=\"PRN_ImbeddedAssetReference\" id=\"DivAssetPlaceHolder1532\">\n<a href=\"https:\/\/mma.prnewswire.com\/media\/2687751\/Aplica__o_PET_Censo1.html\" target=\"_blank\" rel=\"nofollow\"><img decoding=\"async\" src=\"https:\/\/mma.prnewswire.com\/media\/2687751\/Aplica__o_PET_Censo1.jpg\" title=\"\" alt=\"\" \/><\/a><\/p>\n<\/div>\n<p><b>A import\u00e2ncia do design da embalagem<\/b><\/p>\n<p>Desde o \u00faltimo m\u00eas de mar\u00e7o, a ind\u00fastria abriu mais uma frente, para refor\u00e7ar os avan\u00e7os j\u00e1 obtidos com a reciclagem do PET no Pa\u00eds. A <b>Associa\u00e7\u00e3o Brasileira da Ind\u00fastria do PET (ABIPET)<\/b> lan\u00e7ou a atualiza\u00e7\u00e3o das <a href=\"\/abipet.org.br\/wp-content\/uploads\/2024\/10\/Diretrizes-para-a-Reciclabilidade-revisao-6.pdf\" target=\"_blank\" rel=\"nofollow\"><b>&#8220;Diretrizes Para a Reciclabilidade da Garrafa PET&#8221;<\/b><\/a>, com o objetivo de orientar designers, equipes de marketing, engenheiros e t\u00e9cnicos das \u00e1reas de alimentos e embalagens, para valorizar a circularidade e tornar o produto ainda mais atrativo \u00e0 log\u00edstica reversa e aos recicladores.<\/p>\n<p>&#8220;A reciclabilidade da embalagem come\u00e7a no seu projeto, uma vez que as caracter\u00edsticas do corpo, r\u00f3tulo e tampa influenciam diretamente no reaproveitamento p\u00f3s-consumo. As Diretrizes t\u00eam o objetivo de colaborar e alertar os profissionais ligados a essa fase do processo sobre as consequ\u00eancias de suas escolhas, mesmo antes da embalagem chegar ao mercado&#8221;, afirma o <b>presidente executivo da ABIPET, Auri Mar\u00e7on<\/b>.<\/p>\n<p>Para ampliar o alcance e o impacto da iniciativa no mercado, a ABIPET firmou um memorando in\u00e9dito com a Associa\u00e7\u00e3o Brasileira das Ind\u00fastria de Refrigerantes e de Bebidas n\u00e3o Alco\u00f3licas (<b>ABIR<\/b>), a Associa\u00e7\u00e3o Brasileira da Ind\u00fastria do \u00d3leo Vegetal (<b>ABIOVE<\/b>) e a Associa\u00e7\u00e3o Nacional dos Catadores (<b>ANCAT<\/b>). As entidades empresariais ficar\u00e3o respons\u00e1veis pela sua divulga\u00e7\u00e3o e sensibiliza\u00e7\u00e3o de seus associados em rela\u00e7\u00e3o aos princ\u00edpios do documento. A ANCAT vai colaborar identificando, junto \u00e0s cooperativas associadas, quais s\u00e3o as embalagens com menor atratividade para reciclagem ? e suas respectivas marcas ? para que sejam buscadas solu\u00e7\u00f5es que facilitem a reciclagem.<\/p>\n<p>Nas <b>&#8220;Diretrizes Para a Reciclabilidade da Garrafa PET&#8221; <\/b>ainda \u00e9 recomendada a utiliza\u00e7\u00e3o de &#8220;conte\u00fado reciclado&#8221;, ou seja, o uso de resina reciclada para a fabrica\u00e7\u00e3o de uma nova embalagem, respeitando as exig\u00eancias da Ag\u00eancia Nacional de Vigil\u00e2ncia Sanit\u00e1ria (ANVISA), no caso de processos <i>bottle-to-bottle<\/i> grau aliment\u00edcio.<\/p>\n<p>&#8220;Sabemos que a reciclabilidade da embalagem come\u00e7a no seu projeto, uma vez que as caracter\u00edsticas do corpo, r\u00f3tulo e tampa influenciam diretamente no reaproveitamento p\u00f3s-consumo. O lan\u00e7amento da nova edi\u00e7\u00e3o das Diretrizes tem o objetivo de colaborar e alertar os profissionais ligados a essa fase do processo sobre as consequ\u00eancias de suas escolhas, mesmo antes da embalagem chegar ao mercado&#8221;, conclui o <b>presidente executivo da ABIPET, Auri Mar\u00e7on<\/b>.<\/p>\n<p>Foto &#8211; <a href=\"https:\/\/mma.prnewswire.com\/media\/2687751\/Aplica__o_PET_Censo1.jpg\" target=\"_blank\" rel=\"nofollow\">https:\/\/mma.prnewswire.com\/media\/2687751\/Aplica__o_PET_Censo1.jpg<\/a><\/p>\n<div class=\"PRN_ImbeddedAssetReference\" id=\"DivAssetPlaceHolder0\"><\/div>\n<p id=\"PURL\"><img loading=\"lazy\" decoding=\"async\" title=\"Cision\" width=\"12\" height=\"12\" alt=\"Cision\" src=\"https:\/\/c212.net\/c\/img\/favicon.png?sn=PT88363&amp;sd=2025-05-15\" \/> View original content to download multimedia:<a id=\"PRNURL\" rel=\"nofollow\" href=\"https:\/\/www.prnewswire.com\/br\/comunicados-para-a-imprensa\/dia-mundial-da-reciclagem-175--embalagens-pet-se-destacam-pela-circularidade-302455888.html\" target=\"_blank\">https:\/\/www.prnewswire.com\/br\/comunicados-para-a-imprensa\/dia-mundial-da-reciclagem-175&#8211;embalagens-pet-se-destacam-pela-circularidade-302455888.html<\/a><\/p>\n<p>FONTE  Associa\u00e7\u00e3o Brasileira da Ind\u00fastria do PET (ABIPET)<\/p>\n<\/div>\n<p><img decoding=\"async\" alt=\"\" src=\"https:\/\/rt.prnewswire.com\/rt.gif?NewsItemId=PT88363&amp;Transmission_Id=202505151030PR_NEWS_LATAM____PT88363&amp;DateId=20250515\" style=\"border:0px;width:1px;height:1px\" \/><\/p>\n<p><strong>T\u00f3picos Relacionados:<\/strong> Pesquisa, Enquetes e Estudos, Quest\u00f5es Ambientais, Produtos e Servi\u00e7os Ambientais<\/p>\n<p>A <b>OESP<\/b> n\u00e3o \u00e9(s\u00e3o) respons\u00e1vel(is) por erros, incorre\u00e7\u00f5es, atrasos ou quaisquer decis\u00f5es tomadas por seus clientes com base nos Conte\u00fados ora disponibilizados, bem como tais Conte\u00fados n\u00e3o representam a opini\u00e3o da <b>OESP<\/b> e s\u00e3o de inteira responsabilidade da <b>PR Newswire Ltda<\/b><\/p>\n","protected":false},"excerpt":{"rendered":"Brasil reciclou 410 mil toneladas de PET p\u00f3s-consumo em 2024.Produ\u00e7\u00e3o de novas embalagens \u00e9 a principal destina\u00e7\u00e3o do material reciclado S\u00c3O PAULO, 15 de maio de 2025 \/PRNewswire\/ &#8212;","protected":false},"author":1,"featured_media":0,"comment_status":"open","ping_status":"closed","sticky":false,"template":"","format":"standard","meta":{"_acf_changed":false,"inline_featured_image":false,"_monsterinsights_skip_tracking":false,"_monsterinsights_sitenote_active":false,"_monsterinsights_sitenote_note":"","_monsterinsights_sitenote_category":0,"footnotes":""},"categories":[27],"tags":[],"class_list":["post-111374","post","type-post","status-publish","format-standard","hentry","category-prnewswire"],"acf":[],"_links":{"self":[{"href":"https:\/\/bluestudio.estadao.com.br\/agencia-de-comunicacao\/wp-json\/wp\/v2\/posts\/111374","targetHints":{"allow":["GET"]}}],"collection":[{"href":"https:\/\/bluestudio.estadao.com.br\/agencia-de-comunicacao\/wp-json\/wp\/v2\/posts"}],"about":[{"href":"https:\/\/bluestudio.estadao.com.br\/agencia-de-comunicacao\/wp-json\/wp\/v2\/types\/post"}],"author":[{"embeddable":true,"href":"https:\/\/bluestudio.estadao.com.br\/agencia-de-comunicacao\/wp-json\/wp\/v2\/users\/1"}],"replies":[{"embeddable":true,"href":"https:\/\/bluestudio.estadao.com.br\/agencia-de-comunicacao\/wp-json\/wp\/v2\/comments?post=111374"}],"version-history":[{"count":0,"href":"https:\/\/bluestudio.estadao.com.br\/agencia-de-comunicacao\/wp-json\/wp\/v2\/posts\/111374\/revisions"}],"wp:attachment":[{"href":"https:\/\/bluestudio.estadao.com.br\/agencia-de-comunicacao\/wp-json\/wp\/v2\/media?parent=111374"}],"wp:term":[{"taxonomy":"category","embeddable":true,"href":"https:\/\/bluestudio.estadao.com.br\/agencia-de-comunicacao\/wp-json\/wp\/v2\/categories?post=111374"},{"taxonomy":"post_tag","embeddable":true,"href":"https:\/\/bluestudio.estadao.com.br\/agencia-de-comunicacao\/wp-json\/wp\/v2\/tags?post=111374"}],"curies":[{"name":"wp","href":"https:\/\/api.w.org\/{rel}","templated":true}]}}