{"id":111299,"date":"2025-05-13T12:27:00","date_gmt":"2025-05-13T15:27:00","guid":{"rendered":"https:\/\/bluestudio.estadao.com.br\/agencia-de-comunicacao\/prnewswire\/a-provincia-de-zhejiang-na-china-e-a-provincia-de-matanzas-em-cuba-comemoram-25-anos-de-exposicao-sobre-lacos-entre-a-irma-provincia-e-a-cultura-de-liangzhu-em-varadero\/"},"modified":"2025-05-13T12:27:00","modified_gmt":"2025-05-13T15:27:00","slug":"a-provincia-de-zhejiang-na-china-e-a-provincia-de-matanzas-em-cuba-comemoram-25-anos-de-exposicao-sobre-lacos-entre-a-irma-provincia-e-a-cultura-de-liangzhu-em-varadero","status":"publish","type":"post","link":"https:\/\/bluestudio.estadao.com.br\/agencia-de-comunicacao\/prnewswire\/a-provincia-de-zhejiang-na-china-e-a-provincia-de-matanzas-em-cuba-comemoram-25-anos-de-exposicao-sobre-lacos-entre-a-irma-provincia-e-a-cultura-de-liangzhu-em-varadero\/","title":{"rendered":"A Prov\u00edncia de Zhejiang, na China, e a Prov\u00edncia de Matanzas, em Cuba, comemoram 25 anos de exposi\u00e7\u00e3o sobre la\u00e7os entre a irm\u00e3 Prov\u00edncia e a cultura de Liangzhu em Varadero"},"content":{"rendered":"<div class=\"xn-content\">\n<span class=\"legendSpanClass\">VARADERO, <span class=\"xn-location\">Cuba<\/span><\/span>, <span class=\"legendSpanClass\">13 de maio de 2025\u00a0<\/span> \/PRNewswire\/ &#8212; Em reconhecimento ao 65\u00a0<sup>\u00ba<\/sup>\u00a0anivers\u00e1rio das rela\u00e7\u00f5es diplom\u00e1ticas entre a Rep\u00fablica da <span class=\"xn-location\">China<\/span> e a Rep\u00fablica de <span class=\"xn-location\">Cuba<\/span> e ao 25\u00a0<sup>\u00ba<\/sup>\u00a0anivers\u00e1rio da filia\u00e7\u00e3o da prov\u00edncia-irm\u00e3 entre a Prov\u00edncia de <span class=\"xn-location\">Zhejiang<\/span> e a Prov\u00edncia de Matanzas, a\u00a0<i>Exposi\u00e7\u00e3o de Cultura do Amanhecer da Civiliza\u00e7\u00e3o<\/i>\u00a0de Liangzhu foi inaugurada oficialmente em Varadero, <span class=\"xn-location\">Cuba<\/span>, em 9 de maio de 2025. O evento tamb\u00e9m contou com uma performance cultural colaborativa que celebra a rela\u00e7\u00e3o de longa data entre as duas regi\u00f5es.<\/p>\n<p>Coorganizado pelo Governo Popular da Prov\u00edncia de <span class=\"xn-location\">Zhejiang<\/span> e pela Prov\u00edncia de Matanzas, o programa reuniu artistas chineses e cubanos para uma apresenta\u00e7\u00e3o conjunta que destacou o patrim\u00f4nio art\u00edstico de <span class=\"xn-location\">Zhejiang<\/span> e a energia vibrante da cultura cubana. Tendo como pano de fundo o litoral de Varadero, a performance ressaltou a duradoura conex\u00e3o cultural e de humanidades entre as duas regi\u00f5es. A exposi\u00e7\u00e3o foi organizada conjuntamente pelo Departamento Provincial de Cultura, R\u00e1dio, Televis\u00e3o e Turismo de <span class=\"xn-location\">Zhejiang<\/span>, seu Departamento de Rela\u00e7\u00f5es Exteriores e o Departamento de Cultura de Matanzas.<\/p>\n<p>Ap\u00f3s a cerim\u00f4nia, os participantes foram convidados a explorar a Exposi\u00e7\u00e3o de Cultura de Liangzhu, que destaca o significado hist\u00f3rico e cultural do Patrim\u00f4nio Mundial da UNESCO. A exposi\u00e7\u00e3o recebeu muitos elogios por seu retrato envolvente da antiga civiliza\u00e7\u00e3o de <span class=\"xn-location\">Zhejiang<\/span> e seu papel no aprofundamento da compreens\u00e3o e aprecia\u00e7\u00e3o m\u00fatua entre culturas, bem como seu alto valor para a <span class=\"xn-location\">China<\/span> e o mundo. Como um evento importante nos la\u00e7os em curso entre <span class=\"xn-location\">Zhejiang<\/span> e Matanzas, a exposi\u00e7\u00e3o reafirma a dedica\u00e7\u00e3o compartilhada das prov\u00edncias ao fortalecimento da coopera\u00e7\u00e3o cultural e tur\u00edstica e \u00e0 expans\u00e3o dos interc\u00e2mbios bilaterais &#8211; contribuindo para a amizade mais ampla <span class=\"xn-location\">China<\/span>&#8211;<span class=\"xn-location\">Cuba<\/span>.<\/p>\n<p>\u00a0<\/p>\n<p id=\"PURL\"><img loading=\"lazy\" decoding=\"async\" title=\"Cision\" width=\"12\" height=\"12\" alt=\"Cision\" src=\"https:\/\/c212.net\/c\/img\/favicon.png?sn=PT85073&amp;sd=2025-05-13\" \/> View original content:<a id=\"PRNURL\" rel=\"nofollow\" href=\"https:\/\/www.prnewswire.com\/br\/comunicados-para-a-imprensa\/a-provincia-de-zhejiang-na-china-e-a-provincia-de-matanzas-em-cuba-comemoram-25-anos-de-exposicao-sobre-lacos-entre-a-irma-provincia-e-a-cultura-de-liangzhu-em-varadero-302454098.html\" target=\"_blank\">https:\/\/www.prnewswire.com\/br\/comunicados-para-a-imprensa\/a-provincia-de-zhejiang-na-china-e-a-provincia-de-matanzas-em-cuba-comemoram-25-anos-de-exposicao-sobre-lacos-entre-a-irma-provincia-e-a-cultura-de-liangzhu-em-varadero-302454098.html<\/a><\/p>\n<p>FONTE  Zhejiang Provincial Department of Culture Radio Television and Tourism<\/p>\n<\/div>\n<p><img decoding=\"async\" alt=\"\" src=\"https:\/\/rt.prnewswire.com\/rt.gif?NewsItemId=PT85073&amp;Transmission_Id=202505131124PR_NEWS_LATAM____PT85073&amp;DateId=20250513\" style=\"border:0px;width:1px;height:1px\" \/><\/p>\n<p><strong>T\u00f3picos Relacionados:<\/strong> Viagens, Arte, Cultura e Design, Entretenimento<\/p>\n<p>A <b>OESP<\/b> n\u00e3o \u00e9(s\u00e3o) respons\u00e1vel(is) por erros, incorre\u00e7\u00f5es, atrasos ou quaisquer decis\u00f5es tomadas por seus clientes com base nos Conte\u00fados ora disponibilizados, bem como tais Conte\u00fados n\u00e3o representam a opini\u00e3o da <b>OESP<\/b> e s\u00e3o de inteira responsabilidade da <b>PR Newswire Ltda<\/b><\/p>\n","protected":false},"excerpt":{"rendered":"VARADERO, Cuba, 13 de maio de 2025\u00a0 \/PRNewswire\/ &#8212; Em reconhecimento ao 65\u00a0\u00ba\u00a0anivers\u00e1rio das rela\u00e7\u00f5es diplom\u00e1ticas entre a Rep\u00fablica da China e a Rep\u00fablica de Cuba e ao","protected":false},"author":1,"featured_media":0,"comment_status":"open","ping_status":"closed","sticky":false,"template":"","format":"standard","meta":{"_acf_changed":false,"inline_featured_image":false,"_monsterinsights_skip_tracking":false,"_monsterinsights_sitenote_active":false,"_monsterinsights_sitenote_note":"","_monsterinsights_sitenote_category":0,"footnotes":""},"categories":[27],"tags":[],"class_list":["post-111299","post","type-post","status-publish","format-standard","hentry","category-prnewswire"],"acf":[],"_links":{"self":[{"href":"https:\/\/bluestudio.estadao.com.br\/agencia-de-comunicacao\/wp-json\/wp\/v2\/posts\/111299","targetHints":{"allow":["GET"]}}],"collection":[{"href":"https:\/\/bluestudio.estadao.com.br\/agencia-de-comunicacao\/wp-json\/wp\/v2\/posts"}],"about":[{"href":"https:\/\/bluestudio.estadao.com.br\/agencia-de-comunicacao\/wp-json\/wp\/v2\/types\/post"}],"author":[{"embeddable":true,"href":"https:\/\/bluestudio.estadao.com.br\/agencia-de-comunicacao\/wp-json\/wp\/v2\/users\/1"}],"replies":[{"embeddable":true,"href":"https:\/\/bluestudio.estadao.com.br\/agencia-de-comunicacao\/wp-json\/wp\/v2\/comments?post=111299"}],"version-history":[{"count":0,"href":"https:\/\/bluestudio.estadao.com.br\/agencia-de-comunicacao\/wp-json\/wp\/v2\/posts\/111299\/revisions"}],"wp:attachment":[{"href":"https:\/\/bluestudio.estadao.com.br\/agencia-de-comunicacao\/wp-json\/wp\/v2\/media?parent=111299"}],"wp:term":[{"taxonomy":"category","embeddable":true,"href":"https:\/\/bluestudio.estadao.com.br\/agencia-de-comunicacao\/wp-json\/wp\/v2\/categories?post=111299"},{"taxonomy":"post_tag","embeddable":true,"href":"https:\/\/bluestudio.estadao.com.br\/agencia-de-comunicacao\/wp-json\/wp\/v2\/tags?post=111299"}],"curies":[{"name":"wp","href":"https:\/\/api.w.org\/{rel}","templated":true}]}}