{"id":111202,"date":"2025-05-08T12:42:00","date_gmt":"2025-05-08T15:42:00","guid":{"rendered":"https:\/\/bluestudio.estadao.com.br\/agencia-de-comunicacao\/prnewswire\/catl-lanca-o-tener-stack-a-primeira-solucao-em-sistema-de-armazenamento-de-energia-de-capacidade-ultragrande-de-9-mwh-do-mundo\/"},"modified":"2025-05-08T12:42:00","modified_gmt":"2025-05-08T15:42:00","slug":"catl-lanca-o-tener-stack-a-primeira-solucao-em-sistema-de-armazenamento-de-energia-de-capacidade-ultragrande-de-9-mwh-do-mundo","status":"publish","type":"post","link":"https:\/\/bluestudio.estadao.com.br\/agencia-de-comunicacao\/prnewswire\/catl-lanca-o-tener-stack-a-primeira-solucao-em-sistema-de-armazenamento-de-energia-de-capacidade-ultragrande-de-9-mwh-do-mundo\/","title":{"rendered":"CATL lan\u00e7a o TENER Stack, a primeira solu\u00e7\u00e3o em sistema de armazenamento de energia de capacidade ultragrande de 9 MWh do mundo"},"content":{"rendered":"<div class=\"xn-content\">\n<p class=\"prntac\"><i>A inova\u00e7\u00e3o hist\u00f3rica oferece alta capacidade associada ao transporte flex\u00edvel, redefinindo o armazenamento de energia em larga escala<\/i><\/p>\n<p><span class=\"legendSpanClass\">MUNIQUE<\/span>, <span class=\"legendSpanClass\">8 de maio de 2025\u00a0<\/span> \/PRNewswire\/ &#8212; A CATL apresentou hoje, na ees <span class=\"xn-location\">Europe<\/span> 2025, o TENER Stack, a primeira solu\u00e7\u00e3o em sistema de armazenamento de energia de capacidade ultragrande de 9MWh do mundo, pronta para a produ\u00e7\u00e3o em massa, que representa um salto estrat\u00e9gico em termos de capacidade, flexibilidade de implementa\u00e7\u00e3o, seguran\u00e7a e transportabilidade.<\/p>\n<div id=\"prni_dvprnejpg1bc6left\" dir=\"ltr\" style=\"width: 800px;text-align: left\"><img decoding=\"async\" id=\"prnejpg1bc6left\" title=\"\" src=\"https:\/\/mma.prnewswire.com\/media\/2681750\/image.jpg\" alt=\"\" align=\"middle\" \/><\/div>\n<p>Em resposta ao r\u00e1pido crescimento da demanda global de energia, desde data centers orientados por IA at\u00e9 eletrifica\u00e7\u00e3o industrial, o TENER Stack foi desenvolvido para ajudar concession\u00e1rias, desenvolvedores e usu\u00e1rios industriais a extrair um maior valor econ\u00f4mico de cada metro quadrado de instala\u00e7\u00e3o.<\/p>\n<p>&#8220;A CATL sempre esteve \u00e0 frente da transi\u00e7\u00e3o energ\u00e9tica&#8221;, afirmou <span class=\"xn-person\">Amanda Xu<\/span>, CTO da ESS e presidente da ESS Europe CATL. &#8220;Para corresponder \u00e0 expectativa de um sistema BESS com alta densidade de energia, tamanho reduzido, configura\u00e7\u00e3o mais simples do lado CA e implanta\u00e7\u00e3o flex\u00edvel, trazemos a mais recente solu\u00e7\u00e3o de armazenamento de energia, o TENER da CATL. Ele supera as limita\u00e7\u00f5es da capacidade de energia e do transporte de produtos e revoluciona a utiliza\u00e7\u00e3o do espa\u00e7o, a efici\u00eancia energ\u00e9tica e o custo.&#8221;<\/p>\n<p><b>Capacidade revolucion\u00e1ria e c<\/b><b>ompa<\/b><b>tibilidade com o lado da CA<\/b><\/p>\n<p>O TENER Stack incorpora as c\u00e9lulas de alta densidade energ\u00e9tica da CATL com tecnologia de degrada\u00e7\u00e3o zero nos primeiros cinco anos, obtendo uma melhoria de 45% na utiliza\u00e7\u00e3o do volume e um aumento de 50% na densidade energ\u00e9tica projetada em compara\u00e7\u00e3o com os sistemas convencionais de cont\u00eaineres de 20 p\u00e9s. A capacidade interna chega a 9 MWh, o que \u00e9 suficiente para carregar 150 ve\u00edculos el\u00e9tricos ou abastecer uma resid\u00eancia alem\u00e3 m\u00e9dia por seis anos.<\/p>\n<p>Para aumentar a compatibilidade e a efici\u00eancia do sistema, o TENER Stack suporta arquiteturas PCS (Power Conversion System) centralizadas e em cadeia. Esta abordagem de tecnologia dupla garante integra\u00e7\u00e3o perfeita com equipamentos convencionais do lado CA e uma gama mais ampla de aplica\u00e7\u00f5es de rede.<\/p>\n<p>A efici\u00eancia superior na ocupa\u00e7\u00e3o de espa\u00e7o do TENER Stack proporciona um valor econ\u00f4mico significativo. Por exemplo, a implementa\u00e7\u00e3o de 800 MWh de armazenamento usando o TENER Stack necessita de quase um ter\u00e7o a menos de cont\u00eaineres do que os sistemas tradicionais de 6 MWh. Isso reduz o n\u00famero de unidades de PCS e os custos ocultos associados ao superdimensionamento do sistema, al\u00e9m de aumentar a efici\u00eancia do uso do terreno em 40%. Em termos gerais, os desenvolvedores podem contar com uma otimiza\u00e7\u00e3o de at\u00e9 20% nos custos totais de constru\u00e7\u00e3o da esta\u00e7\u00e3o.<\/p>\n<p><b>Transporte sem restri\u00e7\u00f5es<\/b><\/p>\n<p>Em resposta aos desafios log\u00edsticos associados ao transporte de cont\u00eaineres acima de 36 toneladas, que \u00e9 o limite legal em muitos pa\u00edses, a CATL desenvolveu o projeto &#8220;dois em um&#8221;. Cada unidade de meia altura \u00e9 mantida sob controle rigoroso abaixo de 36 toneladas, garantindo a conformidade com as normas de transporte em 99% dos mercados internacionais.<\/p>\n<p>Esse inovador design fracionado permite a utiliza\u00e7\u00e3o de m\u00e9todos de transporte padr\u00e3o, incluindo spreaders e liners de cont\u00eaineres padr\u00e3o, reduzindo significativamente em at\u00e9 35% o tempo de espera e os custos de transporte especializado. Com um centro de gravidade mais baixo e flexibilidade para rotas com restri\u00e7\u00e3o de altura, o TENER Stack pode se adaptar facilmente a situa\u00e7\u00f5es de transporte exclusivas, como pontes e \u00e1reas rurais, destacando as vantagens de seu projeto estrutural inovador.<\/p>\n<p><b>Padr\u00f5es avan\u00e7ados de seguran\u00e7a e controle t\u00e9rmico<\/b><\/p>\n<p>Com a seguran\u00e7a contra inc\u00eandios sujeita a uma fiscaliza\u00e7\u00e3o global, o TENER Stack aproveita a qu\u00edmica robusta da bateria LFP da CATL, conhecida por sua estabilidade t\u00e9rmica inerente. Os sensores de g\u00e1s aprimorados oferecem uma sensibilidade 40% maior e acionam os sistemas de supress\u00e3o 35% mais r\u00e1pido. Um novo projeto com isolamento em tr\u00eas camadas aumenta a resist\u00eancia ao fogo para duas horas e o sistema atende aos padr\u00f5es s\u00edsmicos IEEE693, suportando terremotos de magnitude 9 e furac\u00f5es de categoria 5.<\/p>\n<p>Al\u00e9m disso, um projeto de TMS (Sistema de Controle T\u00e9rmico) suspenso reduz a radia\u00e7\u00e3o t\u00e9rmica, diminui os custos de terreno e manuten\u00e7\u00e3o e mant\u00e9m o ru\u00eddo em 65 dB(A) a um metro de dist\u00e2ncia, ideal para uso urbano.<\/p>\n<p><b>N\u00e3o apenas baterias, mas uma solu\u00e7\u00e3o energ\u00e9tica<\/b><\/p>\n<p>At\u00e9 o final de novembro de 2024, os produtos ESS da CATL foram instalados em mais de 1.700 projetos em todo o mundo, englobando todas as zonas clim\u00e1ticas e ambientes operacionais. Em 2023, reconhecendo as necessidades em constante evolu\u00e7\u00e3o e mudan\u00e7a dos clientes, a CATL apresentou o TENER, um sistema de armazenamento de energia em cont\u00eainer de unidade equivalente a vinte p\u00e9s (TEU) com tecnologia de degrada\u00e7\u00e3o zero por 5 anos, e o TENER FLEX, um sistema de armazenamento de energia em rack para implanta\u00e7\u00e3o flex\u00edvel.<\/p>\n<p>O TENER Stack se baseia no desempenho comprovado das s\u00e9ries TENER e TENER FLEX da CATL, combinando os benef\u00edcios dos modelos anteriores com novos n\u00edveis de capacidade e transportabilidade. Com o TENER Stack, a CATL reafirma seu compromisso de ajudar os parceiros globais a acelerar a transi\u00e7\u00e3o energ\u00e9tica, fornecendo mais energia em menos espa\u00e7o, de forma segura e sustent\u00e1vel.<\/p>\n<p>&#8220;TENER Stack, gigante, flex\u00edvel, confi\u00e1vel e silencioso. O que estamos oferecendo n\u00e3o \u00e9 apenas um produto de armazenamento de energia, mas uma solu\u00e7\u00e3o para acessibilidade energ\u00e9tica que pode ser aplicada em todo o mundo&#8221;, disse <span class=\"xn-person\">Hank Zhao<\/span>, CTO da ESS Europe CATL. &#8220;9 MWh n\u00e3o \u00e9 o limite da capacidade energ\u00e9tica ou do espa\u00e7o. Cada avan\u00e7o na densidade energ\u00e9tica no futuro liberar\u00e1 maior valor energ\u00e9tico em um espa\u00e7o menor.&#8221;<\/p>\n<div id=\"prni_dvprnejpgc900left\" dir=\"ltr\" style=\"width: 800px;text-align: left\"><img decoding=\"async\" id=\"prnejpgc900left\" title=\"\" src=\"https:\/\/mma.prnewswire.com\/media\/2681751\/image_2.jpg\" alt=\"\" align=\"middle\" \/><\/div>\n<p>\u00a0<\/p>\n<div id=\"prni_dvprnejpgeb84left\" dir=\"ltr\" style=\"width: 800px;text-align: left\"><img decoding=\"async\" id=\"prnejpgeb84left\" title=\"\" src=\"https:\/\/mma.prnewswire.com\/media\/2681752\/image_3.jpg\" alt=\"\" align=\"middle\" \/><\/div>\n<p>Foto &#8211;\u00a0<a href=\"https:\/\/mma.prnewswire.com\/media\/2681750\/image.jpg\" target=\"_blank\" rel=\"nofollow\">https:\/\/mma.prnewswire.com\/media\/2681750\/image.jpg<\/a>\u00a0<\/p>\n<p>Foto &#8211;\u00a0<a href=\"https:\/\/mma.prnewswire.com\/media\/2681751\/image_2.jpg\" target=\"_blank\" rel=\"nofollow\">https:\/\/mma.prnewswire.com\/media\/2681751\/image_2.jpg<\/a>\u00a0<\/p>\n<p>Foto &#8211;\u00a0<a href=\"https:\/\/mma.prnewswire.com\/media\/2681752\/image_3.jpg\" target=\"_blank\" rel=\"nofollow\">https:\/\/mma.prnewswire.com\/media\/2681752\/image_3.jpg<\/a>\u00a0<\/p>\n<p>\u00a0<\/p>\n<p id=\"PURL\"><img loading=\"lazy\" decoding=\"async\" title=\"Cision\" width=\"12\" height=\"12\" alt=\"Cision\" src=\"https:\/\/c212.net\/c\/img\/favicon.png?sn=PT82459&amp;sd=2025-05-08\" \/> View original content:<a id=\"PRNURL\" rel=\"nofollow\" href=\"https:\/\/www.prnewswire.com\/br\/comunicados-para-a-imprensa\/catl-lanca-o-tener-stack-a-primeira-solucao-em-sistema-de-armazenamento-de-energia-de-capacidade-ultragrande-de-9-mwh-do-mundo-302450262.html\" target=\"_blank\">https:\/\/www.prnewswire.com\/br\/comunicados-para-a-imprensa\/catl-lanca-o-tener-stack-a-primeira-solucao-em-sistema-de-armazenamento-de-energia-de-capacidade-ultragrande-de-9-mwh-do-mundo-302450262.html<\/a><\/p>\n<p>FONTE  Contemporary Amperex Technology Co., Limited (CATL)<\/p>\n<\/div>\n<p><img decoding=\"async\" alt=\"\" src=\"https:\/\/rt.prnewswire.com\/rt.gif?NewsItemId=PT82459&amp;Transmission_Id=202505081135PR_NEWS_LATAM____PT82459&amp;DateId=20250508\" style=\"border:0px;width:1px;height:1px\" \/><\/p>\n<p><strong>T\u00f3picos Relacionados:<\/strong> Novos Produtos\/Servi\u00e7os, Servi\u00e7os P\u00fablicos, Produtos e Servi\u00e7os Ambientais, Energias Alternativas<\/p>\n<p>A <b>OESP<\/b> n\u00e3o \u00e9(s\u00e3o) respons\u00e1vel(is) por erros, incorre\u00e7\u00f5es, atrasos ou quaisquer decis\u00f5es tomadas por seus clientes com base nos Conte\u00fados ora disponibilizados, bem como tais Conte\u00fados n\u00e3o representam a opini\u00e3o da <b>OESP<\/b> e s\u00e3o de inteira responsabilidade da <b>PR Newswire Ltda<\/b><\/p>\n","protected":false},"excerpt":{"rendered":"A inova\u00e7\u00e3o hist\u00f3rica oferece alta capacidade associada ao transporte flex\u00edvel, redefinindo o armazenamento de energia em larga escala MUNIQUE, 8 de maio de 2025\u00a0 \/PRNewswire\/ &#8212; A CATL","protected":false},"author":1,"featured_media":0,"comment_status":"open","ping_status":"closed","sticky":false,"template":"","format":"standard","meta":{"_acf_changed":false,"inline_featured_image":false,"_monsterinsights_skip_tracking":false,"_monsterinsights_sitenote_active":false,"_monsterinsights_sitenote_note":"","_monsterinsights_sitenote_category":0,"footnotes":""},"categories":[27],"tags":[],"class_list":["post-111202","post","type-post","status-publish","format-standard","hentry","category-prnewswire"],"acf":[],"_links":{"self":[{"href":"https:\/\/bluestudio.estadao.com.br\/agencia-de-comunicacao\/wp-json\/wp\/v2\/posts\/111202","targetHints":{"allow":["GET"]}}],"collection":[{"href":"https:\/\/bluestudio.estadao.com.br\/agencia-de-comunicacao\/wp-json\/wp\/v2\/posts"}],"about":[{"href":"https:\/\/bluestudio.estadao.com.br\/agencia-de-comunicacao\/wp-json\/wp\/v2\/types\/post"}],"author":[{"embeddable":true,"href":"https:\/\/bluestudio.estadao.com.br\/agencia-de-comunicacao\/wp-json\/wp\/v2\/users\/1"}],"replies":[{"embeddable":true,"href":"https:\/\/bluestudio.estadao.com.br\/agencia-de-comunicacao\/wp-json\/wp\/v2\/comments?post=111202"}],"version-history":[{"count":0,"href":"https:\/\/bluestudio.estadao.com.br\/agencia-de-comunicacao\/wp-json\/wp\/v2\/posts\/111202\/revisions"}],"wp:attachment":[{"href":"https:\/\/bluestudio.estadao.com.br\/agencia-de-comunicacao\/wp-json\/wp\/v2\/media?parent=111202"}],"wp:term":[{"taxonomy":"category","embeddable":true,"href":"https:\/\/bluestudio.estadao.com.br\/agencia-de-comunicacao\/wp-json\/wp\/v2\/categories?post=111202"},{"taxonomy":"post_tag","embeddable":true,"href":"https:\/\/bluestudio.estadao.com.br\/agencia-de-comunicacao\/wp-json\/wp\/v2\/tags?post=111202"}],"curies":[{"name":"wp","href":"https:\/\/api.w.org\/{rel}","templated":true}]}}