{"id":111157,"date":"2025-05-07T12:12:00","date_gmt":"2025-05-07T15:12:00","guid":{"rendered":"https:\/\/bluestudio.estadao.com.br\/agencia-de-comunicacao\/prnewswire\/cetaphil-lanca-concurso-minha-historia-cetaphil-para-conhecer-relatos-reais-de-consumidores\/"},"modified":"2025-05-07T12:12:00","modified_gmt":"2025-05-07T15:12:00","slug":"cetaphil-lanca-concurso-minha-historia-cetaphil-para-conhecer-relatos-reais-de-consumidores","status":"publish","type":"post","link":"https:\/\/bluestudio.estadao.com.br\/agencia-de-comunicacao\/prnewswire\/cetaphil-lanca-concurso-minha-historia-cetaphil-para-conhecer-relatos-reais-de-consumidores\/","title":{"rendered":"Cetaphil\u00ae lan\u00e7a concurso &#8220;Minha Hist\u00f3ria Cetaphil&#8221; para conhecer relatos reais de consumidores"},"content":{"rendered":"<div class=\"xn-content\">\n<p class=\"prntac\"><i>Compartilhe sua hist\u00f3ria de cuidados com a pele e concorra a um kit completo de produtos para o seu skincare<\/i><\/p>\n<p id=\"temp_ReleaseStart\"><span class=\"legendSpanClass\">S\u00c3O PAULO<\/span>, <span class=\"legendSpanClass\">7 de maio de 2025<\/span> \/PRNewswire\/ &#8212; J\u00e1 pensou em transformar sua rotina de cuidados com a pele em um v\u00eddeo criativo e ainda ganhar um super pr\u00eamio?\u00a0Cetaphil<sup>\u00ae<\/sup> ? marca #1 em recomenda\u00e7\u00e3o pelos dermatologistas<sup>1<\/sup> ? acaba de lan\u00e7ar a campanha <b>&#8220;<\/b><a href=\"https:\/\/www.cetaphil.com.br\/minha-historia-cetaphil.html\" target=\"_blank\" rel=\"nofollow\"><b>Minha Hist\u00f3ria Cetaphil<\/b><\/a><b>&#8220;<\/b>, uma a\u00e7\u00e3o para conhecer hist\u00f3rias reais dos consumidores com a marca. Os 10 v\u00eddeos mais criativos e inspiradores ser\u00e3o premiados com um kit com diversos produtos de Cetaphil<sup>\u00ae<\/sup>.<\/p>\n<p class=\"prntaj\">A ideia \u00e9 simples: at\u00e9 o dia 10 de maio de 2025, \u00e9 s\u00f3 postar um v\u00eddeo no seu Instagram ou TikTok, com o perfil aberto, mostrando como os produtos da marca Cetaphil<sup>\u00ae <\/sup>fazem parte da sua rotina de cuidados com a pele. Vale contar como o produto \u00e9 usado, qual \u00e9 o seu favorito, como conheceu a marca ou o que ela representa na sua vida. O importante \u00e9 ser real e verdadeiro!<\/p>\n<div class=\"PRN_ImbeddedAssetReference\" id=\"DivAssetPlaceHolder5531\">\n<a href=\"https:\/\/mma.prnewswire.com\/media\/2681622\/CETAPHIL_ProductShoot2021_PIC_0118___Copia.html\" target=\"_blank\" rel=\"nofollow\"><img decoding=\"async\" src=\"https:\/\/mma.prnewswire.com\/media\/2681622\/CETAPHIL_ProductShoot2021_PIC_0118___Copia.jpg\" title=\"CETAPHIL_ProductShoot2021_PIC_0118\" alt=\"CETAPHIL_ProductShoot2021_PIC_0118\" \/><\/a><\/p>\n<\/div>\n<p class=\"prntaj\">Aten\u00e7\u00e3o para o checklist essencial da campanha:<\/p>\n<ul type=\"disc\">\n<li>Use as hashtags oficiais: #MinhaHistoriaCetaphil #PromocaoMinhaHistoriaCetaphil #CetaphilBrasil<\/li>\n<li>Siga o perfil da marca no <a href=\"https:\/\/www.instagram.com\/cetaphilbrasil\/\" target=\"_blank\" rel=\"nofollow\">Instagram<\/a> e <a href=\"https:\/\/www.tiktok.com\/@cetaphilbrasil\" target=\"_blank\" rel=\"nofollow\">TikTok<\/a>: @cetaphilbrasil.<\/li>\n<li>Capriche na criatividade, porque esse \u00e9 o grande diferencial!<\/li>\n<\/ul>\n<p class=\"prntaj\">Os v\u00eddeos ser\u00e3o avaliados entre os dias 10 e 12 de maio, por um time de jurados da marca, que v\u00e3o analisar a originalidade, clareza e criatividade.<\/p>\n<p class=\"prntaj\">Os 10 vencedores ser\u00e3o anunciados at\u00e9 o dia 15 de maio e os kits ser\u00e3o enviados para a casa dos ganhadores na sequ\u00eancia. A a\u00e7\u00e3o \u00e9 voltada para maiores de 18 anos e residentes no Brasil. E mesmo se voc\u00ea n\u00e3o for um dos vencedores, seu conte\u00fado ainda pode ser destacado nas redes de Cetaphil<sup>\u00ae<\/sup> ? porque hist\u00f3rias reais merecem ser compartilhadas!<\/p>\n<p class=\"prntaj\">Ficou com vontade? Ent\u00e3o corre, grave um v\u00eddeo e compartilhe sua hist\u00f3ria com Cetaphil<sup>\u00ae<\/sup>! Confira o regulamento completo no site <a href=\"http:\/\/cetaphil.com.br\/minha-historia-cetaphil.html\" target=\"_blank\" rel=\"nofollow\">cetaphil.com.br\/minha-historia-cetaphil.html<\/a> e acompanhe todas as etapas dessa campanha nas m\u00eddias sociais da marca <a href=\"https:\/\/www.instagram.com\/cetaphilbrasil\/\" target=\"_blank\" rel=\"nofollow\">@cetaphilbrasil<\/a>.<\/p>\n<p class=\"prntar\">CERTIFICADO DE AUTORIZA\u00c7\u00c3O SPA\/ME N\u00ba 03.040832\/2025<\/p>\n<p class=\"prntaj\"><b><i>Refer\u00eancias:<\/i><\/b><\/p>\n<p class=\"prntaj\"><i>1. IQVIA, GPS, base Set&#8217;23, MAT Set&#8217;23, quantidade de prescri\u00e7\u00f5es, total Brasil, canal varejo e delivery, considerando especialidade Dermatologia, CT2 D02 Emol\/Protetores Derm, exceto NEC1 88 ? Cuidados Infantis e NEC2 83F &#8211; Protetores Solares.<\/i><\/p>\n<p><b>Sobre a Galderma <br \/><\/b>A Galderma \u00e9 uma das empresas l\u00edderes em dermatologia, presente em aproximadamente 90 pa\u00edses. Oferecemos um portf\u00f3lio inovador, embasado em ci\u00eancia, com marcas e servi\u00e7os premium que abrangem todo o universo do mercado dermatol\u00f3gico em r\u00e1pido crescimento, por meio dos neg\u00f3cios de Est\u00e9tica Injet\u00e1vel e Skincare Dermatol\u00f3gico &amp; Dermatologia Terap\u00eautica. Desde a nossa funda\u00e7\u00e3o, em 1981, dedicamos nosso foco e paix\u00e3o ao maior \u00f3rg\u00e3o do corpo humano &#8211; a pele &#8211; atendendo \u00e0s necessidades individuais de consumidores e pacientes com resultados superiores, em parceria com profissionais de sa\u00fade. Estamos avan\u00e7ando a dermatologia para cada hist\u00f3ria de pele, por entender que a pele em que estamos molda nossas vidas. Para mais informa\u00e7\u00f5es: <a href=\"https:\/\/www.cetaphil.com.br\/\" target=\"_blank\" rel=\"nofollow\">https:\/\/www.cetaphil.com.br\/<\/a><\/p>\n<p>Foto &#8211; <a href=\"https:\/\/mma.prnewswire.com\/media\/2681622\/CETAPHIL_ProductShoot2021_PIC_0118___Copia.jpg\" target=\"_blank\" rel=\"nofollow\">https:\/\/mma.prnewswire.com\/media\/2681622\/CETAPHIL_ProductShoot2021_PIC_0118___Copia.jpg<\/a><\/p>\n<p>\u00a0<\/p>\n<div class=\"PRN_ImbeddedAssetReference\" id=\"DivAssetPlaceHolder0\"><\/div>\n<p id=\"PURL\"><img loading=\"lazy\" decoding=\"async\" title=\"Cision\" width=\"12\" height=\"12\" alt=\"Cision\" src=\"https:\/\/c212.net\/c\/img\/favicon.png?sn=PT82319&amp;sd=2025-05-07\" \/> View original content to download multimedia:<a id=\"PRNURL\" rel=\"nofollow\" href=\"https:\/\/www.prnewswire.com\/br\/comunicados-para-a-imprensa\/cetaphil-lanca-concurso-minha-historia-cetaphil-para-conhecer-relatos-reais-de-consumidores-302448760.html\" target=\"_blank\">https:\/\/www.prnewswire.com\/br\/comunicados-para-a-imprensa\/cetaphil-lanca-concurso-minha-historia-cetaphil-para-conhecer-relatos-reais-de-consumidores-302448760.html<\/a><\/p>\n<p>FONTE  Galderma<\/p>\n<\/div>\n<p><img decoding=\"async\" alt=\"\" src=\"https:\/\/rt.prnewswire.com\/rt.gif?NewsItemId=PT82319&amp;Transmission_Id=202505071108PR_NEWS_LATAM____PT82319&amp;DateId=20250507\" style=\"border:0px;width:1px;height:1px\" \/><\/p>\n<p><strong>T\u00f3picos Relacionados:<\/strong> Sa\u00fade\/Hospitais, Dom\u00e9stico\/Consumidor\/Cosm\u00e9ticos, Cosm\u00e9ticos e Cuidados Pessoais<\/p>\n<p>A <b>OESP<\/b> n\u00e3o \u00e9(s\u00e3o) respons\u00e1vel(is) por erros, incorre\u00e7\u00f5es, atrasos ou quaisquer decis\u00f5es tomadas por seus clientes com base nos Conte\u00fados ora disponibilizados, bem como tais Conte\u00fados n\u00e3o representam a opini\u00e3o da <b>OESP<\/b> e s\u00e3o de inteira responsabilidade da <b>PR Newswire Ltda<\/b><\/p>\n","protected":false},"excerpt":{"rendered":"Compartilhe sua hist\u00f3ria de cuidados com a pele e concorra a um kit completo de produtos para o seu skincare S\u00c3O PAULO, 7 de maio de 2025 \/PRNewswire\/ &#8212; J\u00e1 pensou em transformar sua rotina de","protected":false},"author":1,"featured_media":0,"comment_status":"open","ping_status":"closed","sticky":false,"template":"","format":"standard","meta":{"_acf_changed":false,"inline_featured_image":false,"_monsterinsights_skip_tracking":false,"_monsterinsights_sitenote_active":false,"_monsterinsights_sitenote_note":"","_monsterinsights_sitenote_category":0,"footnotes":""},"categories":[27],"tags":[],"class_list":["post-111157","post","type-post","status-publish","format-standard","hentry","category-prnewswire"],"acf":[],"_links":{"self":[{"href":"https:\/\/bluestudio.estadao.com.br\/agencia-de-comunicacao\/wp-json\/wp\/v2\/posts\/111157","targetHints":{"allow":["GET"]}}],"collection":[{"href":"https:\/\/bluestudio.estadao.com.br\/agencia-de-comunicacao\/wp-json\/wp\/v2\/posts"}],"about":[{"href":"https:\/\/bluestudio.estadao.com.br\/agencia-de-comunicacao\/wp-json\/wp\/v2\/types\/post"}],"author":[{"embeddable":true,"href":"https:\/\/bluestudio.estadao.com.br\/agencia-de-comunicacao\/wp-json\/wp\/v2\/users\/1"}],"replies":[{"embeddable":true,"href":"https:\/\/bluestudio.estadao.com.br\/agencia-de-comunicacao\/wp-json\/wp\/v2\/comments?post=111157"}],"version-history":[{"count":0,"href":"https:\/\/bluestudio.estadao.com.br\/agencia-de-comunicacao\/wp-json\/wp\/v2\/posts\/111157\/revisions"}],"wp:attachment":[{"href":"https:\/\/bluestudio.estadao.com.br\/agencia-de-comunicacao\/wp-json\/wp\/v2\/media?parent=111157"}],"wp:term":[{"taxonomy":"category","embeddable":true,"href":"https:\/\/bluestudio.estadao.com.br\/agencia-de-comunicacao\/wp-json\/wp\/v2\/categories?post=111157"},{"taxonomy":"post_tag","embeddable":true,"href":"https:\/\/bluestudio.estadao.com.br\/agencia-de-comunicacao\/wp-json\/wp\/v2\/tags?post=111157"}],"curies":[{"name":"wp","href":"https:\/\/api.w.org\/{rel}","templated":true}]}}