{"id":111046,"date":"2025-05-01T12:57:00","date_gmt":"2025-05-01T15:57:00","guid":{"rendered":"https:\/\/bluestudio.estadao.com.br\/agencia-de-comunicacao\/prnewswire\/abu-dhabi-selecionada-para-sediar-a-cerimonia-do-premio-pritzker-de-arquitetura-2025\/"},"modified":"2025-05-01T12:57:00","modified_gmt":"2025-05-01T15:57:00","slug":"abu-dhabi-selecionada-para-sediar-a-cerimonia-do-premio-pritzker-de-arquitetura-2025","status":"publish","type":"post","link":"https:\/\/bluestudio.estadao.com.br\/agencia-de-comunicacao\/prnewswire\/abu-dhabi-selecionada-para-sediar-a-cerimonia-do-premio-pritzker-de-arquitetura-2025\/","title":{"rendered":"Abu Dhabi selecionada para sediar a cerim\u00f4nia do Pr\u00eamio Pritzker de Arquitetura 2025"},"content":{"rendered":"<div class=\"xn-content\">\n<span class=\"legendSpanClass\">ABU\u00a0DHABI, UAE<\/span>, <span class=\"legendSpanClass\">1 de maio de 2025<\/span> \/PRNewswire\/ &#8212;\u00a0O Departamento de Cultura e Turismo ? <span class=\"xn-location\">Abu Dhabi<\/span> (DCT Abu Dhabi) anunciou que <span class=\"xn-location\">Abu Dhabi<\/span> sediar\u00e1 a cerim\u00f4nia do Pr\u00eamio Pritzker 2025, marcando uma estreia hist\u00f3rica para os Emirados \u00c1rabes Unidos (UAE) e o Oriente M\u00e9dio.<\/p>\n<div id=\"prni_dvprnejpg286fleft\" dir=\"ltr\" style=\"width: 100%;text-align: left\"><img decoding=\"async\" id=\"prnejpg286fleft\" title=\"Abu Dhabi Selected to Host the 2025 Pritzker Architecture Prize Ceremony\" src=\"https:\/\/mma.prnewswire.com\/media\/2678036\/Abu_Dhabi_2025_Pritzker_Architecture_Prize.jpg\" alt=\"Abu Dhabi Selected to Host the 2025 Pritzker Architecture Prize Ceremony\" align=\"middle\" \/><\/div>\n<p>Como o reconhecimento mais estimado do mundo no campo da arquitetura, o Pr\u00eamio Pritzker de Arquitetura homenageia arquitetos vivos cujo trabalho demonstra uma combina\u00e7\u00e3o de talento, vis\u00e3o e compromisso. Suas contribui\u00e7\u00f5es devem mostrar um impacto consistente e significativo na humanidade e no ambiente constru\u00eddo por meio da arte da arquitetura.<\/p>\n<p>A sele\u00e7\u00e3o de <span class=\"xn-location\">Abu Dhabi<\/span> como cidade anfitri\u00e3 marca um novo cap\u00edtulo na jornada cultural da capital dos Emirados \u00c1rabes Unidos e fortalece ainda mais seu papel de local de reuni\u00e3o dos principais pensadores criativos do mundo. Reflete a contribui\u00e7\u00e3o excepcional e crescente de <span class=\"xn-location\">Abu Dhabi<\/span> para o discurso arquitet\u00f4nico global, com um legado de vis\u00e3o ousada e investimento cultural que une patrim\u00f4nio, inova\u00e7\u00e3o e sustentabilidade.<\/p>\n<p>Desde o desenvolvimento e restauro da <b> Funda\u00e7\u00e3o Cultural <\/b> at\u00e9 \u00edcones modernos como o <b> Louvre <span class=\"xn-location\">Abu Dhabi<\/span><\/b>, projetado por <span class=\"xn-person\">Jean Nouvel<\/span> (<i> Laureado com o Pr\u00e9mio Pritzker, 2008<\/i>), o <b> Museu Nacional Zayed <\/b>, prestes a abrir, por Lord <span class=\"xn-person\">Norman Foster<\/span> (<i> Laureado com o Pr\u00e9mio Pritzker, 1999<\/i>), e o <b> Guggenheim <span class=\"xn-location\">Abu Dhabi<\/span><\/b> por <span class=\"xn-person\">Frank Gehry<\/span> (<i> Laureado com o Pr\u00e9mio Pritzker, 1989<\/i>), o emirado emergiu como um centro global de arquitetura transformadora e significativa. Esses projetos marcantes est\u00e3o alinhados com o compromisso cont\u00ednuo do DCT Abu Dhabi de preservar, promover e proteger a rica heran\u00e7a cultural do emirado, al\u00e9m de defender a inova\u00e7\u00e3o e a criatividade como impulsionadores do desenvolvimento sustent\u00e1vel e do di\u00e1logo global.<\/p>\n<p><b> Sua Excel\u00eancia <span class=\"xn-person\">Mohamed Khalifa Al Mubarak<\/span>, Presidente do Departamento de Cultura e Turismo ? <span class=\"xn-location\">Abu Dhabi<\/span><\/b>, <b> disse:<\/b> &#8220;Estamos profundamente honrados por <span class=\"xn-location\">Abu Dhabi<\/span> ter sido escolhida como a cidade anfitri\u00e3 do Pr\u00eamio Pritzker de Arquitetura 2025, refletindo o reconhecimento que <span class=\"xn-location\">Abu Dhabi<\/span> recebeu globalmente como um centro cultural. Ao sediar este evento, o DCT Abu Dhabi tem a honra de oferecer uma plataforma para a troca de ideias que moldar\u00e3o as cidades de amanh\u00e3. Isso reafirma a vis\u00e3o de longo prazo de <span class=\"xn-location\">Abu Dhabi<\/span> de colocar a criatividade, o di\u00e1logo e a sustentabilidade no centro de nosso desenvolvimento e nossa cren\u00e7a no poder transformador da arquitetura para moldar comunidades e enriquecer vidas.&#8221;<\/p>\n<p>&#8220;Todos os anos, o Pr\u00eamio Pritzker mant\u00e9m a tradi\u00e7\u00e3o de sediar a cerim\u00f4nia em locais arquitet\u00f4nica e historicamente significativos, abrangendo mil\u00eanios e geografias. Nos \u00faltimos anos, a crescente presen\u00e7a dos Emirados \u00c1rabes Unidos no cen\u00e1rio global de artes e cultura e a abertura no apoio \u00e0s obras de arquitetos internacionais fornecem um pano de fundo de novidade, refletindo a diversidade dentro de nossa miss\u00e3o e a sele\u00e7\u00e3o de nossos laureados e jurados &#8220;, explica <span class=\"xn-person\">Tom Pritzker<\/span>, presidente da The Hyatt Foundation. &#8220;Como tr\u00eas edif\u00edcios ic\u00f4nicos, cada um projetado pelos laureados do Pritzker, <span class=\"xn-person\">Jean Nouvel<\/span>, <span class=\"xn-person\">Norman Foster<\/span> e <span class=\"xn-person\">Frank Gehry<\/span>, redefinem o horizonte desta cidade, <span class=\"xn-location\">Abu Dhabi<\/span> d\u00e1 uma extens\u00e3o natural ao nosso programa.&#8221;<\/p>\n<p>O evento coincidir\u00e1 com um painel de discuss\u00e3o p\u00fablico que ocorrer\u00e1 na Funda\u00e7\u00e3o Cultural no dia 3 de maio, liderado por Liu Jiakun, ganhador do Pr\u00eamio Pritzker 2025. Ele ser\u00e1 acompanhado pelos colegas laureados <span class=\"xn-person\">Riken Yamamoto<\/span> (2024), <span class=\"xn-person\">David Chipperfield<\/span> (2023) e Francis K\u00e9r\u00e9 (2022).<\/p>\n<p>Juntas, essas vozes de lideran\u00e7a explorar\u00e3o o papel da arquitetura na celebra\u00e7\u00e3o da express\u00e3o cultural refletida em suas pr\u00f3prias pr\u00e1ticas e no futuro do ambiente constru\u00eddo.<\/p>\n<p><b> Sobre o Departamento de Cultura e Turismo ? <span class=\"xn-location\">Abu Dhabi<\/span>:<\/b><\/p>\n<p>O Departamento de Cultura e Turismo ? <span class=\"xn-location\">Abu Dhabi<\/span> (DCT Abu Dhabi) impulsiona o crescimento sustent\u00e1vel dos setores de cultura e turismo de <span class=\"xn-location\">Abu Dhabi<\/span> e suas ind\u00fastrias criativas, impulsionando o progresso econ\u00f4mico e ajudando a alcan\u00e7ar as ambi\u00e7\u00f5es globais mais amplas de <span class=\"xn-location\">Abu Dhabi<\/span>.<\/p>\n<p>Ao trabalhar em parceria com as organiza\u00e7\u00f5es que definem a posi\u00e7\u00e3o do emirado como um destino internacional l\u00edder, a DCT Abu Dhabi se esfor\u00e7a para unir o ecossistema em torno de uma vis\u00e3o compartilhada do potencial do emirado, coordenar esfor\u00e7os e investimentos, fornecer solu\u00e7\u00f5es inovadoras e usar as melhores ferramentas, pol\u00edticas e sistemas para dar suporte aos setores de cultura e turismo.<\/p>\n<p>A vis\u00e3o do DCT Abu Dhabi \u00e9 definida pelo povo, patrim\u00f4nio e paisagem do emirado. Trabalhamos para melhorar o status de <span class=\"xn-location\">Abu Dhabi<\/span> como um lugar de autenticidade, inova\u00e7\u00e3o e experi\u00eancias incompar\u00e1veis, representadas por suas tradi\u00e7\u00f5es vivas de hospitalidade, iniciativas pioneiras e pensamento criativo.<\/p>\n<p><b> Para mais informa\u00e7\u00f5es sobre o Departamento de Cultura e Turismo ? <span class=\"xn-location\">Abu Dhabi<\/span> e o destino, visite: <a href=\"https:\/\/dct.gov.ae\/\" target=\"_blank\" rel=\"nofollow\"> dct.gov.ae<\/a> e <a href=\"https:\/\/abudhabiculture.ae\/\" target=\"_blank\" rel=\"nofollow\"> abudhabiculture.ae<\/a>.<\/b><\/p>\n<p>Foto: <a href=\"https:\/\/mma.prnewswire.com\/media\/2678036\/Abu_Dhabi_2025_Pritzker_Architecture_Prize.jpg\" target=\"_blank\" rel=\"nofollow\"> https:\/\/mma.prnewswire.com\/media\/2678036\/Abu_Dhabi_2025_Pritzker_Architecture_Prize.jpg<\/a><\/p>\n<p>\u00a0<\/p>\n<p id=\"PURL\"><img loading=\"lazy\" decoding=\"async\" title=\"Cision\" width=\"12\" height=\"12\" alt=\"Cision\" src=\"https:\/\/c212.net\/c\/img\/favicon.png?sn=PT78015&amp;sd=2025-05-01\" \/> View original content:<a id=\"PRNURL\" rel=\"nofollow\" href=\"https:\/\/www.prnewswire.com\/br\/comunicados-para-a-imprensa\/abu-dhabi-selecionada-para-sediar-a-cerimonia-do-premio-pritzker-de-arquitetura-2025-302444252.html\" target=\"_blank\">https:\/\/www.prnewswire.com\/br\/comunicados-para-a-imprensa\/abu-dhabi-selecionada-para-sediar-a-cerimonia-do-premio-pritzker-de-arquitetura-2025-302444252.html<\/a><\/p>\n<p>FONTE  Department of Culture and Tourism &#8211; <span class=\"xn-location\">Abu Dhabi<\/span><\/p>\n<\/div>\n<p><img decoding=\"async\" alt=\"\" src=\"https:\/\/rt.prnewswire.com\/rt.gif?NewsItemId=PT78015&amp;Transmission_Id=202505011149PR_NEWS_LATAM____PT78015&amp;DateId=20250501\" style=\"border:0px;width:1px;height:1px\" \/><\/p>\n<p><strong>T\u00f3picos Relacionados:<\/strong> Eventos Futuros, Viagens, Pr\u00eamios, Constru\u00e7\u00e3o\/Edifica\u00e7\u00e3o, Arte, Cultura e Design, Entretenimento<\/p>\n<p>A <b>OESP<\/b> n\u00e3o \u00e9(s\u00e3o) respons\u00e1vel(is) por erros, incorre\u00e7\u00f5es, atrasos ou quaisquer decis\u00f5es tomadas por seus clientes com base nos Conte\u00fados ora disponibilizados, bem como tais Conte\u00fados n\u00e3o representam a opini\u00e3o da <b>OESP<\/b> e s\u00e3o de inteira responsabilidade da <b>PR Newswire Ltda<\/b><\/p>\n","protected":false},"excerpt":{"rendered":"ABU\u00a0DHABI, UAE, 1 de maio de 2025 \/PRNewswire\/ &#8212;\u00a0O Departamento de Cultura e Turismo ? Abu Dhabi (DCT Abu Dhabi) anunciou que Abu Dhabi sediar\u00e1 a cerim\u00f4nia do Pr\u00eamio Pritzker 2025, marcando","protected":false},"author":1,"featured_media":0,"comment_status":"open","ping_status":"closed","sticky":false,"template":"","format":"standard","meta":{"_acf_changed":false,"inline_featured_image":false,"_monsterinsights_skip_tracking":false,"_monsterinsights_sitenote_active":false,"_monsterinsights_sitenote_note":"","_monsterinsights_sitenote_category":0,"footnotes":""},"categories":[27],"tags":[],"class_list":["post-111046","post","type-post","status-publish","format-standard","hentry","category-prnewswire"],"acf":[],"_links":{"self":[{"href":"https:\/\/bluestudio.estadao.com.br\/agencia-de-comunicacao\/wp-json\/wp\/v2\/posts\/111046","targetHints":{"allow":["GET"]}}],"collection":[{"href":"https:\/\/bluestudio.estadao.com.br\/agencia-de-comunicacao\/wp-json\/wp\/v2\/posts"}],"about":[{"href":"https:\/\/bluestudio.estadao.com.br\/agencia-de-comunicacao\/wp-json\/wp\/v2\/types\/post"}],"author":[{"embeddable":true,"href":"https:\/\/bluestudio.estadao.com.br\/agencia-de-comunicacao\/wp-json\/wp\/v2\/users\/1"}],"replies":[{"embeddable":true,"href":"https:\/\/bluestudio.estadao.com.br\/agencia-de-comunicacao\/wp-json\/wp\/v2\/comments?post=111046"}],"version-history":[{"count":0,"href":"https:\/\/bluestudio.estadao.com.br\/agencia-de-comunicacao\/wp-json\/wp\/v2\/posts\/111046\/revisions"}],"wp:attachment":[{"href":"https:\/\/bluestudio.estadao.com.br\/agencia-de-comunicacao\/wp-json\/wp\/v2\/media?parent=111046"}],"wp:term":[{"taxonomy":"category","embeddable":true,"href":"https:\/\/bluestudio.estadao.com.br\/agencia-de-comunicacao\/wp-json\/wp\/v2\/categories?post=111046"},{"taxonomy":"post_tag","embeddable":true,"href":"https:\/\/bluestudio.estadao.com.br\/agencia-de-comunicacao\/wp-json\/wp\/v2\/tags?post=111046"}],"curies":[{"name":"wp","href":"https:\/\/api.w.org\/{rel}","templated":true}]}}