{"id":111038,"date":"2025-05-01T10:12:00","date_gmt":"2025-05-01T13:12:00","guid":{"rendered":"https:\/\/bluestudio.estadao.com.br\/agencia-de-comunicacao\/prnewswire\/tumi-celebra-a-nova-colecao-19-degree-lite-com-campanha-estrelada-pelo-embaixador-global-lando-norris\/"},"modified":"2025-05-01T10:12:00","modified_gmt":"2025-05-01T13:12:00","slug":"tumi-celebra-a-nova-colecao-19-degree-lite-com-campanha-estrelada-pelo-embaixador-global-lando-norris","status":"publish","type":"post","link":"https:\/\/bluestudio.estadao.com.br\/agencia-de-comunicacao\/prnewswire\/tumi-celebra-a-nova-colecao-19-degree-lite-com-campanha-estrelada-pelo-embaixador-global-lando-norris\/","title":{"rendered":"TUMI CELEBRA A NOVA COLE\u00c7\u00c3O 19 DEGREE LITE COM CAMPANHA ESTRELADA PELO EMBAIXADOR GLOBAL, LANDO NORRIS"},"content":{"rendered":"<div class=\"xn-content\">\n<p class=\"prntac\"><i>A marca apresenta a segunda etapa de uma campanha em m\u00faltiplos cap\u00edtulos, com o objetivo de destacar a cole\u00e7\u00e3o de malas r\u00edgidas mais leve j\u00e1 lan\u00e7ada pela TUMI at\u00e9 o momento.<\/i><\/p>\n<p><span class=\"legendSpanClass\">NOVA IORQUE<\/span>, <span class=\"legendSpanClass\">1 de maio de 2025<\/span> \/PRNewswire\/ &#8212; Hoje, a marca internacional de viagens e estilo de vida TUMI apresenta a 19 Degree Lite, com o segundo cap\u00edtulo da campanha &#8220;Uncompromisingly Light&#8221;, estrelada por <span class=\"xn-person\">Lando Norris<\/span>, embaixador global da TUMI e piloto mundialmente renomado de F\u00f3rmula 1 da McLaren.<\/p>\n<div class=\"PRN_ImbeddedAssetReference\" id=\"DivAssetPlaceHolder3928\">\n<a href=\"https:\/\/mma.prnewswire.com\/media\/2423872\/TUMI_BLACK_Logo.html\" target=\"_blank\" rel=\"nofollow\"><img decoding=\"async\" src=\"https:\/\/mma.prnewswire.com\/media\/2423872\/TUMI_BLACK_Logo.jpg\" title=\"(PRNewsfoto\/Tumi, Inc.)\" alt=\"(PRNewsfoto\/Tumi, Inc.)\" \/><\/a><\/p>\n<\/div>\n<p class=\"prntaj\">Nesta campanha din\u00e2mica, que apresenta a nova cole\u00e7\u00e3o, a TUMI amplia a sensa\u00e7\u00e3o de leveza transmitida pela 19 Degree Lite. A aten\u00e7\u00e3o meticulosa da marca aos detalhes ? desde as rodas duplas mais leves at\u00e9 os z\u00edperes ultraleves ? permite que Lando se mova com facilidade.<\/p>\n<p class=\"prntaj\">&#8220;Trabalhar e viajar com a TUMI \u00e9 sempre uma experi\u00eancia incr\u00edvel, e esta campanha tornou minha primeira viagem ao <span class=\"xn-person\">Lago de Como<\/span>, na It\u00e1lia, inesquec\u00edvel&#8221;, disse <span class=\"xn-person\">Lando Norris<\/span>. &#8220;Explorar a paisagem foi muito mais prazeroso e f\u00e1cil com a 19 Degree Lite ao meu lado ? uma experi\u00eancia que, com certeza, n\u00e3o vou esquecer t\u00e3o cedo.&#8221;<\/p>\n<p class=\"prntaj\">Dirigida por <span class=\"xn-person\">Keane Pearce Shaw<\/span> e fotografada por <span class=\"xn-person\">Emma Panchot<\/span>, a campanha foi filmada no <span class=\"xn-person\">Lago de Como<\/span> e ganha vida por meio da experi\u00eancia e perspectiva pessoal de Lando. \u00c0 medida que ele explora a ic\u00f4nica Villa Erba e percorre as ruas de paralelep\u00edpedos, o filme captura o movimento sem esfor\u00e7o da 19 Degree Lite, refletindo a mesma liberdade e agilidade que Lando demonstra ao volante.<\/p>\n<p class=\"prntaj\">&#8220;A 19 Degree Lite representa nosso compromisso cont\u00ednuo em criar produtos que acompanham nossos clientes em suas jornadas com facilidade&#8221;, disse o Diretor Criativo Victor Sanz. &#8220;Como piloto campe\u00e3o, com uma paix\u00e3o incompar\u00e1vel por precis\u00e3o e design, Lando foi a escolha perfeita para o segundo cap\u00edtulo de nossa campanha. Ver como ele interage com nossos produtos \u00e9 fascinante ? a maneira como se move com tanta facilidade e agilidade \u00e9 um testemunho do fluxo natural, da facilidade din\u00e2mica e do controle que ele demonstra consistentemente, tanto na pista, quanto fora dela&#8221;, acrescenta Sanz.<\/p>\n<p class=\"prntaj\">A cole\u00e7\u00e3o inclui dois modelos de malas de viagem: a Extended Trip 4 Wheeled Packing Case e a Short Trip 4 Wheeled Packing Case, al\u00e9m de dois modelos de malas pequenas: a International 4 Wheeled Carry-On e a Continental 4 Wheeled Carry-On. Dispon\u00edvel nas cores principais <span class=\"xn-person\">Rosa Claro<\/span>, Cinza Tit\u00e2nio e Grafite Preto, com cores sazonais adicionais \u00c2mbar e Cobalto, a nova cole\u00e7\u00e3o tem pre\u00e7os que variam de <span class=\"xn-money\">$795<\/span> a <span class=\"xn-money\">$995 USD<\/span>.<\/p>\n<p class=\"prntaj\">Destacada na campanha ao lado da 19 Degree Lite, est\u00e1 a cobi\u00e7ada colabora\u00e7\u00e3o TUMI | McLaren em uma nova cor, Super Cinza (Super Grey, em ingl\u00eas), inspirada na tonalidade mais vendida da McLaren, Supernova Prata (Supernova Silver, em ingl\u00eas). Outros designs inclu\u00eddos s\u00e3o das ic\u00f4nicas cole\u00e7\u00f5es Harrison, <span class=\"xn-person\">Alpha Bravo<\/span> e <span class=\"xn-location\">Turin<\/span>.<\/p>\n<p class=\"prntaj\">A adi\u00e7\u00e3o dessa vers\u00e3o mais leve ao universo da cole\u00e7\u00e3o 19 Degree ? a 19 Degree Lite ? est\u00e1 dispon\u00edvel nas lojas TUMI ao redor do mundo e no site TUMI.com. Confira os conte\u00fados exclusivos dos bastidores da campanha nos nossos canais oficiais @TUMITravel.<\/p>\n<p class=\"prntaj\"><b>Sobre a TUMI<\/b><\/p>\n<p class=\"prntaj\">Desde 1975, a TUMI Travel \u00e9 uma marca do segmento de luxo especializada em solu\u00e7\u00f5es de viagens, neg\u00f3cios e estilo de vida com cole\u00e7\u00f5es de alta performance. Combinando sofistica\u00e7\u00e3o, funcionalidade impec\u00e1vel e esp\u00edrito inovador, a TUMI se dedica a ser um parceiro vital\u00edcio para os viajantes e para os amantes de um estilo de vida em movimento e apaixonados por suas jornadas. Para saber mais, acesse <a href=\"https:\/\/c212.net\/c\/link\/?t=0&amp;l=pt&amp;o=4409633-1&amp;h=2387649100&amp;u=https%3A%2F%2Fc212.net%2Fc%2Flink%2F%3Ft%3D0%26l%3Dpt%26o%3D4401578-1%26h%3D3272710038%26u%3Dhttps%253A%252F%252Fc212.net%252Fc%252Flink%252F%253Ft%253D0%2526l%253Den%2526o%253D4401578-1%2526h%253D4061430227%2526u%253Dhttps%25253A%25252F%25252Fc212.net%25252Fc%25252Flink%25252F%25253Ft%25253D0%252526l%25253Den%252526o%25253D3963750-1%252526h%25253D3942903604%252526u%25253Dhttp%2525253A%2525252F%2525252Ftumi.com%2525252F%252526a%25253DTUMI.com%2526a%253DTUMI.com%26a%3DTUMI.com&amp;a=TUMI.com\" target=\"_blank\" rel=\"nofollow\">TUMI.com<\/a> e acompanhe a marca no <a href=\"https:\/\/c212.net\/c\/link\/?t=0&amp;l=pt&amp;o=4409633-1&amp;h=2960086441&amp;u=https%3A%2F%2Fc212.net%2Fc%2Flink%2F%3Ft%3D0%26l%3Dpt%26o%3D4401578-1%26h%3D3471331842%26u%3Dhttps%253A%252F%252Fc212.net%252Fc%252Flink%252F%253Ft%253D0%2526l%253Den%2526o%253D4401578-1%2526h%253D779913195%2526u%253Dhttps%25253A%25252F%25252Fwww.instagram.com%25252Ftumitravel%25252F%25253Fhl%25253Den%2526a%253DInstagram%26a%3DInstagram&amp;a=Instagram\" target=\"_blank\" rel=\"nofollow\">Instagram<\/a>, <a href=\"https:\/\/c212.net\/c\/link\/?t=0&amp;l=pt&amp;o=4409633-1&amp;h=971597630&amp;u=https%3A%2F%2Fc212.net%2Fc%2Flink%2F%3Ft%3D0%26l%3Dpt%26o%3D4401578-1%26h%3D1436019215%26u%3Dhttps%253A%252F%252Fc212.net%252Fc%252Flink%252F%253Ft%253D0%2526l%253Den%2526o%253D4401578-1%2526h%253D3169376531%2526u%253Dhttps%25253A%25252F%25252Fwww.tiktok.com%25252F%252540tumitravel%2526a%253DTikTok%26a%3DTikTok&amp;a=TikTok\" target=\"_blank\" rel=\"nofollow\">TikTok<\/a>, <a href=\"https:\/\/c212.net\/c\/link\/?t=0&amp;l=pt&amp;o=4409633-1&amp;h=1517004704&amp;u=https%3A%2F%2Fc212.net%2Fc%2Flink%2F%3Ft%3D0%26l%3Dpt%26o%3D4401578-1%26h%3D2445434419%26u%3Dhttps%253A%252F%252Fc212.net%252Fc%252Flink%252F%253Ft%253D0%2526l%253Den%2526o%253D4401578-1%2526h%253D3734112132%2526u%253Dhttps%25253A%25252F%25252Fwww.facebook.com%25252FTumiTravel%25252F%2526a%253DFacebook%26a%3DFacebook&amp;a=Facebook\" target=\"_blank\" rel=\"nofollow\">Facebook<\/a> e <a href=\"https:\/\/c212.net\/c\/link\/?t=0&amp;l=pt&amp;o=4409633-1&amp;h=974687098&amp;u=https%3A%2F%2Fc212.net%2Fc%2Flink%2F%3Ft%3D0%26l%3Dpt%26o%3D4401578-1%26h%3D2618724917%26u%3Dhttps%253A%252F%252Fc212.net%252Fc%252Flink%252F%253Ft%253D0%2526l%253Den%2526o%253D4401578-1%2526h%253D2930021082%2526u%253Dhttps%25253A%25252F%25252Fwww.youtube.com%25252F%252540TumiTravel%25252Ffeatured%2526a%253DYouTube%26a%3DYouTube&amp;a=YouTube\" target=\"_blank\" rel=\"nofollow\">YouTube<\/a>.<\/p>\n<p class=\"prntaj\">TUMI e o logotipo da TUMI s\u00e3o marcas registradas da Tumi, Inc. \u00a9 2025 Tumi, Inc.<\/p>\n<p class=\"prntaj\"><b>Contatos de M\u00eddia da TUMI \u00a0<br \/><\/b><span class=\"xn-person\">Jerad Hulse<\/span> ? <a href=\"mailto:jerad.hulse@tumi.com\" target=\"_blank\" rel=\"nofollow\">jerad.hulse@tumi.com<\/a><\/p>\n<div class=\"PRN_ImbeddedAssetReference\" id=\"DivAssetPlaceHolder1387\">\n<a href=\"https:\/\/mma.prnewswire.com\/media\/2669775\/Lando_Norris_with_Product.html\" target=\"_blank\" rel=\"nofollow\"><img decoding=\"async\" src=\"https:\/\/mma.prnewswire.com\/media\/2669775\/Lando_Norris_with_Product.jpg\" title=\"Lando Norris com a mala de bordo com 4 rodas International e a mala de viagem com 4 rodas Extended Trip da 19 Degree Lite em grafite preto\" alt=\"Lando Norris com a mala de bordo com 4 rodas International e a mala de viagem com 4 rodas Extended Trip da 19 Degree Lite em grafite preto\" \/><\/a><\/p>\n<\/div>\n<p>Logo &#8211;\u00a0<a href=\"https:\/\/c212.net\/c\/link\/?t=0&amp;l=pt&amp;o=4409633-1&amp;h=1696841253&amp;u=https%3A%2F%2Fc212.net%2Fc%2Flink%2F%3Ft%3D0%26l%3Den%26o%3D4409633-1%26h%3D3667282007%26u%3Dhttps%253A%252F%252Fmma.prnewswire.com%252Fmedia%252F2423872%252FTUMI_BLACK_Logo.jpg%26a%3Dhttps%253A%252F%252Fmma.prnewswire.com%252Fmedia%252F2423872%252FTUMI_BLACK_Logo.jpg&amp;a=https%3A%2F%2Fmma.prnewswire.com%2Fmedia%2F2423872%2FTUMI_BLACK_Logo.jpg\" target=\"_blank\" rel=\"nofollow\">https:\/\/mma.prnewswire.com\/media\/2423872\/TUMI_BLACK_Logo.jpg<\/a><br \/>Foto &#8211; <a href=\"https:\/\/c212.net\/c\/link\/?t=0&amp;l=pt&amp;o=4409633-1&amp;h=1891086482&amp;u=https%3A%2F%2Fmma.prnewswire.com%2Fmedia%2F2669775%2FLando_Norris_with_Product.jpg&amp;a=https%3A%2F%2Fmma.prnewswire.com%2Fmedia%2F2669775%2FLando_Norris_with_Product.jpg\" target=\"_blank\" rel=\"nofollow\">https:\/\/mma.prnewswire.com\/media\/2669775\/Lando_Norris_with_Product.jpg<\/a><\/p>\n<div class=\"PRN_ImbeddedAssetReference\" id=\"DivAssetPlaceHolder0\"><\/div>\n<p id=\"PURL\"><img loading=\"lazy\" decoding=\"async\" title=\"Cision\" width=\"12\" height=\"12\" alt=\"Cision\" src=\"https:\/\/c212.net\/c\/img\/favicon.png?sn=PT69150&amp;sd=2025-05-01\" \/> View original content to download multimedia:<a id=\"PRNURL\" rel=\"nofollow\" href=\"https:\/\/www.prnewswire.com\/br\/comunicados-para-a-imprensa\/tumi-celebra-a-nova-colecao-19-degree-lite-com-campanha-estrelada-pelo-embaixador-global-lando-norris-302439950.html\" target=\"_blank\">https:\/\/www.prnewswire.com\/br\/comunicados-para-a-imprensa\/tumi-celebra-a-nova-colecao-19-degree-lite-com-campanha-estrelada-pelo-embaixador-global-lando-norris-302439950.html<\/a><\/p>\n<p>FONTE  Tumi, Inc.<\/p>\n<\/div>\n<p><img decoding=\"async\" alt=\"\" src=\"https:\/\/rt.prnewswire.com\/rt.gif?NewsItemId=PT69150&amp;Transmission_Id=202505010900PR_NEWS_LATAM____PT69150&amp;DateId=20250501\" style=\"border:0px;width:1px;height:1px\" \/><\/p>\n<p><strong>T\u00f3picos Relacionados:<\/strong> Acordos de Licenciamento\/Marketing, Novos Produtos\/Servi\u00e7os, Moda, Varejo, Esportes, Dom\u00e9stico\/Consumidor\/Cosm\u00e9ticos<\/p>\n<p>A <b>OESP<\/b> n\u00e3o \u00e9(s\u00e3o) respons\u00e1vel(is) por erros, incorre\u00e7\u00f5es, atrasos ou quaisquer decis\u00f5es tomadas por seus clientes com base nos Conte\u00fados ora disponibilizados, bem como tais Conte\u00fados n\u00e3o representam a opini\u00e3o da <b>OESP<\/b> e s\u00e3o de inteira responsabilidade da <b>PR Newswire Ltda<\/b><\/p>\n","protected":false},"excerpt":{"rendered":"A marca apresenta a segunda etapa de uma campanha em m\u00faltiplos cap\u00edtulos, com o objetivo de destacar a cole\u00e7\u00e3o de malas r\u00edgidas mais leve j\u00e1 lan\u00e7ada pela TUMI at\u00e9 o momento. NOVA IORQUE, 1 de","protected":false},"author":1,"featured_media":0,"comment_status":"open","ping_status":"closed","sticky":false,"template":"","format":"standard","meta":{"_acf_changed":false,"inline_featured_image":false,"_monsterinsights_skip_tracking":false,"_monsterinsights_sitenote_active":false,"_monsterinsights_sitenote_note":"","_monsterinsights_sitenote_category":0,"footnotes":""},"categories":[27],"tags":[],"class_list":["post-111038","post","type-post","status-publish","format-standard","hentry","category-prnewswire"],"acf":[],"_links":{"self":[{"href":"https:\/\/bluestudio.estadao.com.br\/agencia-de-comunicacao\/wp-json\/wp\/v2\/posts\/111038","targetHints":{"allow":["GET"]}}],"collection":[{"href":"https:\/\/bluestudio.estadao.com.br\/agencia-de-comunicacao\/wp-json\/wp\/v2\/posts"}],"about":[{"href":"https:\/\/bluestudio.estadao.com.br\/agencia-de-comunicacao\/wp-json\/wp\/v2\/types\/post"}],"author":[{"embeddable":true,"href":"https:\/\/bluestudio.estadao.com.br\/agencia-de-comunicacao\/wp-json\/wp\/v2\/users\/1"}],"replies":[{"embeddable":true,"href":"https:\/\/bluestudio.estadao.com.br\/agencia-de-comunicacao\/wp-json\/wp\/v2\/comments?post=111038"}],"version-history":[{"count":0,"href":"https:\/\/bluestudio.estadao.com.br\/agencia-de-comunicacao\/wp-json\/wp\/v2\/posts\/111038\/revisions"}],"wp:attachment":[{"href":"https:\/\/bluestudio.estadao.com.br\/agencia-de-comunicacao\/wp-json\/wp\/v2\/media?parent=111038"}],"wp:term":[{"taxonomy":"category","embeddable":true,"href":"https:\/\/bluestudio.estadao.com.br\/agencia-de-comunicacao\/wp-json\/wp\/v2\/categories?post=111038"},{"taxonomy":"post_tag","embeddable":true,"href":"https:\/\/bluestudio.estadao.com.br\/agencia-de-comunicacao\/wp-json\/wp\/v2\/tags?post=111038"}],"curies":[{"name":"wp","href":"https:\/\/api.w.org\/{rel}","templated":true}]}}