{"id":111033,"date":"2025-05-01T09:12:00","date_gmt":"2025-05-01T12:12:00","guid":{"rendered":"https:\/\/bluestudio.estadao.com.br\/agencia-de-comunicacao\/prnewswire\/em-sao-paulo-pesquisadores-apresentam-os-estudos-mais-avancados-no-brasil-e-na-alemanha-sobre-ia-em-medicina-comunicacao-ciencia-engenharia-e-direitos-civis\/"},"modified":"2025-05-01T09:12:00","modified_gmt":"2025-05-01T12:12:00","slug":"em-sao-paulo-pesquisadores-apresentam-os-estudos-mais-avancados-no-brasil-e-na-alemanha-sobre-ia-em-medicina-comunicacao-ciencia-engenharia-e-direitos-civis","status":"publish","type":"post","link":"https:\/\/bluestudio.estadao.com.br\/agencia-de-comunicacao\/prnewswire\/em-sao-paulo-pesquisadores-apresentam-os-estudos-mais-avancados-no-brasil-e-na-alemanha-sobre-ia-em-medicina-comunicacao-ciencia-engenharia-e-direitos-civis\/","title":{"rendered":"Em S\u00e3o Paulo, pesquisadores apresentam os estudos mais avan\u00e7ados no Brasil e na Alemanha sobre IA em Medicina, Comunica\u00e7\u00e3o, Ci\u00eancia, Engenharia e Direitos Civis"},"content":{"rendered":"<div class=\"xn-content\">\n<ul type=\"disc\">\n<li><i>Durante dois dias, 18 cientistas das maiores institui\u00e7\u00f5es de pesquisa do Brasil e da Alemanha falar\u00e3o sobre a aplicabilidade da Intelig\u00eancia Artificial em quatro grandes \u00e1reas; <\/i><\/li>\n<li><i>Chamam aten\u00e7\u00e3o: tratamentos m\u00e9dicos, responsabilidade civil e \u00f4nus da prova jur\u00eddica e grupos vulner\u00e1veis na alfabetiza\u00e7\u00e3o digital.<\/i><\/li>\n<\/ul>\n<p><span class=\"legendSpanClass\">S\u00c3O PAULO<\/span>, <span class=\"legendSpanClass\">1 de maio de 2025<\/span> \/PRNewswire\/ &#8212; De 7 a 8 de maio, das 9h \u00e0s 17h30, acontece no Audit\u00f3rio da FAPESP, em S\u00e3o Paulo (SP), a 11\u00aa edi\u00e7\u00e3o do Di\u00e1logo Brasil-Alemanha de Ci\u00eancia, Pesquisa e Inova\u00e7\u00e3o, com o tema &#8220;Intelig\u00eancia Artificial: Promessas, Expectativas e Limita\u00e7\u00f5es na Ci\u00eancia e Sociedade&#8221;. Al\u00e9m de trazer a aplicabilidade da Intelig\u00eancia Artificial (IA) em 21 grandes discuss\u00f5es fundamentadas pelas pesquisas de 18\u00a0speakers, o encontro vai destacar programas de financiamento de pesquisa no Brasil e na Alemanha. A iniciativa \u00e9 promovida pelo Centro Alem\u00e3o de Ci\u00eancia e Inova\u00e7\u00e3o (DWIH) S\u00e3o Paulo e pela Funda\u00e7\u00e3o de Amparo \u00e0 Pesquisa do Estado de S\u00e3o Paulo (FAPESP). Al\u00e9m do encontro presencial, haver\u00e1 \u00a0transmiss\u00e3o ao vivo no YouTube pelo link: <a href=\"https:\/\/www.youtube.com\/c\/DWIHS%C3%A3oPaulo\/featured\" target=\"_blank\" rel=\"nofollow\">https:\/\/www.youtube.com\/c\/DWIHS%C3%A3oPaulo\/featured<\/a><a href=\"https:\/\/www.youtube.com\/c\/DWIHS%C3%A3oPaulo\/featured\" target=\"_blank\" rel=\"nofollow\">.<\/a>\u00a0<\/p>\n<p>A edi\u00e7\u00e3o tem o prop\u00f3sito de apresentar a inova\u00e7\u00e3o cient\u00edfica da IA e fomentar novas pesquisas desse segmento junto \u00e0 comunidade acad\u00eamica e \u00e0s empresas dos dois pa\u00edses. Durante o evento, acontecer\u00e3o tamb\u00e9m palestras de empresas com temas diversos que permeiam a inova\u00e7\u00e3o tecnol\u00f3gica e rodadas de <i>pitches<\/i> de projetos cient\u00edficos para investidores.<\/p>\n<p>A abertura contar\u00e1 com uma <i>Leibniz Lecture<\/i> ? s\u00e9rie de palestras internacionais promovida pela Sociedade Alem\u00e3 de Amparo \u00e0 Pesquisa (DFG ? Deutsche Forschungsgemeinschaft) ? proferida por <b>Elisabeth Andr\u00e9<\/b>, uma das maiores refer\u00eancias globais em intelig\u00eancia artificial centrada no ser humano. Professora titular da cadeira de Human-Centered Artificial Intelligence da Universidade de Augsburg, na Alemanha, ela foi laureada com o Pr\u00eamio Gottfried Wilhelm Leibniz, o mais alto reconhecimento da ci\u00eancia alem\u00e3, considerado o equivalente ao &#8220;Pr\u00eamio Nobel&#8221; do pa\u00eds. O pr\u00eamio inclui um financiamento de at\u00e9 2,5 milh\u00f5es de euros, distribu\u00eddos ao longo de sete anos, permitindo liberdade acad\u00eamica e incentivo \u00e0 pesquisa de ponta. Al\u00e9m de reconhecer a excel\u00eancia cient\u00edfica, o pr\u00eamio destaca o potencial de lideran\u00e7a e inova\u00e7\u00e3o com impacto internacional.\u00a0<\/p>\n<p><b>Para Katharina Fourier, diretora do DAAD Brasil e do DWIH S\u00e3o Paulo<\/b>, &#8220;o Di\u00e1logo \u00e9 uma oportunidade de debater, a partir das perspectivas de brasileiros e alem\u00e3es, um tema t\u00e3o relevante e central para nossas vidas como a intelig\u00eancia artificial. Os representantes da academia e da ind\u00fastria convidados para o evento s\u00e3o personagens de destaque na \u00e1rea, e o Di\u00e1logo contribuir\u00e1, sem d\u00favidas, para o avan\u00e7o das discuss\u00f5es sobre IA e suas implica\u00e7\u00f5es no cotidiano de todos&#8221;.<\/p>\n<p>&#8220;O DWIH S\u00e3o Paulo \u00e9 um espa\u00e7o que conecta pesquisadores e iniciativas inovadoras a universidades e institui\u00e7\u00f5es de fomento brasileiras e alem\u00e3s, contribuindo para o interc\u00e2mbio de ideias e projetos. As bolsas e financiamentos oferecidos pelos cooperadores do Centro Alem\u00e3o s\u00e3o uma excelente oportunidade para quem se interessa em pesquisar e estudar na Alemanha. Os participantes do Di\u00e1logo ter\u00e3o a chance de conhecer algumas dessas possibilidades de perto durante a sess\u00e3o especial, no primeiro dia, sobre programas de fomento \u00e0 pesquisa e ao desenvolvimento de projetos&#8221;, complementa Fourier.<\/p>\n<p><b>Temas abordados: <\/b><\/p>\n<p><b>Intelig\u00eancia artificial na medicina e na sa\u00fade <\/b><\/p>\n<ul type=\"disc\">\n<li>Ferramentas de simula\u00e7\u00e3o e predi\u00e7\u00e3o na assist\u00eancia m\u00e9dica e sua ambival\u00eancia \u00e9tica;<\/li>\n<li>Aplica\u00e7\u00e3o de IA em exames de imagem e previs\u00e3o de risco de MACE;<\/li>\n<li>Aprimoramento diagn\u00f3sticos de ataques card\u00edacos, derrames e doen\u00e7as pulmonares;<\/li>\n<li>IA na an\u00e1lise de dados de sa\u00fade p\u00fablica para melhor direcionamento de esfor\u00e7os e recursos.<\/li>\n<\/ul>\n<p><b>Regulamenta\u00e7\u00e3o dos impactos da intelig\u00eancia artificial <\/b><\/p>\n<ul type=\"disc\">\n<li>Alfabetiza\u00e7\u00e3o Computacional Cr\u00edtica (CCL) como estrutura transformadora;<\/li>\n<li>Requisitos jur\u00eddicos e \u00e9ticos para o controle da intelig\u00eancia artificial (regulamenta\u00e7\u00e3o da IA);<\/li>\n<li>Responsabilidade civil e \u00f4nus da prova.<\/li>\n<\/ul>\n<p><b>Intelig\u00eancia artificial nas ci\u00eancias e engenharias <\/b><\/p>\n<ul type=\"disc\">\n<li>Pesquisa colaborativa entre Brasil e Alemanha em detec\u00e7\u00e3o de c\u00e2ncer auxiliada por computador;<\/li>\n<li>Intelig\u00eancia de movimento para rob\u00f4s humanoides e exoesqueletos;<\/li>\n<li>Implementa\u00e7\u00e3o de IA nas opera\u00e7\u00f5es da empresa Robert\u00a0Bosch;<\/li>\n<li>Minera\u00e7\u00e3o de dados de publica\u00e7\u00f5es cient\u00edficas.<\/li>\n<\/ul>\n<p><b>Intelig\u00eancia artificial nas humanidades <\/b><\/p>\n<ul type=\"disc\">\n<li>Regulamenta\u00e7\u00e3o de IA;<\/li>\n<li>Como a IA molda nossa subjetividade;<\/li>\n<li><span class=\"xn-person\">Uso de<\/span> grandes modelos de linguagem (LLMs) para fortalecer idiomas ind\u00edgenas amea\u00e7ados de extin\u00e7\u00e3o no Brasil.<\/li>\n<\/ul>\n<p><b>Speakers <br \/><\/b><b><span class=\"xn-person\">Alexandre Kuroda<\/span> &#8211; <\/b>Co-Founder da Startup brasileira Arqgen. <br \/><b><span class=\"xn-person\">Anderson Rocha<\/span> (IEEE Fellow)<\/b>\u00a0 &#8211; Prof. Titular de Intelig\u00eancia Artificial e Computa\u00e7\u00e3o Forense Digital no Instituto de Computa\u00e7\u00e3o da Universidade Estadual de Campinas (Unicamp), Brasil. <b>Christiane Woopen &#8211;<\/b> ocupa a C\u00e1tedra <span class=\"xn-person\">Heinrich Hertz de<\/span> \u00c9tica da Vida na Universidade de Bonn e \u00e9 diretora fundadora do <span class=\"xn-person\">Centro de<\/span> \u00c9tica da Vida. Foi diretora fundadora do <span class=\"xn-person\">Centro de<\/span> \u00c9tica, Direito, Economia e Ci\u00eancias Sociais da Sa\u00fade (Ceres) da Universidade de Col\u00f4nia, na Alemanha.\u00a0 <br \/><b><span class=\"xn-person\">Christoph Burchard<\/span> <\/b>&#8211; Fundador do Centro de Estudos Cr\u00edticos Computacionais (C3S). Ocupa a C\u00e1tedra de Justi\u00e7a Penal Alem\u00e3, Europeia e Internacional, Direito Comparado e Teoria do Direito na Universidade Goethe de <span class=\"xn-location\">Frankfurt<\/span>, na Alemanha.\u00a0<br \/><b><span class=\"xn-person\">Connie McManus<\/span> <\/b>&#8211; Gerente de rela\u00e7\u00f5es internacionais na Funda\u00e7\u00e3o de Amparo \u00e0 Pesquisa do Estado de S\u00e3o Paulo (FAPESP), professora e pesquisadora.\u00a0<br \/><b>Claudio Pinhanez<\/b> &#8211; Cientista Principal no laborat\u00f3rio da IBM Research no Brasil. Tamb\u00e9m \u00e9 Diretor Adjunto do Centro de Intelig\u00eancia Artificial da Universidade de S\u00e3o Paulo (USP). <br \/><b><span class=\"xn-person\">Daniel Aparecido Vital<\/span> ?<\/b>\u00a0Co-Founder da startup brasileira Harpia AI. <br \/><b><span class=\"xn-person\">Diogo Cortiz<\/span> <\/b>&#8211; Prof. na Pontif\u00edcia Universidade Cat\u00f3lica de S\u00e3o Paulo (PUC-SP) e pesquisador no NIC.br. Doutor em Tecnologias da Intelig\u00eancia e Design Digital pela PUC-SP, com bolsa de doutorado pela Universit\u00e9 Paris I &#8211; Sorbonne.\u00a0 <br \/><b>Eduardo Zancul<\/b>\u00a0&#8211; Prof. de Engenharia na Escola Polit\u00e9cnica da Universidade de S\u00e3o Paulo (PoliUSP). <br \/><b>Elisabeth Andr\u00e9<\/b>\u00a0&#8211; Prof.\u00aa Titular de Ci\u00eancia da Computa\u00e7\u00e3o e fundadora da C\u00e1tedra de Intelig\u00eancia Artificial Centrada no Humano, na Universidade de Augsburg, na Alemanha. <br \/><b><span class=\"xn-person\">Elma Kerz<\/span> &#8211;<\/b>\u00a0Co-Founder e CEO da startup alem\u00e3 Exaia Technologies. <br \/><b><span class=\"xn-person\">Gabriel Pires<\/span> ? <\/b>Founder da startup brasileira SleepUp. <br \/><b><span class=\"xn-person\">Indra Spiecker<\/span> gen. D\u00f6hmann<\/b>\u00a0&#8211; A Prof.\u00aa <span class=\"xn-person\">Indra Spiecker<\/span> gen. D\u00f6hmann, LL.M. (Universidade de Georgetown), ocupa a c\u00e1tedra de Direito P\u00fablico, Direito da Digitaliza\u00e7\u00e3o e Teoria do Direito Universidade de Col\u00f4nia, na Alemanha. <br \/><b><span class=\"xn-person\">Jeanette Hofmann<\/span> &#8211; <\/b>Prof.\u00aa de Pol\u00edtica da Internet na Freie Universit\u00e4t <span class=\"xn-location\">Berlin<\/span>. Coordena o grupo de pesquisa &#8220;Pol\u00edticas da Digitaliza\u00e7\u00e3o&#8221; no Centro de Ci\u00eancias Sociais de Berlim (WZB). <b>Jo\u00e3o <span class=\"xn-person\">Paulo Papa<\/span> <\/b>&#8211; Prof. Titular do Departamento de Ci\u00eancia da Computa\u00e7\u00e3o da Universidade Estadual Paulista (Unesp-Bauru). Coordenador do Programa Estrat\u00e9gico em eScience e Data Science da FAPESP. <br \/><b>Juliano Maranh\u00e3o &#8211; <\/b>Prof. Associado da Faculdade de Direito da USP, Diretor da Associa\u00e7\u00e3o de Pesquisa em Legisla\u00e7\u00e3o e Intelig\u00eancia Artificial, Pesquisador Associado do Centro de Intelig\u00eancia Artificial USP-IBM e do Centro de Pesquisa em Recria\u00e7\u00e3o de Ambientes com Intelig\u00eancia Artificial, e Pesquisador Associado Alexander von <span class=\"xn-location\">Humboldt<\/span>. <br \/><b><span class=\"xn-person\">Katja Mombaur<\/span> &#8211; <\/b>Ingressou no Karlsruhe Institute of Technology (KIT), na Alemanha, em 2023 como Professora Titular, respons\u00e1vel pela C\u00e1tedra de Otimiza\u00e7\u00e3o e Biomec\u00e2nica para Rob\u00f3tica Centrada no Ser Humano e Diretora do Laborat\u00f3rio de BioRob\u00f3tica. <br \/><b><span class=\"xn-person\">Matthias Epple<\/span> &#8211; <\/b>Prof. de Qu\u00edmica Inorg\u00e2nica na Universit\u00e4t Duisburg-Essen, onde tamb\u00e9m atuou como Reitor. Ele participa ativamente de diversos comit\u00eas cient\u00edficos, incluindo o cargo de Vice-Presidente da Sociedade Acad\u00eamica Germano-Ucraniana, o cargo de Presidente do Conselho de Ci\u00eancia dos Materiais da DFG, o cargo de Presidente do Senado da Universit\u00e4t DuisburgEssen e o de Diretor Cient\u00edfico do Escrit\u00f3rio para a Am\u00e9rica Latina da Alian\u00e7a Universit\u00e1ria da Regi\u00e3o do\u00a0Ruhr, em S\u00e3o Paulo\/Brasil.<br \/><b><span class=\"xn-person\">Paulo Mazzoncini de Azevedo Marques<\/span> &#8211;<\/b>\u00a0Prof. Associado de\u00a0Inform\u00e1tica Biom\u00e9dica com cargo efetivo no Departamento de Imagem M\u00e9dica, Hematologia e Oncologia da Faculdade de Medicina de Ribeir\u00e3o Preto (FMRP) da Universidade de S\u00e3o Paulo (USP), Brasil. <br \/><b>Renata Mielli<\/b>\u00a0&#8211; Jornalista; presidente do Comit\u00ea Gestor da Internet no Brasil (CGI.br) e Assessora Especial do Ministro da Ci\u00eancia, Tecnologia e Inova\u00e7\u00e3o; presidente do Conselho Diretor do N\u00facleo de Informa\u00e7\u00e3o e Coordena\u00e7\u00e3o da Internet no Brasil (NIC.br). \u00c9 doutora em Ci\u00eancias da Comunica\u00e7\u00e3o pela Escola de Comunica\u00e7\u00f5es e Artes da Universidade de S\u00e3o Paulo (ECA-USP). <b><span class=\"xn-person\">Renata Wassermann<\/span><\/b> &#8211; Prof.\u00aa Associada do Departamento de Ci\u00eancias da Computa\u00e7\u00e3o da Universidade de S\u00e3o Paulo (USP). Integra o grupo de pesquisa em L\u00f3gica, Intelig\u00eancia Artificial e M\u00e9todos Formais (LIAMF). <br \/><b>Thais Gomes de Melo<\/b>\u00a0 &#8211; M\u00e9dica endocrinologista, com mestrado e doutorado em C\u00e2ncer de Tireoide pela Unicamp. Diretora M\u00e9dica e Chefe de Acesso ao <span class=\"xn-person\">Mercado da Boehringer Ingelheim Brasil<\/span>. <br \/><b><span class=\"xn-person\">Willian Pulido Beneducci<\/span> <\/b>&#8211; Engenheiro s\u00eanior de aprendizado de m\u00e1quina na Bosch, especializado em intelig\u00eancia artificial. Formado em Engenharia El\u00e9trica pela Universidade Federal de S\u00e3o Carlos (UFSCar).\u00a0<\/p>\n<div>\n<table border=\"0\" cellspacing=\"0\" cellpadding=\"1\" class=\"prnbcc\">\n<tr>\n<td class=\"prnpr2 prnpl2 prncbts prnbrbrs prnsbbb1 prnbsbls\" colspan=\"1\" rowspan=\"1\">\n<p class=\"prnml4\"><span class=\"prnews_span\"><b>Servi\u00e7o<\/b>\u00a0<\/p>\n<p><\/span><\/p>\n<\/td>\n<\/tr>\n<tr>\n<td class=\"prnpr2 prnpl2 prnsbtb1 prnbrbrs prnbbbs prnbsbls\" colspan=\"1\" rowspan=\"1\">\n<p class=\"prnml4\"><span class=\"prnews_span\"><b>Evento<\/b>:11th German-Brazilian Dialogue on Science, Research and Innovation &#8211; Artificial Intelligence: Promises, Expectations, and Limitations in Science and Society <br \/><b>Data<\/b>: 7 e 8 de maio de 2025 &#8211; 9h30 \u00e0s 17h30 <br \/><b>Local<\/b>: Audit\u00f3rio da FAPESP &#8211; Rua Pio XI, 1.500 &#8211; Alto da Lapa\u00a0 &#8211; S\u00e3o Paulo (SP) <br \/><b>Inscri\u00e7\u00f5es encerradas\u00a0 <br \/><\/b><b>Mais informa\u00e7\u00f5es<\/b>: <a href=\"https:\/\/www.dwih-saopaulo.org\/pt\/event\/11th-german-brazilianhttps:\/\/www.dwih-saopaulo.org\/pt\/event\/11th-german-brazilian-dialogue\/dialogue\/\" target=\"_blank\" class=\"prnews_a\" rel=\"nofollow\">https:\/\/www.dwih-saopaulo.org\/pt\/event\/11th-german-brazilianhttps:\/\/www.dwih-saopaulo.org\/pt\/event\/11th-german-brazilian-dialogue\/dialogue\/<\/a> <br \/><b>Para assistir no Youtube<\/b>: <br \/><a href=\"https:\/\/www.youtube.com\/c\/DWIHS%C3%A3oPaulo\/featured\" target=\"_blank\" class=\"prnews_a\" rel=\"nofollow\">https:\/\/www.youtube.com\/c\/DWIHS%C3%A3oPaulo\/featured<\/a>\u00a0<\/span><\/p>\n<\/td>\n<\/tr>\n<\/table>\n<\/div>\n<p><b>Sobre o Centro Alem\u00e3o de Ci\u00eancia e Inova\u00e7\u00e3o (DWIH) S\u00e3o Paulo <br \/><\/b>O Centro Alem\u00e3o de Ci\u00eancia e Inova\u00e7\u00e3o (DWIH) S\u00e3o Paulo foi inaugurado em 2012 para estreitar os la\u00e7os entre a Alemanha e o Brasil nas \u00e1reas de ci\u00eancia, pesquisa e inova\u00e7\u00e3o. O DWIH S\u00e3o Paulo promove a visibilidade das institui\u00e7\u00f5es alem\u00e3s destas \u00e1reas no Brasil e fomenta a coopera\u00e7\u00e3o binacional, sobretudo por meio de evento, estimulando o interc\u00e2mbio e a transfer\u00eancia de conhecimento, bem como reunindo pesquisadores e inovadores, entre outros atores do ecossistema de inova\u00e7\u00e3o.<\/p>\n<p><b>Informa\u00e7\u00f5es para imprensa: Capital Informa\u00e7\u00e3o Equipe de Atendimento: <br \/><\/b><span class=\"xn-person\">Fabiola Ietto<\/span>: <a href=\"mailto:educacao@capitalinformacao.com.br\" target=\"_blank\" rel=\"nofollow\">educacao@capitalinformacao.com.br<\/a> <br \/>Adriana Athayde:\u00a0 <a href=\"mailto:adriana@capitalinformacao.com.br\" rel=\"nofollow\">adriana@capitalinformacao.com.br<\/a> <span class=\"xn-person\">Luciane Bernardi<\/span>: <a href=\"mailto:luciane@capitalinformacao.com.br\" rel=\"nofollow\">luciane@capitalinformacao.com.br<\/a> <a href=\"https:\/\/www.capitalinformacao.com.br\/\" target=\"_blank\" rel=\"nofollow\">www.capitalinformacao.com.br<\/a><\/p>\n<p id=\"PURL\"><img loading=\"lazy\" decoding=\"async\" title=\"Cision\" width=\"12\" height=\"12\" alt=\"Cision\" src=\"https:\/\/c212.net\/c\/img\/favicon.png?sn=PT77402&amp;sd=2025-05-01\" \/> View original content:<a id=\"PRNURL\" rel=\"nofollow\" href=\"https:\/\/www.prnewswire.com\/br\/comunicados-para-a-imprensa\/em-sao-paulo-pesquisadores-apresentam-os-estudos-mais-avancados-no-brasil-e-na-alemanha-sobre-ia-em-medicina-comunicacao-ciencia-engenharia-e-direitos-civis-302443499.html\" target=\"_blank\">https:\/\/www.prnewswire.com\/br\/comunicados-para-a-imprensa\/em-sao-paulo-pesquisadores-apresentam-os-estudos-mais-avancados-no-brasil-e-na-alemanha-sobre-ia-em-medicina-comunicacao-ciencia-engenharia-e-direitos-civis-302443499.html<\/a><\/p>\n<p>FONTE  Centro Alem\u00e3o de Ci\u00eancia e Inova\u00e7\u00e3o (DWIH)<\/p>\n<\/div>\n<p><img decoding=\"async\" alt=\"\" src=\"https:\/\/rt.prnewswire.com\/rt.gif?NewsItemId=PT77402&amp;Transmission_Id=202505010800PR_NEWS_LATAM____PT77402&amp;DateId=20250501\" style=\"border:0px;width:1px;height:1px\" \/><\/p>\n<p>A <b>OESP<\/b> n\u00e3o \u00e9(s\u00e3o) respons\u00e1vel(is) por erros, incorre\u00e7\u00f5es, atrasos ou quaisquer decis\u00f5es tomadas por seus clientes com base nos Conte\u00fados ora disponibilizados, bem como tais Conte\u00fados n\u00e3o representam a opini\u00e3o da <b>OESP<\/b> e s\u00e3o de inteira responsabilidade da <b>PR Newswire Ltda<\/b><\/p>\n","protected":false},"excerpt":{"rendered":"Durante dois dias, 18 cientistas das maiores institui\u00e7\u00f5es de pesquisa do Brasil e da Alemanha falar\u00e3o sobre a aplicabilidade da Intelig\u00eancia Artificial em quatro grandes \u00e1reas; Chamam aten\u00e7\u00e3o:","protected":false},"author":1,"featured_media":0,"comment_status":"open","ping_status":"closed","sticky":false,"template":"","format":"standard","meta":{"_acf_changed":false,"inline_featured_image":false,"_monsterinsights_skip_tracking":false,"_monsterinsights_sitenote_active":false,"_monsterinsights_sitenote_note":"","_monsterinsights_sitenote_category":0,"footnotes":""},"categories":[27],"tags":[],"class_list":["post-111033","post","type-post","status-publish","format-standard","hentry","category-prnewswire"],"acf":[],"_links":{"self":[{"href":"https:\/\/bluestudio.estadao.com.br\/agencia-de-comunicacao\/wp-json\/wp\/v2\/posts\/111033","targetHints":{"allow":["GET"]}}],"collection":[{"href":"https:\/\/bluestudio.estadao.com.br\/agencia-de-comunicacao\/wp-json\/wp\/v2\/posts"}],"about":[{"href":"https:\/\/bluestudio.estadao.com.br\/agencia-de-comunicacao\/wp-json\/wp\/v2\/types\/post"}],"author":[{"embeddable":true,"href":"https:\/\/bluestudio.estadao.com.br\/agencia-de-comunicacao\/wp-json\/wp\/v2\/users\/1"}],"replies":[{"embeddable":true,"href":"https:\/\/bluestudio.estadao.com.br\/agencia-de-comunicacao\/wp-json\/wp\/v2\/comments?post=111033"}],"version-history":[{"count":0,"href":"https:\/\/bluestudio.estadao.com.br\/agencia-de-comunicacao\/wp-json\/wp\/v2\/posts\/111033\/revisions"}],"wp:attachment":[{"href":"https:\/\/bluestudio.estadao.com.br\/agencia-de-comunicacao\/wp-json\/wp\/v2\/media?parent=111033"}],"wp:term":[{"taxonomy":"category","embeddable":true,"href":"https:\/\/bluestudio.estadao.com.br\/agencia-de-comunicacao\/wp-json\/wp\/v2\/categories?post=111033"},{"taxonomy":"post_tag","embeddable":true,"href":"https:\/\/bluestudio.estadao.com.br\/agencia-de-comunicacao\/wp-json\/wp\/v2\/tags?post=111033"}],"curies":[{"name":"wp","href":"https:\/\/api.w.org\/{rel}","templated":true}]}}