{"id":111027,"date":"2025-05-01T05:12:00","date_gmt":"2025-05-01T08:12:00","guid":{"rendered":"https:\/\/bluestudio.estadao.com.br\/agencia-de-comunicacao\/prnewswire\/oregon-tool-nomeia-terry-hames-como-ceo\/"},"modified":"2025-05-01T05:12:00","modified_gmt":"2025-05-01T08:12:00","slug":"oregon-tool-nomeia-terry-hames-como-ceo","status":"publish","type":"post","link":"https:\/\/bluestudio.estadao.com.br\/agencia-de-comunicacao\/prnewswire\/oregon-tool-nomeia-terry-hames-como-ceo\/","title":{"rendered":"Oregon Tool nomeia Terry Hames como CEO"},"content":{"rendered":"<div class=\"xn-content\">\n<i> Hames promovido de presidente e diretor financeiro<\/i><\/p>\n<p><span class=\"legendSpanClass\"><span class=\"xn-location\">PORTLAND, Oregon<\/span><\/span>, <span class=\"legendSpanClass\">1 de maio de 2025<\/span> \/PRNewswire\/ &#8212; A Oregon Tool, Inc., l\u00edder global em ferramentas de corte de precis\u00e3o para a silvicultura, gramado e jardim; agricultura, pecu\u00e1ria e agricultura; e ind\u00fastrias de corte e acabamento de concreto, anunciou hoje que o atual presidente e diretor financeiro <span class=\"xn-person\">Terry Hames<\/span> foi promovido a diretor executivo.<\/p>\n<div id=\"prni_dvprnejpg5367left\" dir=\"ltr\" style=\"width: 100%;text-align: left\"><img decoding=\"async\" id=\"prnejpg5367left\" title=\"Company logo\" src=\"https:\/\/mma.prnewswire.com\/media\/2624390\/Oregon_Tool_Logo.jpg\" alt=\"Company logo\" align=\"middle\" \/><\/div>\n<p>Hames suceder\u00e1 <span class=\"xn-person\">Elliot Zimmer<\/span>, que deixar\u00e1 a Oregon Tool no final de abril de 2025.<\/p>\n<p>Com mais de 16 anos de lideran\u00e7a financeira e operacional na Oregon Tool, Hames tem sido fundamental para impulsionar a disciplina fiscal, o crescimento estrat\u00e9gico e a cria\u00e7\u00e3o de valor de longo prazo da Oregon Tool. Sua profunda compreens\u00e3o do modelo de neg\u00f3cios da empresa, juntamente com sua capacidade de navegar em din\u00e2micas complexas do mercado, fez dele um l\u00edder confi\u00e1vel posicionado para orientar a agenda de crescimento da empresa.<\/p>\n<p>&#8220;Estou honrado em assumir o papel de CEO e continuar a construir sobre a base s\u00f3lida que estabelecemos&#8221;, disse Hames. &#8220;Nosso compromisso de apoiar nossos clientes, construir os melhores talentos do setor e continuar a alavancar nosso hist\u00f3rico de inova\u00e7\u00e3o, satisfa\u00e7\u00e3o do cliente e crescimento respons\u00e1vel permanece inabal\u00e1vel \u00e0 medida que continuamos a evoluir para atender \u00e0s necessidades de nossos usu\u00e1rios finais.&#8221;<\/p>\n<p><b> <u>Sobre a Oregon Tool, Inc.<\/u> <\/b><\/p>\n<p>A Oregon Tool, Inc. (&#8220;Oregon Tool&#8221;) \u00e9 uma plataforma de ferramentas de corte de precis\u00e3o global, de marca premium e voltada para o mercado de reposi\u00e7\u00e3o. O portf\u00f3lio de marcas da empresa \u00e9 especializado em ferramentas de corte de precis\u00e3o de n\u00edvel profissional para silvicultura, gramado e jardim; agricultura, pecu\u00e1ria e agricultura; e corte e acabamento de concreto. Com sede em <span class=\"xn-location\">Portland, Oregon<\/span>, com uma presen\u00e7a multinacional de fabrica\u00e7\u00e3o e distribui\u00e7\u00e3o, a Oregon Tool vende seus produtos em mais de 110 pa\u00edses sob as marcas Oregon\u00ae, Woods \u00ae, ICS \u00ae, Pentruder \u00ae, Merit \u00ae e Carlton\u00ae. A empresa \u00e9 o fabricante n\u00famero1 do mundo de correntes de serra e barras guia para motosserras e correntes de serra diamantada para concreto e tubos, um dos principais fabricantes de acess\u00f3rios para tratores agr\u00edcolas e o principal fornecedor OEM de pe\u00e7as de reposi\u00e7\u00e3o e de primeiro encaixe. Saiba mais em <a href=\"https:\/\/c212.net\/c\/link\/?t=0&amp;l=pt&amp;o=4417637-1&amp;h=2337846428&amp;u=https%3A%2F%2Fc212.net%2Fc%2Flink%2F%3Ft%3D0%26l%3Den%26o%3D4417637-1%26h%3D2981314294%26u%3Dhttps%253A%252F%252Fwww.oregontool.com%252F%26a%3Dwww.oregontool.com&amp;a=+www.oregontool.com\" target=\"_blank\" rel=\"nofollow\"> www.oregontool.com<\/a>. \u00a0<\/p>\n<p>Contato com a m\u00eddia <br \/>Oregon Tool Communications<br \/><a href=\"mailto:communications@oregontool.com\" target=\"_blank\" rel=\"nofollow\"> communications@oregontool.com<\/a>\u00a0<\/p>\n<p>Logo &#8211; <a href=\"https:\/\/c212.net\/c\/link\/?t=0&amp;l=pt&amp;o=4417637-1&amp;h=4031692160&amp;u=https%3A%2F%2Fc212.net%2Fc%2Flink%2F%3Ft%3D0%26l%3Den%26o%3D4417637-1%26h%3D1950661158%26u%3Dhttps%253A%252F%252Fmma.prnewswire.com%252Fmedia%252F2624390%252FOregon_Tool_Logo.jpg%26a%3Dhttps%253A%252F%252Fmma.prnewswire.com%252Fmedia%252F2624390%252FOregon_Tool_Logo.jpg&amp;a=%C2%A0https%3A%2F%2Fmma.prnewswire.com%2Fmedia%2F2624390%2FOregon_Tool_Logo.jpg\" target=\"_blank\" rel=\"nofollow\">\u00a0https:\/\/mma.prnewswire.com\/media\/2624390\/Oregon_Tool_Logo.jpg<\/a><\/p>\n<p id=\"PURL\"><img loading=\"lazy\" decoding=\"async\" title=\"Cision\" width=\"12\" height=\"12\" alt=\"Cision\" src=\"https:\/\/c212.net\/c\/img\/favicon.png?sn=PT77455&amp;sd=2025-05-01\" \/> View original content:<a id=\"PRNURL\" rel=\"nofollow\" href=\"https:\/\/www.prnewswire.com\/br\/comunicados-para-a-imprensa\/oregon-tool-nomeia-terry-hames-como-ceo-302443842.html\" target=\"_blank\">https:\/\/www.prnewswire.com\/br\/comunicados-para-a-imprensa\/oregon-tool-nomeia-terry-hames-como-ceo-302443842.html<\/a><\/p>\n<p>FONTE  Oregon Tool<\/p>\n<\/div>\n<p><img decoding=\"async\" alt=\"\" src=\"https:\/\/rt.prnewswire.com\/rt.gif?NewsItemId=PT77455&amp;Transmission_Id=202505010402PR_NEWS_LATAM____PT77455&amp;DateId=20250501\" style=\"border:0px;width:1px;height:1px\" \/><\/p>\n<p><strong>T\u00f3picos Relacionados:<\/strong> An\u00fancios de Pessoal, Constru\u00e7\u00e3o\/Edifica\u00e7\u00e3o, Minera\u00e7\u00e3o\/Metais, Agricultura<\/p>\n<p>A <b>OESP<\/b> n\u00e3o \u00e9(s\u00e3o) respons\u00e1vel(is) por erros, incorre\u00e7\u00f5es, atrasos ou quaisquer decis\u00f5es tomadas por seus clientes com base nos Conte\u00fados ora disponibilizados, bem como tais Conte\u00fados n\u00e3o representam a opini\u00e3o da <b>OESP<\/b> e s\u00e3o de inteira responsabilidade da <b>PR Newswire Ltda<\/b><\/p>\n","protected":false},"excerpt":{"rendered":"Hames promovido de presidente e diretor financeiro PORTLAND, Oregon, 1 de maio de 2025 \/PRNewswire\/ &#8212; A Oregon Tool, Inc., l\u00edder global em ferramentas de corte de precis\u00e3o para a silvicultura,","protected":false},"author":1,"featured_media":0,"comment_status":"open","ping_status":"closed","sticky":false,"template":"","format":"standard","meta":{"_acf_changed":false,"inline_featured_image":false,"_monsterinsights_skip_tracking":false,"_monsterinsights_sitenote_active":false,"_monsterinsights_sitenote_note":"","_monsterinsights_sitenote_category":0,"footnotes":""},"categories":[27],"tags":[],"class_list":["post-111027","post","type-post","status-publish","format-standard","hentry","category-prnewswire"],"acf":[],"_links":{"self":[{"href":"https:\/\/bluestudio.estadao.com.br\/agencia-de-comunicacao\/wp-json\/wp\/v2\/posts\/111027","targetHints":{"allow":["GET"]}}],"collection":[{"href":"https:\/\/bluestudio.estadao.com.br\/agencia-de-comunicacao\/wp-json\/wp\/v2\/posts"}],"about":[{"href":"https:\/\/bluestudio.estadao.com.br\/agencia-de-comunicacao\/wp-json\/wp\/v2\/types\/post"}],"author":[{"embeddable":true,"href":"https:\/\/bluestudio.estadao.com.br\/agencia-de-comunicacao\/wp-json\/wp\/v2\/users\/1"}],"replies":[{"embeddable":true,"href":"https:\/\/bluestudio.estadao.com.br\/agencia-de-comunicacao\/wp-json\/wp\/v2\/comments?post=111027"}],"version-history":[{"count":0,"href":"https:\/\/bluestudio.estadao.com.br\/agencia-de-comunicacao\/wp-json\/wp\/v2\/posts\/111027\/revisions"}],"wp:attachment":[{"href":"https:\/\/bluestudio.estadao.com.br\/agencia-de-comunicacao\/wp-json\/wp\/v2\/media?parent=111027"}],"wp:term":[{"taxonomy":"category","embeddable":true,"href":"https:\/\/bluestudio.estadao.com.br\/agencia-de-comunicacao\/wp-json\/wp\/v2\/categories?post=111027"},{"taxonomy":"post_tag","embeddable":true,"href":"https:\/\/bluestudio.estadao.com.br\/agencia-de-comunicacao\/wp-json\/wp\/v2\/tags?post=111027"}],"curies":[{"name":"wp","href":"https:\/\/api.w.org\/{rel}","templated":true}]}}