{"id":110894,"date":"2025-04-29T19:13:00","date_gmt":"2025-04-29T22:13:00","guid":{"rendered":"https:\/\/bluestudio.estadao.com.br\/agencia-de-comunicacao\/prnewswire\/em-tarde-historica-no-congresso-urandir-oliveira-recebe-a-maior-honraria-do-empreendedorismo-brasileiro\/"},"modified":"2025-04-29T19:13:00","modified_gmt":"2025-04-29T22:13:00","slug":"em-tarde-historica-no-congresso-urandir-oliveira-recebe-a-maior-honraria-do-empreendedorismo-brasileiro","status":"publish","type":"post","link":"https:\/\/bluestudio.estadao.com.br\/agencia-de-comunicacao\/prnewswire\/em-tarde-historica-no-congresso-urandir-oliveira-recebe-a-maior-honraria-do-empreendedorismo-brasileiro\/","title":{"rendered":"Em tarde hist\u00f3rica no Congresso, Urandir Oliveira recebe a maior honraria do empreendedorismo brasileiro"},"content":{"rendered":"<div class=\"xn-content\">\n<p class=\"prntac\">\u00a0<i>Reconhecimento ao fundador do Ecossistema Dakila celebra uma trajet\u00f3ria de inova\u00e7\u00e3o, ci\u00eancia e compromisso com o futuro do pa\u00eds<\/i><\/p>\n<p><span class=\"legendSpanClass\">BRAS\u00cdLIA, Brasil<\/span>, <span class=\"legendSpanClass\">29 de abril de 2025<\/span> \/PRNewswire\/ &#8212; Em cerim\u00f4nia marcada por simbolismo,\u00a0Urandir Fernandes de Oliveira, fundador e CEO do Ecossistema Dakila, foi homenageado no Congresso Nacional com a Cruz do M\u00e9rito do Empreendedor Juscelino Kubitschek, no grau de Comendador da Legi\u00e3o de Honra do Presidente JK. A honraria, entregue pela Academia Brasileira de Honrarias ao M\u00e9rito (ABRAHM), aconteceu no Audit\u00f3rio Nereu Ramos durante as comemora\u00e7\u00f5es dos 65 anos de Bras\u00edlia. O evento contou com o apoio institucional do Congresso Nacional e reuniu autoridades como o senador <span class=\"xn-person\">Alan Rick<\/span>, o deputado <span class=\"xn-person\">Evair Vieira de Melo<\/span>, o deputado <span class=\"xn-person\">Luciano Ducci<\/span>, o ex-jogador <span class=\"xn-person\">Josimar Higino Pereira<\/span> e outras personalidades.<\/p>\n<div class=\"PRN_ImbeddedAssetReference\" id=\"DivAssetPlaceHolder1\">\n<a href=\"https:\/\/mma.prnewswire.com\/media\/2676298\/Urandir_FOTO.html\" target=\"_blank\" rel=\"nofollow\">  <img decoding=\"async\" src=\"https:\/\/mma.prnewswire.com\/media\/2676298\/Urandir_FOTO.jpg\" title=\"\" alt=\"\" \/><\/a>\n <\/p>\n<\/p><\/div>\n<p>O reconhecimento celebra a trajet\u00f3ria de Urandir \u00e0 frente do Ecossistema Dakila, que h\u00e1 mais de 20 anos promove conhecimento livre e independente, com pesquisas em \u00e1reas como arqueologia, f\u00edsica qu\u00e2ntica, astronomia, neuroci\u00eancia e ufologia. <span class=\"xn-person\">Um de<\/span> seus principais marcos \u00e9 o Centro Tecnol\u00f3gico Zigurats, em <span class=\"xn-location\">Mato Grosso<\/span> do Sul, refer\u00eancia mundial em estudos cient\u00edficos e que tamb\u00e9m contribui para o turismo e a economia local.<\/p>\n<p>Dakila se diferencia por incentivar a ci\u00eancia fora dos moldes tradicionais, com foco na consci\u00eancia coletiva e na democratiza\u00e7\u00e3o do conhecimento. Al\u00e9m da atua\u00e7\u00e3o cient\u00edfica, Urandir tamb\u00e9m lidera o grupo Brazilian Kimberlite Clay, respons\u00e1vel pela Kion Cosmetics, marca internacional de cosm\u00e9ticos veganos e naturais desenvolvidos com mat\u00e9ria-prima brasileira. A empresa movimenta a economia regional e reafirma o compromisso com a sustentabilidade e a valoriza\u00e7\u00e3o da m\u00e3o de obra local.<\/p>\n<p>Ao longo dos anos, Urandir j\u00e1 foi homenageado por diversas institui\u00e7\u00f5es nacionais e internacionais. Recebeu medalhas, pr\u00eamios e t\u00edtulos como o The Winner Trophy Awards em Nova Iorque, destaque no Future Innovation Summit em <span class=\"xn-location\">Dubai<\/span>, al\u00e9m de reconhecimentos da ONU, Assembleias Legislativas e prefeituras no Brasil e no Paraguai.<\/p>\n<p>Durante a cerim\u00f4nia, foi exibido um v\u00eddeo institucional sobre Dakila, seguido de um discurso emocionante de Urandir. Ao falar do povo brasileiro e dos desafios do pa\u00eds, deixou uma reflex\u00e3o profunda:<\/p>\n<p>&#8220;O Brasil \u00e9 cheio de sonhos! O brasileiro \u00e9 cheio de sonhos! A humanidade vive de sonhos! A quest\u00e3o \u00e9 o quanto desses sonhos s\u00e3o realizados? Existe um sonho coletivo: que todos os partidos independentes se unam em prol, n\u00e3o dos pr\u00f3prios partidos, mas em prol do Brasil. Esse \u00e9 o sonho de todos os brasileiros!&#8221;<\/p>\n<p>Contato:<br \/><span class=\"xn-person\">Luciana Faria<\/span> <br \/><a href=\"mailto:luciana@msgimprensa.com.br\" target=\"_blank\" rel=\"nofollow\">luciana@msgimprensa.com.br<\/a><\/p>\n<p>Foto &#8211; <a href=\"https:\/\/mma.prnewswire.com\/media\/2676298\/Urandir_FOTO.jpg\" target=\"_blank\" rel=\"nofollow\">https:\/\/mma.prnewswire.com\/media\/2676298\/Urandir_FOTO.jpg<\/a><\/p>\n<p>\u00a0<\/p>\n<p id=\"PURL\"><img loading=\"lazy\" decoding=\"async\" title=\"Cision\" width=\"12\" height=\"12\" alt=\"Cision\" src=\"https:\/\/c212.net\/c\/img\/favicon.png?sn=PT76139&#038;sd=2025-04-29\" \/> View original content to download multimedia:<a id=\"PRNURL\" rel=\"nofollow\" href=\"https:\/\/www.prnewswire.com\/br\/comunicados-para-a-imprensa\/em-tarde-historica-no-congresso-urandir-oliveira-recebe-a-maior-honraria-do-empreendedorismo-brasileiro-302441865.html\" target=\"_blank\">https:\/\/www.prnewswire.com\/br\/comunicados-para-a-imprensa\/em-tarde-historica-no-congresso-urandir-oliveira-recebe-a-maior-honraria-do-empreendedorismo-brasileiro-302441865.html<\/a><\/p>\n<p>FONTE  Ecossistema Dakila<\/p>\n<\/div>\n<p><img decoding=\"async\" alt=\"\" src=\"https:\/\/rt.prnewswire.com\/rt.gif?NewsItemId=PT76139&#038;Transmission_Id=202504291757PR_NEWS_LATAM____PT76139&#038;DateId=20250429\" style=\"border:0px; width:1px; height:1px;\"\/><\/p>\n<p><strong>T\u00f3picos Relacionados:<\/strong> Pr\u00eamios, Publica\u00e7\u00e3o \/ Servi\u00e7os de Informa\u00e7\u00e3o, Not\u00edcias de Interesse P\u00fablico<\/p>\n<p>A <b>OESP<\/b> n\u00e3o \u00e9(s\u00e3o) respons\u00e1vel(is) por erros, incorre\u00e7\u00f5es, atrasos ou quaisquer decis\u00f5es tomadas por seus clientes com base nos Conte\u00fados ora disponibilizados, bem como tais Conte\u00fados n\u00e3o representam a opini\u00e3o da <b>OESP<\/b> e s\u00e3o de inteira responsabilidade da <b>PR Newswire Ltda<\/b><\/p>\n","protected":false},"excerpt":{"rendered":"\u00a0Reconhecimento ao fundador do Ecossistema Dakila celebra uma trajet\u00f3ria de inova\u00e7\u00e3o, ci\u00eancia e compromisso com o futuro do pa\u00eds BRAS\u00cdLIA, Brasil, 29 de abril de 2025 \/PRNewswire\/ &#8212; Em","protected":false},"author":1,"featured_media":0,"comment_status":"open","ping_status":"closed","sticky":false,"template":"","format":"standard","meta":{"_acf_changed":false,"inline_featured_image":false,"_monsterinsights_skip_tracking":false,"_monsterinsights_sitenote_active":false,"_monsterinsights_sitenote_note":"","_monsterinsights_sitenote_category":0,"footnotes":""},"categories":[27],"tags":[],"class_list":["post-110894","post","type-post","status-publish","format-standard","hentry","category-prnewswire"],"acf":[],"_links":{"self":[{"href":"https:\/\/bluestudio.estadao.com.br\/agencia-de-comunicacao\/wp-json\/wp\/v2\/posts\/110894","targetHints":{"allow":["GET"]}}],"collection":[{"href":"https:\/\/bluestudio.estadao.com.br\/agencia-de-comunicacao\/wp-json\/wp\/v2\/posts"}],"about":[{"href":"https:\/\/bluestudio.estadao.com.br\/agencia-de-comunicacao\/wp-json\/wp\/v2\/types\/post"}],"author":[{"embeddable":true,"href":"https:\/\/bluestudio.estadao.com.br\/agencia-de-comunicacao\/wp-json\/wp\/v2\/users\/1"}],"replies":[{"embeddable":true,"href":"https:\/\/bluestudio.estadao.com.br\/agencia-de-comunicacao\/wp-json\/wp\/v2\/comments?post=110894"}],"version-history":[{"count":0,"href":"https:\/\/bluestudio.estadao.com.br\/agencia-de-comunicacao\/wp-json\/wp\/v2\/posts\/110894\/revisions"}],"wp:attachment":[{"href":"https:\/\/bluestudio.estadao.com.br\/agencia-de-comunicacao\/wp-json\/wp\/v2\/media?parent=110894"}],"wp:term":[{"taxonomy":"category","embeddable":true,"href":"https:\/\/bluestudio.estadao.com.br\/agencia-de-comunicacao\/wp-json\/wp\/v2\/categories?post=110894"},{"taxonomy":"post_tag","embeddable":true,"href":"https:\/\/bluestudio.estadao.com.br\/agencia-de-comunicacao\/wp-json\/wp\/v2\/tags?post=110894"}],"curies":[{"name":"wp","href":"https:\/\/api.w.org\/{rel}","templated":true}]}}