{"id":110724,"date":"2025-04-29T13:12:00","date_gmt":"2025-04-29T16:12:00","guid":{"rendered":"https:\/\/bluestudio.estadao.com.br\/agencia-de-comunicacao\/prnewswire\/vwco-alcanca-marco-de-30-mil-onibus-para-caminho-da-escola\/"},"modified":"2025-04-29T13:12:00","modified_gmt":"2025-04-29T16:12:00","slug":"vwco-alcanca-marco-de-30-mil-onibus-para-caminho-da-escola","status":"publish","type":"post","link":"https:\/\/bluestudio.estadao.com.br\/agencia-de-comunicacao\/prnewswire\/vwco-alcanca-marco-de-30-mil-onibus-para-caminho-da-escola\/","title":{"rendered":"VWCO alcan\u00e7a marco de 30 mil \u00f4nibus para Caminho da Escola"},"content":{"rendered":"<div class=\"xn-content\">\n<i>Volksbus faz a diferen\u00e7a para futuras gera\u00e7\u00f5es com transporte de mais de 40 milh\u00f5es de alunos \u00e0s escolas<\/i><\/p>\n<p><span class=\"legendSpanClass\"><span class=\"xn-location\">SAO PAULO<\/span><\/span>, <span class=\"legendSpanClass\">29 de abril de 2025<\/span> \/PRNewswire\/ &#8212; A partir desta semana, \u00e9 a cidade de\u00a0Canhotinho, no agreste pernambucano, que vai receber a mais nova unidade de Volksbus destinado ao programa Caminho da Escola. Com a entrega de oito unidades ao munic\u00edpio que tem sua popula\u00e7\u00e3o principalmente na zona rural, a VWCO celebra o marco de 30 mil \u00f4nibus fornecidos \u00e0 iniciativa, impactando ao longo desse per\u00edodo mais de 40 milh\u00f5es de crian\u00e7as e adolescentes com transporte nos ve\u00edculos nos lugares mais remotos do pa\u00eds para ter acesso \u00e0 educa\u00e7\u00e3o.<\/p>\n<div class=\"PRN_ImbeddedAssetReference\" id=\"DivAssetPlaceHolder1\">\n<a href=\"https:\/\/mma.prnewswire.com\/media\/2675969\/Caminho_Escola.html\" target=\"_blank\" rel=\"nofollow\">  <img decoding=\"async\" src=\"https:\/\/mma.prnewswire.com\/media\/2675969\/Caminho_Escola.jpg\" title=\"\" alt=\"\" \/><\/a>\n <\/p>\n<\/p><\/div>\n<p>Em circula\u00e7\u00e3o em mais de cinco mil cidades brasileiras, o Volksbus \u00e9 l\u00edder de vendas nesse segmento em todo o hemisf\u00e9rio Sul com modelos pensados sob medida para garantir a mobilidade com qualidade, efici\u00eancia e seguran\u00e7a. S\u00e3o 18 anos do programa em que a evolu\u00e7\u00e3o constante e customiza\u00e7\u00e3o do produto\u00a0nortearam todo o trabalho da VWCO, inclusive nas propostas de novas solu\u00e7\u00f5es ao governo.<\/p>\n<p>&#8220;O programa Caminho da Escola nos permite vivenciar ao m\u00e1ximo nosso prop\u00f3sito de oferecer solu\u00e7\u00f5es de transporte sustent\u00e1vel a todos. \u00c9 por isso que cuidamos sempre para oferecer o melhor \u00f4nibus escolar, com robustez e alta qualidade, r\u00e1pida entrega e excelente atendimento por uma rede igualmente espalhada por todo o pa\u00eds, garantindo sempre as melhores condi\u00e7\u00f5es para nossa popula\u00e7\u00e3o&#8221;, afirma <span class=\"xn-person\">Roberto Cortes<\/span>, presidente e CEO da Volkswagen Caminh\u00f5es e \u00d4nibus.<\/p>\n<p>Por tr\u00e1s do sucesso dessa parceria, est\u00e1 o conceito sob medida da marca. Para atender \u00e0s licita\u00e7\u00f5es com m\u00e1xima assertividade, a marca faz valer seu slogan que preconiza &#8220;menos voc\u00ea n\u00e3o quer, mais voc\u00ea n\u00e3o precisa&#8221;, com produtos espec\u00edficos para essa aplica\u00e7\u00e3o, sempre em parceria com os implementadores.<\/p>\n<p>Entre os grandes avan\u00e7os no produto, se destacam a reformula\u00e7\u00e3o completa do chassi feita no portf\u00f3lio em 2019 e os lan\u00e7amentos na linha <span class=\"xn-money\">Euro 5<\/span> e <span class=\"xn-money\">Euro 6<\/span>, al\u00e9m de novos atributos para maior acessibilidade e conforto como o ar-condicionado que passa a equipar os modelos atuais. N\u00e3o \u00e0 toa, o modelo de maior sucesso ao longo da trajet\u00f3ria da VWCO no Caminho da Escola \u00e9 o que est\u00e1 enquadrado na categoria ORE1 como micro-\u00f4nibus rural.<\/p>\n<p>E \u00e9 justamente o Volksbus 8.180 E ORE1 que chega esta semana a Canhotinho para transformar o dia a dia dos alunos. Lan\u00e7ado em 2023, \u00e9 um produto exclusivo para atender \u00e0 iniciativa. Feitos sob medida para o transporte escolar, os ve\u00edculos t\u00eam n\u00edveis altamente reduzidos de emiss\u00f5es e favorecem tamb\u00e9m o conforto a bordo. Al\u00e9m do ar-condicionado, todos est\u00e3o equipados com controle de tra\u00e7\u00e3o, assistente de partida em rampa\u00a0e configura\u00e7\u00e3o espec\u00edfica para a opera\u00e7\u00e3o, melhorando o acesso do aluno para o aprendizado na escola.<\/p>\n<p><b>Caminho da Escola combate desigualdade social<\/b><\/p>\n<p>Operado pelo Fundo Nacional de Desenvolvimento da Educa\u00e7\u00e3o (FNDE), o programa Caminho da Escola foi criado em 2007 para renovar e ampliar a frota de ve\u00edculos escolares, garantir seguran\u00e7a e qualidade ao transporte dos estudantes e contribuir para a redu\u00e7\u00e3o da evas\u00e3o escolar, ampliando por meio do transporte di\u00e1rio o acesso e a perman\u00eancia na escola dos estudantes matriculados na educa\u00e7\u00e3o b\u00e1sica da zona rural das redes estaduais e municipais. O programa tamb\u00e9m padroniza os ve\u00edculos de transporte escolar, reduz os pre\u00e7os dos ve\u00edculos e aumenta a transpar\u00eancia das aquisi\u00e7\u00f5es. A lideran\u00e7a neste programa \u00e9 estrat\u00e9gica para a VWCO, que mant\u00e9m o prop\u00f3sito de oferecer solu\u00e7\u00f5es de transporte sustent\u00e1vel a todos.<\/p>\n<p><b>Sobre o Volksbus 8.180 E ORE 1<\/b><\/p>\n<p>O Volksbus 8.180 E ORE 1 \u00e9 o primeiro lugar em vendas do Caminho da Escola e tamb\u00e9m em outras solicita\u00e7\u00f5es do governo para apoiar o acesso \u00e0 educa\u00e7\u00e3o no pa\u00eds. Adequado para atender \u00e0s demandas de mobilidade, o modelo \u00e9 ideal para as aplica\u00e7\u00f5es fora de estrada. O novo motor de 3,8 litros entrega 180 cv de pot\u00eancia e 600 Nm de torque, garantindo assim uma melhor performance nas aplica\u00e7\u00f5es.<\/p>\n<p>Al\u00e9m disso, o ve\u00edculo conta em sua configura\u00e7\u00e3o com o sistema de suspens\u00e3o refor\u00e7ado e elevado em rela\u00e7\u00e3o ao solo, para um melhor desempenho nas aplica\u00e7\u00f5es fora de estrada, e tamb\u00e9m traz o eixo traseiro com bloqueio autom\u00e1tico do diferencial, o que ajuda o ve\u00edculo a romper terrenos acidentados e escorregadios.<\/p>\n<p><b><span>Comunica\u00e7\u00e3o VW Caminh\u00f5es e \u00d4nibus\u00a0|\u00a0<a href=\"mailto:comunicacao@volkswagen.com.br\" target=\"_blank\" rel=\"nofollow\">comunicacao@volkswagen.com.br<\/a><\/span><\/b><\/p>\n<p><span>Foto &#8211; <a href=\"https:\/\/mma.prnewswire.com\/media\/2675969\/Caminho_Escola.jpg\" target=\"_blank\" rel=\"nofollow\">https:\/\/mma.prnewswire.com\/media\/2675969\/Caminho_Escola.jpg<\/a><\/span><\/p>\n<p id=\"PURL\"><img loading=\"lazy\" decoding=\"async\" title=\"Cision\" width=\"12\" height=\"12\" alt=\"Cision\" src=\"https:\/\/c212.net\/c\/img\/favicon.png?sn=PT75758&amp;sd=2025-04-29\" \/> View original content to download multimedia:<a id=\"PRNURL\" rel=\"nofollow\" href=\"https:\/\/www.prnewswire.com\/br\/comunicados-para-a-imprensa\/vwco-alcanca-marco-de-30-mil-onibus-para-caminho-da-escola-302441542.html\" target=\"_blank\">https:\/\/www.prnewswire.com\/br\/comunicados-para-a-imprensa\/vwco-alcanca-marco-de-30-mil-onibus-para-caminho-da-escola-302441542.html<\/a><\/p>\n<p>FONTE  Volkswagen Caminh\u00f5es e \u00d4nibus<\/p>\n<\/div>\n<p><img decoding=\"async\" alt=\"\" src=\"https:\/\/rt.prnewswire.com\/rt.gif?NewsItemId=PT75758&amp;Transmission_Id=202504291205PR_NEWS_LATAM____PT75758&amp;DateId=20250429\" style=\"border:0px;width:1px;height:1px\" \/><\/p>\n<p><strong>T\u00f3picos Relacionados:<\/strong> Novos Produtos\/Servi\u00e7os, Transporte Rodovi\u00e1rio e de Caminh\u00f5es, Educa\u00e7\u00e3o, Transporte \/ Caminh\u00f5es \/ Ferrovias, Responsabilidade Social Corporativa, Ambiental, Social e Governan\u00e7a<\/p>\n<p>A <b>OESP<\/b> n\u00e3o \u00e9(s\u00e3o) respons\u00e1vel(is) por erros, incorre\u00e7\u00f5es, atrasos ou quaisquer decis\u00f5es tomadas por seus clientes com base nos Conte\u00fados ora disponibilizados, bem como tais Conte\u00fados n\u00e3o representam a opini\u00e3o da <b>OESP<\/b> e s\u00e3o de inteira responsabilidade da <b>PR Newswire Ltda<\/b><\/p>\n","protected":false},"excerpt":{"rendered":"Volksbus faz a diferen\u00e7a para futuras gera\u00e7\u00f5es com transporte de mais de 40 milh\u00f5es de alunos \u00e0s escolas SAO PAULO, 29 de abril de 2025 \/PRNewswire\/ &#8212; A partir desta semana, \u00e9 a cidade","protected":false},"author":1,"featured_media":0,"comment_status":"open","ping_status":"closed","sticky":false,"template":"","format":"standard","meta":{"_acf_changed":false,"inline_featured_image":false,"_monsterinsights_skip_tracking":false,"_monsterinsights_sitenote_active":false,"_monsterinsights_sitenote_note":"","_monsterinsights_sitenote_category":0,"footnotes":""},"categories":[27],"tags":[],"class_list":["post-110724","post","type-post","status-publish","format-standard","hentry","category-prnewswire"],"acf":[],"_links":{"self":[{"href":"https:\/\/bluestudio.estadao.com.br\/agencia-de-comunicacao\/wp-json\/wp\/v2\/posts\/110724","targetHints":{"allow":["GET"]}}],"collection":[{"href":"https:\/\/bluestudio.estadao.com.br\/agencia-de-comunicacao\/wp-json\/wp\/v2\/posts"}],"about":[{"href":"https:\/\/bluestudio.estadao.com.br\/agencia-de-comunicacao\/wp-json\/wp\/v2\/types\/post"}],"author":[{"embeddable":true,"href":"https:\/\/bluestudio.estadao.com.br\/agencia-de-comunicacao\/wp-json\/wp\/v2\/users\/1"}],"replies":[{"embeddable":true,"href":"https:\/\/bluestudio.estadao.com.br\/agencia-de-comunicacao\/wp-json\/wp\/v2\/comments?post=110724"}],"version-history":[{"count":0,"href":"https:\/\/bluestudio.estadao.com.br\/agencia-de-comunicacao\/wp-json\/wp\/v2\/posts\/110724\/revisions"}],"wp:attachment":[{"href":"https:\/\/bluestudio.estadao.com.br\/agencia-de-comunicacao\/wp-json\/wp\/v2\/media?parent=110724"}],"wp:term":[{"taxonomy":"category","embeddable":true,"href":"https:\/\/bluestudio.estadao.com.br\/agencia-de-comunicacao\/wp-json\/wp\/v2\/categories?post=110724"},{"taxonomy":"post_tag","embeddable":true,"href":"https:\/\/bluestudio.estadao.com.br\/agencia-de-comunicacao\/wp-json\/wp\/v2\/tags?post=110724"}],"curies":[{"name":"wp","href":"https:\/\/api.w.org\/{rel}","templated":true}]}}