{"id":110710,"date":"2025-04-29T11:00:00","date_gmt":"2025-04-29T14:00:00","guid":{"rendered":"https:\/\/bluestudio.estadao.com.br\/agencia-de-comunicacao\/saftec-digital\/richard-andrew-de-mol-van-otterloo-explica-tudo-sobre-trekking-e-como-comecar\/"},"modified":"2025-04-29T11:00:00","modified_gmt":"2025-04-29T14:00:00","slug":"richard-andrew-de-mol-van-otterloo-explica-tudo-sobre-trekking-e-como-comecar","status":"publish","type":"post","link":"https:\/\/bluestudio.estadao.com.br\/agencia-de-comunicacao\/saftec-digital\/richard-andrew-de-mol-van-otterloo-explica-tudo-sobre-trekking-e-como-comecar\/","title":{"rendered":"Richard Andrew de Mol Van Otterloo explica: tudo sobre trekking e como come\u00e7ar"},"content":{"rendered":"<p>\nConforme Richard Andrew de Mol Van Otterloo, o trekking, tamb\u00e9m conhecido como caminhada de longa dist\u00e2ncia, \u00e9 uma atividade f\u00edsica ao ar livre que vem ganhando cada vez mais adeptos no Brasil e no mundo. Muito mais do que um simples exerc\u00edcio, o trekking representa uma verdadeira imers\u00e3o na natureza, onde o praticante percorre trilhas por horas ou at\u00e9 dias, desafiando seus limites f\u00edsicos e mentais. <br \/>\nCaminhar por florestas, montanhas, vales e terrenos acidentados n\u00e3o \u00e9 apenas um exerc\u00edcio para o corpo, mas tamb\u00e9m para a mente, exigindo foco, resili\u00eancia e planejamento. Al\u00e9m disso, o trekking proporciona experi\u00eancias \u00fanicas, como ver o nascer do sol do alto de uma montanha ou atravessar paisagens intocadas, oferecendo uma conex\u00e3o profunda com o meio ambiente e consigo mesmo.<\/p>\n<p><b>O que \u00e9 trekking?<\/b><\/p>\n<p>Trekking \u00e9 uma modalidade de caminhada que se diferencia pela dura\u00e7\u00e3o prolongada e pelo terreno, muitas vezes irregular ou afastado de centros urbanos. Pode ser realizado em \u00e1reas montanhosas, trilhas ecol\u00f3gicas, florestas densas, desertos ou at\u00e9 regi\u00f5es nevadas, dependendo da localidade. Em muitos casos, o trekking envolve acampamentos, pernoites e a necessidade de carregar tudo o que se vai usar ao longo do caminho. <br \/>\nConforme explica Richard Andrew de Mol Van Otterloo, praticante experiente e entusiasta de esportes ao ar livre, o trekking \u00e9 uma excelente forma de unir o bem-estar f\u00edsico com o contato profundo com a natureza. Segundo ele, a experi\u00eancia vai al\u00e9m do esfor\u00e7o f\u00edsico  &#8212;  \u00e9 tamb\u00e9m uma jornada interior, onde cada passo contribui para o autoconhecimento e a contempla\u00e7\u00e3o do mundo ao redor.<\/p>\n<p><b>Benef\u00edcios do trekking<\/b><\/p>\n<p>De acordo com especialistas e praticantes como Richard Andrew de Mol Van Otterloo, os benef\u00edcios do trekking s\u00e3o extensos e v\u00e3o muito al\u00e9m da melhoria do condicionamento f\u00edsico. Al\u00e9m de fortalecer a musculatura das pernas, aumentar a capacidade cardiovascular e promover resist\u00eancia corporal, o trekking tamb\u00e9m atua positivamente na sa\u00fade mental. O contato com ambientes naturais, longe da polui\u00e7\u00e3o sonora e do ritmo acelerado das cidades, proporciona al\u00edvio do estresse, reduz a ansiedade e melhora o humor de forma significativa. <br \/>\nOutro benef\u00edcio importante \u00e9 o desenvolvimento de habilidades como planejamento, autonomia e tomada de decis\u00f5es em ambientes desafiadores. Para quem busca sa\u00fade, equil\u00edbrio emocional e esp\u00edrito aventureiro, o trekking \u00e9 uma das melhores pr\u00e1ticas ao ar livre dispon\u00edveis atualmente.<\/p>\n<p><b>O que \u00e9 preciso saber antes de come\u00e7ar?<\/b><\/p>\n<p>Come\u00e7ar no trekking pode parecer desafiador, mas com as informa\u00e7\u00f5es corretas e os cuidados necess\u00e1rios, \u00e9 poss\u00edvel aproveitar cada trilha com seguran\u00e7a e prazer. O primeiro passo \u00e9 a escolha da trilha, que deve estar de acordo com o seu n\u00edvel de preparo f\u00edsico. Existem trilhas para iniciantes, intermedi\u00e1rios e experientes, por isso \u00e9 fundamental pesquisar sobre dist\u00e2ncia, eleva\u00e7\u00e3o, tempo estimado de caminhada e pontos de apoio. Outro ponto crucial \u00e9 o uso de equipamentos adequados. <br \/>\nDe acordo com Richard Andrew de Mol Van Otterloo, o equipamento faz toda a diferen\u00e7a na experi\u00eancia. Botas de trekking confort\u00e1veis, mochila leve e bem ajustada, roupas apropriadas para o clima e bast\u00f5es de caminhada s\u00e3o itens essenciais, afirma. Al\u00e9m disso, a alimenta\u00e7\u00e3o deve ser leve e energ\u00e9tica, e a hidrata\u00e7\u00e3o constante. Levar um bom kit de primeiros socorros e sempre avisar algu\u00e9m sobre o roteiro planejado tamb\u00e9m s\u00e3o medidas indispens\u00e1veis de seguran\u00e7a.<\/p>\n<p><b>Conclus\u00e3o<\/b><\/p>\n<p>Praticar trekking \u00e9 mais do que simplesmente se deslocar a p\u00e9 por trilhas naturais. \u00c9 uma forma de reconectar-se com a natureza, cultivar o autoconhecimento e desenvolver o corpo e a mente de maneira integrada. Com os equipamentos certos, planejamento adequado e disposi\u00e7\u00e3o para vivenciar o novo, qualquer pessoa pode iniciar nesse universo e descobrir o prazer de superar limites enquanto contempla paisagens que poucos t\u00eam a oportunidade de ver. E como afirma Richard Andrew de Mol Van Otterloo, a trilha sempre leva a um lugar: \u00e0s vezes a uma paisagem inesquec\u00edvel, outras vezes a uma nova vers\u00e3o de n\u00f3s mesmos. O trekking, portanto, \u00e9 mais do que um esporte  &#8212;  \u00e9 um estilo de vida que transforma quem o pratica.<\/p>\n<p><b>Aviso Legal:<\/b><\/p>\n<p>\nTodos os textos, conte\u00fados e materiais criados pela Saftec Digital s\u00e3o protegidos por direitos autorais, conforme a Lei n\u00ba 9.610\/98, que regula os direitos autorais no Brasil. \u00c9 expressamente proibida a c\u00f3pia, reprodu\u00e7\u00e3o, distribui\u00e7\u00e3o ou utiliza\u00e7\u00e3o n\u00e3o autorizada, total ou parcial, deste conte\u00fado, sob pena de responsabiliza\u00e7\u00e3o civil e criminal, incluindo a possibilidade de ajuizamento de a\u00e7\u00f5es judiciais para repara\u00e7\u00e3o de danos e aplica\u00e7\u00e3o das san\u00e7\u00f5es previstas em lei. Para solicita\u00e7\u00f5es de uso ou licenciamento, entre em contato diretamente com a Saftec Digital.<\/p>\n<p>A <b>OESP<\/b> n\u00e3o \u00e9(s\u00e3o) respons\u00e1vel(is) por erros, incorre\u00e7\u00f5es, atrasos ou quaisquer decis\u00f5es tomadas por seus clientes com base nos Conte\u00fados ora disponibilizados, bem como tais Conte\u00fados n\u00e3o representam a opini\u00e3o da <b>OESP<\/b> e s\u00e3o de inteira responsabilidade da <b>Ag\u00eancia Saftec<\/b><\/p>\n","protected":false},"excerpt":{"rendered":"Conforme Richard Andrew de Mol Van Otterloo, o trekking, tamb\u00e9m conhecido como caminhada de longa dist\u00e2ncia, \u00e9 uma atividade f\u00edsica ao ar livre que vem ganhando cada vez mais adeptos no Brasil e","protected":false},"author":1,"featured_media":110711,"comment_status":"open","ping_status":"closed","sticky":false,"template":"","format":"standard","meta":{"_acf_changed":false,"inline_featured_image":false,"_monsterinsights_skip_tracking":false,"_monsterinsights_sitenote_active":false,"_monsterinsights_sitenote_note":"","_monsterinsights_sitenote_category":0,"footnotes":""},"categories":[525],"tags":[],"class_list":["post-110710","post","type-post","status-publish","format-standard","has-post-thumbnail","hentry","category-saftec-digital"],"acf":[],"_links":{"self":[{"href":"https:\/\/bluestudio.estadao.com.br\/agencia-de-comunicacao\/wp-json\/wp\/v2\/posts\/110710","targetHints":{"allow":["GET"]}}],"collection":[{"href":"https:\/\/bluestudio.estadao.com.br\/agencia-de-comunicacao\/wp-json\/wp\/v2\/posts"}],"about":[{"href":"https:\/\/bluestudio.estadao.com.br\/agencia-de-comunicacao\/wp-json\/wp\/v2\/types\/post"}],"author":[{"embeddable":true,"href":"https:\/\/bluestudio.estadao.com.br\/agencia-de-comunicacao\/wp-json\/wp\/v2\/users\/1"}],"replies":[{"embeddable":true,"href":"https:\/\/bluestudio.estadao.com.br\/agencia-de-comunicacao\/wp-json\/wp\/v2\/comments?post=110710"}],"version-history":[{"count":0,"href":"https:\/\/bluestudio.estadao.com.br\/agencia-de-comunicacao\/wp-json\/wp\/v2\/posts\/110710\/revisions"}],"wp:featuredmedia":[{"embeddable":true,"href":"https:\/\/bluestudio.estadao.com.br\/agencia-de-comunicacao\/wp-json\/wp\/v2\/media\/110711"}],"wp:attachment":[{"href":"https:\/\/bluestudio.estadao.com.br\/agencia-de-comunicacao\/wp-json\/wp\/v2\/media?parent=110710"}],"wp:term":[{"taxonomy":"category","embeddable":true,"href":"https:\/\/bluestudio.estadao.com.br\/agencia-de-comunicacao\/wp-json\/wp\/v2\/categories?post=110710"},{"taxonomy":"post_tag","embeddable":true,"href":"https:\/\/bluestudio.estadao.com.br\/agencia-de-comunicacao\/wp-json\/wp\/v2\/tags?post=110710"}],"curies":[{"name":"wp","href":"https:\/\/api.w.org\/{rel}","templated":true}]}}