{"id":110693,"date":"2025-04-28T21:13:00","date_gmt":"2025-04-29T00:13:00","guid":{"rendered":"https:\/\/bluestudio.estadao.com.br\/agencia-de-comunicacao\/prnewswire\/gerdau-s-a-informacoes-consolidadas-13\/"},"modified":"2025-04-28T21:13:00","modified_gmt":"2025-04-29T00:13:00","slug":"gerdau-s-a-informacoes-consolidadas-13","status":"publish","type":"post","link":"https:\/\/bluestudio.estadao.com.br\/agencia-de-comunicacao\/prnewswire\/gerdau-s-a-informacoes-consolidadas-13\/","title":{"rendered":"GERDAU S.A. &#8211; INFORMA\u00c7\u00d5ES CONSOLIDADAS"},"content":{"rendered":"<div class=\"xn-content\">\n<span class=\"legendSpanClass\">S\u00c3O PAULO<\/span>, <span class=\"legendSpanClass\">28 de abril de 2025<\/span> \/PRNewswire\/ &#8212; <b>Destaques do 1\u00ba trimestre de 2025<\/b><\/p>\n<ul type=\"disc\">\n<li><b>EBITDA Ajustado<\/b> (lucro antes de juros, impostos, deprecia\u00e7\u00f5es e amortiza\u00e7\u00f5es) de <b><span class=\"xn-money\">R$ 2,4<\/span> bilh\u00f5es<\/b> no primeiro trimestre, em linha com o 4T24. Desempenho do per\u00edodo foi influenciado pelos melhores resultados das opera\u00e7\u00f5es na Am\u00e9rica do Norte, que compensaram a queda nos resultados no Brasil.<\/li>\n<li><b>Investimentos (CAPEX) <\/b>de <span class=\"xn-money\">R$ 1,4<\/span> bilh\u00f5es no 1T25, sendo que, desse total, 60% foram destinados \u00e0 competitividade dos ativos. Para 2025, o plano de investimento aprovado projeta <b><span class=\"xn-money\">R$ 6,0<\/span> bilh\u00f5es<\/b> em projetos voltados \u00e0s frentes de manuten\u00e7\u00e3o e competitividade.<\/li>\n<li><b>Distribui\u00e7\u00e3o de dividendos<\/b> no valor de <span class=\"xn-money\">R$ 0,12<\/span> por a\u00e7\u00e3o, equivalentes ao montante de <span class=\"xn-money\">R$ 243,5<\/span> milh\u00f5es, a serem pagos com base nos resultados do primeiro trimestre de 2025.<\/li>\n<li>No 1T25, a Companhia recomprou 9,4 milh\u00f5es de a\u00e7\u00f5es da Gerdau S.A. (NYSE: GGB, BM&amp;Fbovespa: GGBR3, GGBR4), aproximadamente <b>15,0% do Programa de Recompra 2025<\/b> e 0,5% das a\u00e7\u00f5es <i>outstanding<\/i> da Companhia.<\/li>\n<li><b>Inaugura\u00e7\u00e3o da expans\u00e3o do laminador de bobinas a quente<\/b> na planta de <span class=\"xn-person\">Ouro Branco<\/span> em Minas Gerais. Com o in\u00edcio do novo laminador, a Gerdau adiciona 250 mil toneladas de bobinas a quente, sendo mais um passo na jornada de produ\u00e7\u00e3o de a\u00e7o de valor agregado da Companhia no Brasil.<\/li>\n<\/ul>\n<p><b>Informa\u00e7\u00f5es adicionais<\/b><\/p>\n<p>A Gerdau S.A. comunica que est\u00e1 arquivando hoje o documento contendo os Resultados do 1T25 na <i>Securities and Exchange Commission<\/i> (SEC) e na Comiss\u00e3o de Valores Mobili\u00e1rios (CVM) e se encontra dispon\u00edvel em nosso site. Para acessar o referido documento clique em: <a href=\"https:\/\/ri.gerdau.com\/divulgacao-e-resultados\/central-de-resultados\/\" target=\"_blank\" rel=\"nofollow\">https:\/\/ri.gerdau.com\/divulgacao-e-resultados\/central-de-resultados\/<\/a>.<\/p>\n<p>O Guia de Modelagem referente ao 1T25 tamb\u00e9m se encontra dispon\u00edvel no site da Gerdau. <a href=\"https:\/\/ri.gerdau.com\/informacoes-financeiras\/guia-de-modelagem\/\" target=\"_blank\" rel=\"nofollow\">https:\/\/ri.gerdau.com\/informacoes-financeiras\/guia-de-modelagem\/<\/a><\/p>\n<p id=\"PURL\"><img loading=\"lazy\" decoding=\"async\" title=\"Cision\" width=\"12\" height=\"12\" alt=\"Cision\" src=\"https:\/\/c212.net\/c\/img\/favicon.png?sn=PT75157&amp;sd=2025-04-28\" \/> View original content:<a id=\"PRNURL\" rel=\"nofollow\" href=\"https:\/\/www.prnewswire.com\/br\/comunicados-para-a-imprensa\/gerdau-sa--informacoes-consolidadas-302440404.html\" target=\"_blank\">https:\/\/www.prnewswire.com\/br\/comunicados-para-a-imprensa\/gerdau-sa&#8211;informacoes-consolidadas-302440404.html<\/a><\/p>\n<p>FONTE  Gerdau S.A.<\/p>\n<\/div>\n<p><img decoding=\"async\" alt=\"\" src=\"https:\/\/rt.prnewswire.com\/rt.gif?NewsItemId=PT75157&amp;Transmission_Id=202504282007PR_NEWS_LATAM____PT75157&amp;DateId=20250428\" style=\"border:0px;width:1px;height:1px\" \/><\/p>\n<p><strong>T\u00f3picos Relacionados:<\/strong> Ganhos, Minera\u00e7\u00e3o\/Metais, Servi\u00e7os Banc\u00e1rios\/Financeiros<\/p>\n<p>A <b>OESP<\/b> n\u00e3o \u00e9(s\u00e3o) respons\u00e1vel(is) por erros, incorre\u00e7\u00f5es, atrasos ou quaisquer decis\u00f5es tomadas por seus clientes com base nos Conte\u00fados ora disponibilizados, bem como tais Conte\u00fados n\u00e3o representam a opini\u00e3o da <b>OESP<\/b> e s\u00e3o de inteira responsabilidade da <b>PR Newswire Ltda<\/b><\/p>\n","protected":false},"excerpt":{"rendered":"S\u00c3O PAULO, 28 de abril de 2025 \/PRNewswire\/ &#8212; Destaques do 1\u00ba trimestre de 2025 EBITDA Ajustado (lucro antes de juros, impostos, deprecia\u00e7\u00f5es e amortiza\u00e7\u00f5es) de R$ 2,4 bilh\u00f5es no primeiro","protected":false},"author":1,"featured_media":0,"comment_status":"open","ping_status":"closed","sticky":false,"template":"","format":"standard","meta":{"_acf_changed":false,"inline_featured_image":false,"_monsterinsights_skip_tracking":false,"_monsterinsights_sitenote_active":false,"_monsterinsights_sitenote_note":"","_monsterinsights_sitenote_category":0,"footnotes":""},"categories":[27],"tags":[],"class_list":["post-110693","post","type-post","status-publish","format-standard","hentry","category-prnewswire"],"acf":[],"_links":{"self":[{"href":"https:\/\/bluestudio.estadao.com.br\/agencia-de-comunicacao\/wp-json\/wp\/v2\/posts\/110693","targetHints":{"allow":["GET"]}}],"collection":[{"href":"https:\/\/bluestudio.estadao.com.br\/agencia-de-comunicacao\/wp-json\/wp\/v2\/posts"}],"about":[{"href":"https:\/\/bluestudio.estadao.com.br\/agencia-de-comunicacao\/wp-json\/wp\/v2\/types\/post"}],"author":[{"embeddable":true,"href":"https:\/\/bluestudio.estadao.com.br\/agencia-de-comunicacao\/wp-json\/wp\/v2\/users\/1"}],"replies":[{"embeddable":true,"href":"https:\/\/bluestudio.estadao.com.br\/agencia-de-comunicacao\/wp-json\/wp\/v2\/comments?post=110693"}],"version-history":[{"count":0,"href":"https:\/\/bluestudio.estadao.com.br\/agencia-de-comunicacao\/wp-json\/wp\/v2\/posts\/110693\/revisions"}],"wp:attachment":[{"href":"https:\/\/bluestudio.estadao.com.br\/agencia-de-comunicacao\/wp-json\/wp\/v2\/media?parent=110693"}],"wp:term":[{"taxonomy":"category","embeddable":true,"href":"https:\/\/bluestudio.estadao.com.br\/agencia-de-comunicacao\/wp-json\/wp\/v2\/categories?post=110693"},{"taxonomy":"post_tag","embeddable":true,"href":"https:\/\/bluestudio.estadao.com.br\/agencia-de-comunicacao\/wp-json\/wp\/v2\/tags?post=110693"}],"curies":[{"name":"wp","href":"https:\/\/api.w.org\/{rel}","templated":true}]}}