{"id":110676,"date":"2025-04-28T11:12:00","date_gmt":"2025-04-28T14:12:00","guid":{"rendered":"https:\/\/bluestudio.estadao.com.br\/agencia-de-comunicacao\/prnewswire\/greenberg-traurig-assessora-procaps-group-em-investimento-transformacional-de-130-milhoes-de-dolares-em-acoes-e-reestruturacao-de-divida-de-209-milhoes-de-dolares-na-america-latina\/"},"modified":"2025-04-28T11:12:00","modified_gmt":"2025-04-28T14:12:00","slug":"greenberg-traurig-assessora-procaps-group-em-investimento-transformacional-de-130-milhoes-de-dolares-em-acoes-e-reestruturacao-de-divida-de-209-milhoes-de-dolares-na-america-latina","status":"publish","type":"post","link":"https:\/\/bluestudio.estadao.com.br\/agencia-de-comunicacao\/prnewswire\/greenberg-traurig-assessora-procaps-group-em-investimento-transformacional-de-130-milhoes-de-dolares-em-acoes-e-reestruturacao-de-divida-de-209-milhoes-de-dolares-na-america-latina\/","title":{"rendered":"Greenberg Traurig assessora Procaps Group em investimento transformacional de 130 milh\u00f5es de d\u00f3lares em a\u00e7\u00f5es e reestrutura\u00e7\u00e3o de d\u00edvida de 209 milh\u00f5es de d\u00f3lares na Am\u00e9rica Latina"},"content":{"rendered":"<div class=\"xn-content\">\n<span class=\"legendSpanClass\"><span class=\"xn-location\">MIAMI<\/span><\/span>, <span class=\"legendSpanClass\">28 de abril de 2025<\/span> \/PRNewswire\/ &#8212;\u00a0O escrit\u00f3rio de advocacia global <a href=\"https:\/\/c212.net\/c\/link\/?t=0&amp;l=pt&amp;o=4413238-1&amp;h=1244004713&amp;u=https%3A%2F%2Fc212.net%2Fc%2Flink%2F%3Ft%3D0%26l%3Den%26o%3D4413238-1%26h%3D2862029425%26u%3Dhttps%253A%252F%252Fwww.gtlaw.com%252Fen%252F%26a%3DGreenberg%2BTraurig%252C%2B&amp;a=Greenberg+Traurig%2C+\" target=\"_blank\" rel=\"nofollow\">Greenberg Traurig, <\/a>LLP\u00a0assessorou o Procaps Group, uma das principais empresas farmac\u00eauticas e de sa\u00fade integradas da Am\u00e9rica Latina, em seu investimento de capital de 130 milh\u00f5es de d\u00f3lares, com a reestrutura\u00e7\u00e3o abrangente da d\u00edvida de aproximadamente 209 milh\u00f5es de d\u00f3lares e transi\u00e7\u00e3o de lideran\u00e7a estrat\u00e9gica.<\/p>\n<p>A Procaps levantou 130 milh\u00f5es de d\u00f3lares em capital, incluindo uma coloca\u00e7\u00e3o privada de 90 milh\u00f5es de d\u00f3lares em a\u00e7\u00f5es ordin\u00e1rias e 40 milh\u00f5es de d\u00f3lares em notas promiss\u00f3rias com garantias que foram convertidas em a\u00e7\u00f5es ordin\u00e1rias. Al\u00e9m disso, a empresa reestruturou aproximadamente 209 milh\u00f5es de d\u00f3lares em d\u00edvidas com cerca de vinte e quatro credores importantes.<\/p>\n<p>&#8220;Essa transa\u00e7\u00e3o \u00e9 um marco cr\u00edtico na transforma\u00e7\u00e3o da Procaps. Agradecemos o apoio da Greenberg Traurig por nos ajudar a conduzir esse processo complexo&#8221;, disse <span class=\"xn-person\">Melissa Angelini<\/span>, coCEO interina do Procaps Group.<\/p>\n<p>O Copresidente de <a href=\"https:\/\/c212.net\/c\/link\/?t=0&amp;l=pt&amp;o=4413238-1&amp;h=3200291580&amp;u=https%3A%2F%2Fc212.net%2Fc%2Flink%2F%3Ft%3D0%26l%3Den%26o%3D4413238-1%26h%3D3841622407%26u%3Dhttps%253A%252F%252Fwww.gtlaw.com%252Fen%252Fcapabilities%252Flatin-america-practice%26a%3DLatin%2BAmerica%2BPractice&amp;a=pr%C3%A1tica+da+Am%C3%A9rica+Latina\" target=\"_blank\" rel=\"nofollow\">pr\u00e1tica da Am\u00e9rica Latina<\/a> da Greenberg Traurig, <a href=\"https:\/\/c212.net\/c\/link\/?t=0&amp;l=pt&amp;o=4413238-1&amp;h=1682994614&amp;u=https%3A%2F%2Fc212.net%2Fc%2Flink%2F%3Ft%3D0%26l%3Den%26o%3D4413238-1%26h%3D4034868336%26u%3Dhttps%253A%252F%252Fwww.gtlaw.com%252Fen%252Fprofessionals%252Fp%252Fpena-antonio%26a%3DAntonio%2BPe%25C3%25B1a&amp;a=Antonio+Pe%C3%B1a\" target=\"_blank\" rel=\"nofollow\">Antonio Pe\u00f1a<\/a>, liderou uma equipe multidisciplinar para fornecer consultoria em fus\u00f5es e aquisi\u00e7\u00f5es, reestrutura\u00e7\u00e3o, mercados de capitais, finan\u00e7as corporativas, governan\u00e7a e quest\u00f5es antitruste em uma transa\u00e7\u00e3o envolvendo mais de doze jurisdi\u00e7\u00f5es, com a participa\u00e7\u00e3o de cerca de 30 escrit\u00f3rios de advocacia.<\/p>\n<p>&#8220;Temos orgulho de ter ajudado a Procaps a preservar mais de 5.000 empregos e a estabelecer as bases necess\u00e1rias para sua recupera\u00e7\u00e3o e crescimento futuro&#8221;, disse Pe\u00f1a. &#8220;Em um momento de mudan\u00e7as significativas de lideran\u00e7a e circunst\u00e2ncias desafiadoras, nossa equipe na Greenberg Traurig trabalhou de perto e estrategicamente com a Procaps em decis\u00f5es cr\u00edticas que garantiram a continuidade dos neg\u00f3cios e um caminho a seguir.&#8221;<\/p>\n<p>Al\u00e9m de Pe\u00f1a, a equipe da Greenberg Traurig representando o Procaps Group foi liderada pelos acionistas da pr\u00e1tica da Am\u00e9rica Latina <a href=\"https:\/\/c212.net\/c\/link\/?t=0&amp;l=pt&amp;o=4413238-1&amp;h=2544396557&amp;u=https%3A%2F%2Fc212.net%2Fc%2Flink%2F%3Ft%3D0%26l%3Den%26o%3D4413238-1%26h%3D2567682142%26u%3Dhttps%253A%252F%252Fwww.gtlaw.com%252Fen%252Fprofessionals%252Fm%252Fmartin-thomas-r%26a%3DThomas%2BR.%2BMartin&amp;a=Thomas+R.+Martin\" target=\"_blank\" rel=\"nofollow\"><span class=\"xn-person\">Thomas R. Martin<\/span><\/a> e <a href=\"https:\/\/c212.net\/c\/link\/?t=0&amp;l=pt&amp;o=4413238-1&amp;h=581837890&amp;u=https%3A%2F%2Fc212.net%2Fc%2Flink%2F%3Ft%3D0%26l%3Den%26o%3D4413238-1%26h%3D3797348601%26u%3Dhttps%253A%252F%252Fwww.gtlaw.com%252Fen%252Fprofessionals%252Fr%252Frego-jr-arnaldo-c%26a%3DArnaldo%2BC.%2BRego%252C%25C2%25A0Jr.&amp;a=Arnaldo+C.+Rego%2C%C2%A0Jr.\" target=\"_blank\" rel=\"nofollow\">Arnaldo C. Rego,\u00a0Jr.<\/a><\/p>\n<p>Outros membros da equipe inclu\u00edram os acionistas <a href=\"https:\/\/c212.net\/c\/link\/?t=0&amp;l=pt&amp;o=4413238-1&amp;h=235136623&amp;u=https%3A%2F%2Fc212.net%2Fc%2Flink%2F%3Ft%3D0%26l%3Den%26o%3D4413238-1%26h%3D3356453991%26u%3Dhttps%253A%252F%252Fwww.gtlaw.com%252Fen%252Flocations%252Fmiami%26a%3DMiami&amp;a=corporativos\" target=\"_blank\" rel=\"nofollow\">corporativos<\/a> de <a href=\"https:\/\/c212.net\/c\/link\/?t=0&amp;l=pt&amp;o=4413238-1&amp;h=3513350531&amp;u=https%3A%2F%2Fc212.net%2Fc%2Flink%2F%3Ft%3D0%26l%3Den%26o%3D4413238-1%26h%3D3207850574%26u%3Dhttps%253A%252F%252Fwww.gtlaw.com%252Fen%252Fcapabilities%252Fcorporate%26a%3DCorporate&amp;a=Miami\" target=\"_blank\" rel=\"nofollow\"><span class=\"xn-location\">Miami<\/span><\/a>, <a href=\"https:\/\/c212.net\/c\/link\/?t=0&amp;l=pt&amp;o=4413238-1&amp;h=1232152857&amp;u=https%3A%2F%2Fc212.net%2Fc%2Flink%2F%3Ft%3D0%26l%3Den%26o%3D4413238-1%26h%3D3942966999%26u%3Dhttps%253A%252F%252Fwww.gtlaw.com%252Fen%252Fprofessionals%252Ff%252Ffiumara-raffael%26a%3DRaffael%2BFiumara&amp;a=Raffael+Fiumara\" target=\"_blank\" rel=\"nofollow\"><span class=\"xn-person\">Raffael Fiumara<\/span><\/a>, <a href=\"https:\/\/c212.net\/c\/link\/?t=0&amp;l=pt&amp;o=4413238-1&amp;h=3442664823&amp;u=https%3A%2F%2Fc212.net%2Fc%2Flink%2F%3Ft%3D0%26l%3Den%26o%3D4413238-1%26h%3D2182878092%26u%3Dhttps%253A%252F%252Fwww.gtlaw.com%252Fen%252Fprofessionals%252Fn%252Fnewman-ari%26a%3DAri%2BNewman&amp;a=Ari+Newman\" target=\"_blank\" rel=\"nofollow\"><span class=\"xn-person\">Ari Newman<\/span><\/a>, <a href=\"https:\/\/c212.net\/c\/link\/?t=0&amp;l=pt&amp;o=4413238-1&amp;h=4220108576&amp;u=https%3A%2F%2Fc212.net%2Fc%2Flink%2F%3Ft%3D0%26l%3Den%26o%3D4413238-1%26h%3D3676765450%26u%3Dhttps%253A%252F%252Fwww.gtlaw.com%252Fen%252Fprofessionals%252Fa%252Falvarez-farre-emilio-j%26a%3DEmilio%2BJ.%2BAlvarez-Farr%25C3%25A9&amp;a=+Emilio+J.+Alvarez-Farr%C3%A9\" target=\"_blank\" rel=\"nofollow\"> Emilio J. Alvarez-Farr\u00e9<\/a>, <a href=\"https:\/\/c212.net\/c\/link\/?t=0&amp;l=pt&amp;o=4413238-1&amp;h=1682985335&amp;u=https%3A%2F%2Fc212.net%2Fc%2Flink%2F%3Ft%3D0%26l%3Den%26o%3D4413238-1%26h%3D879628665%26u%3Dhttps%253A%252F%252Fwww.gtlaw.com%252Fen%252Fprofessionals%252Fg%252Fgreenberg-benjamin-g%26a%3DBenjamin%2BG.%2BGreenberg&amp;a=Benjamin+G.+Greenberg\" target=\"_blank\" rel=\"nofollow\"><span class=\"xn-person\">Benjamin G. Greenberg<\/span><\/a> e <a href=\"https:\/\/c212.net\/c\/link\/?t=0&amp;l=pt&amp;o=4413238-1&amp;h=135546883&amp;u=https%3A%2F%2Fc212.net%2Fc%2Flink%2F%3Ft%3D0%26l%3Den%26o%3D4413238-1%26h%3D2353209600%26u%3Dhttps%253A%252F%252Fwww.gtlaw.com%252Fen%252Fprofessionals%252Fg%252Fghneim-sami-b%26a%3DSami%2BB.%2BGhneim&amp;a=Sami+B.+Ghneim\" target=\"_blank\" rel=\"nofollow\"><span class=\"xn-person\">Sami B. Ghneim<\/span><\/a>, o acionista corporativo de <a href=\"https:\/\/c212.net\/c\/link\/?t=0&amp;l=pt&amp;o=4413238-1&amp;h=1219825364&amp;u=https%3A%2F%2Fc212.net%2Fc%2Flink%2F%3Ft%3D0%26l%3Den%26o%3D4413238-1%26h%3D403990619%26u%3Dhttps%253A%252F%252Fwww.gtlaw.com%252Fen%252Flocations%252Fnew-york%26a%3DNew%2BYork&amp;a=Nova+York\" target=\"_blank\" rel=\"nofollow\"><span class=\"xn-person\">Nova York<\/span><\/a>, <a href=\"https:\/\/c212.net\/c\/link\/?t=0&amp;l=pt&amp;o=4413238-1&amp;h=3946548481&amp;u=https%3A%2F%2Fc212.net%2Fc%2Flink%2F%3Ft%3D0%26l%3Den%26o%3D4413238-1%26h%3D3059994409%26u%3Dhttps%253A%252F%252Fwww.gtlaw.com%252Fen%252Fprofessionals%252Fp%252Fpepper-stephen-m%26a%3DStephen%2BM.%2BPepper&amp;a=Stephen+M.+Pepper\" target=\"_blank\" rel=\"nofollow\"><span class=\"xn-person\">Stephen M. Pepper<\/span><\/a>, o acionista de <a href=\"https:\/\/c212.net\/c\/link\/?t=0&amp;l=pt&amp;o=4413238-1&amp;h=3376974646&amp;u=https%3A%2F%2Fc212.net%2Fc%2Flink%2F%3Ft%3D0%26l%3Den%26o%3D4413238-1%26h%3D1733306320%26u%3Dhttps%253A%252F%252Fwww.gtlaw.com%252Fen%252Fcapabilities%252Flitigation%26a%3DLitigation&amp;a=lit%C3%ADgio\" target=\"_blank\" rel=\"nofollow\">lit\u00edgio<\/a> de <span class=\"xn-person\">Nova York<\/span>, <a href=\"https:\/\/c212.net\/c\/link\/?t=0&amp;l=pt&amp;o=4413238-1&amp;h=1520760942&amp;u=https%3A%2F%2Fc212.net%2Fc%2Flink%2F%3Ft%3D0%26l%3Den%26o%3D4413238-1%26h%3D1133469726%26u%3Dhttps%253A%252F%252Fwww.gtlaw.com%252Fen%252Fprofessionals%252Fh%252Fhorowitz-robert-a%26a%3DRobert%2BA.%2BHorowitz&amp;a=Robert+A.+Horowitz\" target=\"_blank\" rel=\"nofollow\"><span class=\"xn-person\">Robert A. Horowitz<\/span><\/a>, o acionista de lit\u00edgio de <a href=\"https:\/\/c212.net\/c\/link\/?t=0&amp;l=pt&amp;o=4413238-1&amp;h=3559713&amp;u=https%3A%2F%2Fc212.net%2Fc%2Flink%2F%3Ft%3D0%26l%3Den%26o%3D4413238-1%26h%3D3341315288%26u%3Dhttps%253A%252F%252Fwww.gtlaw.com%252Fen%252Flocations%252Fdallas%26a%3DDallas&amp;a=+Dallas\" target=\"_blank\" rel=\"nofollow\"> <span class=\"xn-location\">Dallas<\/span><\/a>, <a href=\"https:\/\/c212.net\/c\/link\/?t=0&amp;l=pt&amp;o=4413238-1&amp;h=4072621870&amp;u=https%3A%2F%2Fc212.net%2Fc%2Flink%2F%3Ft%3D0%26l%3Den%26o%3D4413238-1%26h%3D3481425519%26u%3Dhttps%253A%252F%252Fwww.gtlaw.com%252Fen%252Fprofessionals%252Fd%252Fdial-karl-g%26a%3DKarl%2BG.%2BDial&amp;a=Karl+G.+Dial\" target=\"_blank\" rel=\"nofollow\"><span class=\"xn-person\">Karl G. Dial<\/span><\/a>, os associados corporativos de <span class=\"xn-location\">Miami<\/span> <a href=\"https:\/\/c212.net\/c\/link\/?t=0&amp;l=pt&amp;o=4413238-1&amp;h=1684734356&amp;u=https%3A%2F%2Fc212.net%2Fc%2Flink%2F%3Ft%3D0%26l%3Den%26o%3D4413238-1%26h%3D3165072489%26u%3Dhttps%253A%252F%252Fwww.gtlaw.com%252Fen%252Fprofessionals%252Fm%252Fmyus-ashelin%26a%3DAshelin%2BMyus&amp;a=Ashelin+Myus\" target=\"_blank\" rel=\"nofollow\">Ashelin Myus<\/a>, <a href=\"https:\/\/c212.net\/c\/link\/?t=0&amp;l=pt&amp;o=4413238-1&amp;h=3727840811&amp;u=https%3A%2F%2Fc212.net%2Fc%2Flink%2F%3Ft%3D0%26l%3Den%26o%3D4413238-1%26h%3D3572386438%26u%3Dhttps%253A%252F%252Fwww.gtlaw.com%252Fen%252Fprofessionals%252Fs%252Fshapiro-sergio%26a%3DSergio%2BShapiro&amp;a=Sergio+Shapiro\" target=\"_blank\" rel=\"nofollow\"><span class=\"xn-person\">Sergio Shapiro<\/span><\/a>, <a href=\"https:\/\/c212.net\/c\/link\/?t=0&amp;l=pt&amp;o=4413238-1&amp;h=1006263490&amp;u=https%3A%2F%2Fc212.net%2Fc%2Flink%2F%3Ft%3D0%26l%3Den%26o%3D4413238-1%26h%3D4055344968%26u%3Dhttps%253A%252F%252Fwww.gtlaw.com%252Fen%252Fprofessionals%252Fa%252Falcaraz-serrano-blanca%26a%3DBlanca%2BAlcaraz%2BSerrano&amp;a=Blanca+Alcaraz+Serrano\" target=\"_blank\" rel=\"nofollow\"><span class=\"xn-person\">Blanca Alcaraz Serrano<\/span><\/a>,\u00a0e <a href=\"https:\/\/c212.net\/c\/link\/?t=0&amp;l=pt&amp;o=4413238-1&amp;h=1496744954&amp;u=https%3A%2F%2Fc212.net%2Fc%2Flink%2F%3Ft%3D0%26l%3Den%26o%3D4413238-1%26h%3D1316947056%26u%3Dhttps%253A%252F%252Fwww.gtlaw.com%252Fen%252Fprofessionals%252Fs%252Fsanchez-javier-m%26a%3DJavier%2BM.%2BSanchez&amp;a=Javier+M.+Sanchez\" target=\"_blank\" rel=\"nofollow\"><span class=\"xn-person\">Javier M. Sanchez<\/span><\/a>, bem como o associado corporativo de <a href=\"https:\/\/c212.net\/c\/link\/?t=0&amp;l=pt&amp;o=4413238-1&amp;h=518591967&amp;u=https%3A%2F%2Fc212.net%2Fc%2Flink%2F%3Ft%3D0%26l%3Den%26o%3D4413238-1%26h%3D4168498010%26u%3Dhttps%253A%252F%252Fwww.gtlaw.com%252Fen%252Flocations%252Fboston%26a%3DBoston&amp;a=Boston\" target=\"_blank\" rel=\"nofollow\"><span class=\"xn-location\">Boston<\/span><\/a>, <a href=\"https:\/\/c212.net\/c\/link\/?t=0&amp;l=pt&amp;o=4413238-1&amp;h=3950568517&amp;u=https%3A%2F%2Fc212.net%2Fc%2Flink%2F%3Ft%3D0%26l%3Den%26o%3D4413238-1%26h%3D1861993131%26u%3Dhttps%253A%252F%252Fwww.gtlaw.com%252Fen%252Fprofessionals%252Ff%252Fffrench-kyle-c%26a%3DKyle%2BC.%2BFfrench&amp;a=Kyle+C.+Ffrench\" target=\"_blank\" rel=\"nofollow\"><span class=\"xn-person\">Kyle C. Ffrench<\/span><\/a>.<\/p>\n<p><b>Sobre a pr\u00e1tica da Greenberg Traurig na Am\u00e9rica Latina:\u00a0<\/b>a premiada pr\u00e1tica da Greenberg Traurig na Am\u00e9rica Latina baseia-se em recursos de nossos escrit\u00f3rios em\u00a0<a href=\"https:\/\/c212.net\/c\/link\/?t=0&amp;l=pt&amp;o=4413238-1&amp;h=3400885285&amp;u=https%3A%2F%2Fc212.net%2Fc%2Flink%2F%3Ft%3D0%26l%3Den%26o%3D4413238-1%26h%3D2581920132%26u%3Dhttps%253A%252F%252Fwww.gtlaw.com%252Fen%252Flocations%252Fchicago%26a%3DChicago&amp;a=Chicago\" target=\"_blank\" rel=\"nofollow\"><span class=\"xn-location\">Chicago<\/span><\/a>, <a href=\"https:\/\/c212.net\/c\/link\/?t=0&amp;l=pt&amp;o=4413238-1&amp;h=1065132572&amp;u=https%3A%2F%2Fc212.net%2Fc%2Flink%2F%3Ft%3D0%26l%3Den%26o%3D4413238-1%26h%3D1527481033%26u%3Dhttps%253A%252F%252Fwww.gtlaw.com%252Fen%252Flocations%252Fhouston%26a%3DHouston&amp;a=Houston\" target=\"_blank\" rel=\"nofollow\"><span class=\"xn-location\">Houston<\/span><\/a>,\u00a0<a href=\"https:\/\/c212.net\/c\/link\/?t=0&amp;l=pt&amp;o=4413238-1&amp;h=3670102436&amp;u=https%3A%2F%2Fc212.net%2Fc%2Flink%2F%3Ft%3D0%26l%3Den%26o%3D4413238-1%26h%3D1129973264%26u%3Dhttps%253A%252F%252Fwww.gtlaw.com%252Fen%252Flocations%252Flos-angeles%26a%3DLos%2BAngeles&amp;a=Los+Angeles\" target=\"_blank\" rel=\"nofollow\"><span class=\"xn-location\">Los Angeles<\/span><\/a>,\u00a0<a href=\"https:\/\/c212.net\/c\/link\/?t=0&amp;l=pt&amp;o=4413238-1&amp;h=3705637815&amp;u=https%3A%2F%2Fc212.net%2Fc%2Flink%2F%3Ft%3D0%26l%3Den%26o%3D4413238-1%26h%3D2193214278%26u%3Dhttps%253A%252F%252Fwww.gtlaw.com%252Fen%252Flocations%252Fmexico-city%26a%3DMexico%2BCity&amp;a=Cidade+do+M%C3%A9xico\" target=\"_blank\" rel=\"nofollow\">Cidade do M\u00e9xico<\/a>, <a href=\"https:\/\/c212.net\/c\/link\/?t=0&amp;l=pt&amp;o=4413238-1&amp;h=1300487386&amp;u=https%3A%2F%2Fc212.net%2Fc%2Flink%2F%3Ft%3D0%26l%3Den%26o%3D4413238-1%26h%3D3356453991%26u%3Dhttps%253A%252F%252Fwww.gtlaw.com%252Fen%252Flocations%252Fmiami%26a%3DMiami&amp;a=Miami\" target=\"_blank\" rel=\"nofollow\"><span class=\"xn-location\">Miami<\/span><\/a>,\u00a0<a href=\"https:\/\/c212.net\/c\/link\/?t=0&amp;l=pt&amp;o=4413238-1&amp;h=1219825364&amp;u=https%3A%2F%2Fc212.net%2Fc%2Flink%2F%3Ft%3D0%26l%3Den%26o%3D4413238-1%26h%3D403990619%26u%3Dhttps%253A%252F%252Fwww.gtlaw.com%252Fen%252Flocations%252Fnew-york%26a%3DNew%2BYork&amp;a=Nova+York\" target=\"_blank\" rel=\"nofollow\"><span class=\"xn-person\">Nova York<\/span><\/a>,\u00a0<a href=\"https:\/\/c212.net\/c\/link\/?t=0&amp;l=pt&amp;o=4413238-1&amp;h=2305508972&amp;u=https%3A%2F%2Fc212.net%2Fc%2Flink%2F%3Ft%3D0%26l%3Den%26o%3D4413238-1%26h%3D1409865920%26u%3Dhttps%253A%252F%252Fwww.gtlaw.com%252Fen%252Flocations%252Fsao-paulo%26a%3DS%25C3%25A3o%2BPaulo&amp;a=S%C3%A3o+Paulo\" target=\"_blank\" rel=\"nofollow\">S\u00e3o Paulo<\/a>,\u00a0<a href=\"https:\/\/c212.net\/c\/link\/?t=0&amp;l=pt&amp;o=4413238-1&amp;h=2167501279&amp;u=https%3A%2F%2Fc212.net%2Fc%2Flink%2F%3Ft%3D0%26l%3Den%26o%3D4413238-1%26h%3D2385778496%26u%3Dhttps%253A%252F%252Fwww.gtlaw.com%252Fen%252Flocations%252Fwashington-dc%26a%3DWashington%2BD.C.&amp;a=Washington+DC\" target=\"_blank\" rel=\"nofollow\"><span class=\"xn-location\">Washington DC<\/span><\/a> e em outros lugares do mundo, reunindo uma equipe multidisciplinar de mais de 120 advogados para ajudar os clientes a identificar e capitalizar oportunidades de neg\u00f3cios na Am\u00e9rica Latina, na Pen\u00ednsula Ib\u00e9rica e no Caribe.<\/p>\n<p><b>Sobre a Greenberg Traurig:\u00a0<\/b>A Greenberg Traurig, LLP tem mais de 2.850 advogados em 49 locais nos Estados Unidos, na Europa, no Oriente M\u00e9dio, na Am\u00e9rica Latina e \u00c1sia. O amplo alcance geogr\u00e1fico e de \u00e1reas de atua\u00e7\u00e3o do escrit\u00f3rio permite a presta\u00e7\u00e3o de servi\u00e7os jur\u00eddicos inovadores e estrat\u00e9gicos em diferentes pa\u00edses e setores. Reconhecida como um &#8220;Leading Edge Law Firm&#8221; (Escrit\u00f3rio de advocacia inovador) de 2024 pela BTI por antecipar e atender \u00e0s necessidades dos clientes, a Greenberg Traurig \u00e9 consistentemente classificada entre os principais escrit\u00f3rios nas listas <i>Am Law<\/i>\u00a0Global 100 e\u00a0<i>NLJ<\/i>\u00a0500. A Greenberg Traurig tamb\u00e9m \u00e9 conhecida por suas doa\u00e7\u00f5es filantr\u00f3picas, cultura, inova\u00e7\u00e3o e trabalho pro bono. Site: <a href=\"https:\/\/c212.net\/c\/link\/?t=0&amp;l=pt&amp;o=4413238-1&amp;h=676822375&amp;u=https%3A%2F%2Fc212.net%2Fc%2Flink%2F%3Ft%3D0%26l%3Den%26o%3D4413238-1%26h%3D1339941708%26u%3Dhttps%253A%252F%252Fwww.gtlaw.com%252F%26a%3Dwww.gtlaw.com&amp;a=www.gtlaw.com\" target=\"_blank\" rel=\"nofollow\">www.gtlaw.com<\/a>.<\/p>\n<p><b>CONTATO:<\/b> <span class=\"xn-person\">Elaine Walker<\/span>, Diretora de Rela\u00e7\u00f5es com a M\u00eddia e Comunica\u00e7\u00f5es, 305-961-5403<\/p>\n<p id=\"PURL\"><img loading=\"lazy\" decoding=\"async\" title=\"Cision\" width=\"12\" height=\"12\" alt=\"Cision\" src=\"https:\/\/c212.net\/c\/img\/favicon.png?sn=PT72916&amp;sd=2025-04-28\" \/> View original content:<a id=\"PRNURL\" rel=\"nofollow\" href=\"https:\/\/www.prnewswire.com\/br\/comunicados-para-a-imprensa\/greenberg-traurig-assessora-procaps-group-em-investimento-transformacional-de-130-milhoes-de-dolares-em-acoes-e-reestruturacao-de-divida-de-209-milhoes-de-dolares-na-america-latina-302438989.html\" target=\"_blank\">https:\/\/www.prnewswire.com\/br\/comunicados-para-a-imprensa\/greenberg-traurig-assessora-procaps-group-em-investimento-transformacional-de-130-milhoes-de-dolares-em-acoes-e-reestruturacao-de-divida-de-209-milhoes-de-dolares-na-america-latina-302438989.html<\/a><\/p>\n<p>FONTE  Greenberg Traurig<\/p>\n<\/div>\n<p><img decoding=\"async\" alt=\"\" src=\"https:\/\/rt.prnewswire.com\/rt.gif?NewsItemId=PT72916&amp;Transmission_Id=202504281003PR_NEWS_LATAM____PT72916&amp;DateId=20250428\" style=\"border:0px;width:1px;height:1px\" \/><\/p>\n<p><strong>T\u00f3picos Relacionados:<\/strong> Servi\u00e7os Jur\u00eddicos<\/p>\n<p>A <b>OESP<\/b> n\u00e3o \u00e9(s\u00e3o) respons\u00e1vel(is) por erros, incorre\u00e7\u00f5es, atrasos ou quaisquer decis\u00f5es tomadas por seus clientes com base nos Conte\u00fados ora disponibilizados, bem como tais Conte\u00fados n\u00e3o representam a opini\u00e3o da <b>OESP<\/b> e s\u00e3o de inteira responsabilidade da <b>PR Newswire Ltda<\/b><\/p>\n","protected":false},"excerpt":{"rendered":"MIAMI, 28 de abril de 2025 \/PRNewswire\/ &#8212;\u00a0O escrit\u00f3rio de advocacia global Greenberg Traurig, LLP\u00a0assessorou o Procaps Group, uma das principais empresas farmac\u00eauticas e de sa\u00fade integradas","protected":false},"author":1,"featured_media":0,"comment_status":"open","ping_status":"closed","sticky":false,"template":"","format":"standard","meta":{"_acf_changed":false,"inline_featured_image":false,"_monsterinsights_skip_tracking":false,"_monsterinsights_sitenote_active":false,"_monsterinsights_sitenote_note":"","_monsterinsights_sitenote_category":0,"footnotes":""},"categories":[27],"tags":[],"class_list":["post-110676","post","type-post","status-publish","format-standard","hentry","category-prnewswire"],"acf":[],"_links":{"self":[{"href":"https:\/\/bluestudio.estadao.com.br\/agencia-de-comunicacao\/wp-json\/wp\/v2\/posts\/110676","targetHints":{"allow":["GET"]}}],"collection":[{"href":"https:\/\/bluestudio.estadao.com.br\/agencia-de-comunicacao\/wp-json\/wp\/v2\/posts"}],"about":[{"href":"https:\/\/bluestudio.estadao.com.br\/agencia-de-comunicacao\/wp-json\/wp\/v2\/types\/post"}],"author":[{"embeddable":true,"href":"https:\/\/bluestudio.estadao.com.br\/agencia-de-comunicacao\/wp-json\/wp\/v2\/users\/1"}],"replies":[{"embeddable":true,"href":"https:\/\/bluestudio.estadao.com.br\/agencia-de-comunicacao\/wp-json\/wp\/v2\/comments?post=110676"}],"version-history":[{"count":0,"href":"https:\/\/bluestudio.estadao.com.br\/agencia-de-comunicacao\/wp-json\/wp\/v2\/posts\/110676\/revisions"}],"wp:attachment":[{"href":"https:\/\/bluestudio.estadao.com.br\/agencia-de-comunicacao\/wp-json\/wp\/v2\/media?parent=110676"}],"wp:term":[{"taxonomy":"category","embeddable":true,"href":"https:\/\/bluestudio.estadao.com.br\/agencia-de-comunicacao\/wp-json\/wp\/v2\/categories?post=110676"},{"taxonomy":"post_tag","embeddable":true,"href":"https:\/\/bluestudio.estadao.com.br\/agencia-de-comunicacao\/wp-json\/wp\/v2\/tags?post=110676"}],"curies":[{"name":"wp","href":"https:\/\/api.w.org\/{rel}","templated":true}]}}