{"id":110672,"date":"2025-04-28T11:12:00","date_gmt":"2025-04-28T14:12:00","guid":{"rendered":"https:\/\/bluestudio.estadao.com.br\/agencia-de-comunicacao\/prnewswire\/meizu-impressiona-na-geely-global-intelligent-mobility-expo-mostrando-o-apelo-de-seu-ecossistema-de-ia-integrado-no-mundo\/"},"modified":"2025-04-28T11:12:00","modified_gmt":"2025-04-28T14:12:00","slug":"meizu-impressiona-na-geely-global-intelligent-mobility-expo-mostrando-o-apelo-de-seu-ecossistema-de-ia-integrado-no-mundo","status":"publish","type":"post","link":"https:\/\/bluestudio.estadao.com.br\/agencia-de-comunicacao\/prnewswire\/meizu-impressiona-na-geely-global-intelligent-mobility-expo-mostrando-o-apelo-de-seu-ecossistema-de-ia-integrado-no-mundo\/","title":{"rendered":"Meizu impressiona na Geely Global Intelligent Mobility Expo, mostrando o apelo de seu ecossistema de IA integrado no mundo"},"content":{"rendered":"<div class=\"xn-content\">\n<span class=\"legendSpanClass\"><span class=\"xn-location\">HANGZHOU, China<\/span><\/span>, <span class=\"legendSpanClass\">28 de abril de 2025<\/span> \/PRNewswire\/ &#8212; A Meizu participou da Geely Global Intelligent Mobility Expo em 25 de abril de 2025. A Meizu montou um estande de exposi\u00e7\u00e3o no Geely Building Plaza em <span class=\"xn-location\">Hangzhou<\/span> e fez uma palestra durante a sess\u00e3o do workshop, apresentando seus smartphones, \u00f3culos inteligentes de RA (realidade aumentada), cockpit inteligente e outros produtos para consumidores globais e demonstrando o apelo de seu ecossistema de IA integrado no mundo.<\/p>\n<div id=\"prni_dvprnejpg051eleft\" dir=\"ltr\" style=\"width: 100%;text-align: left\"><img decoding=\"async\" id=\"prnejpg051eleft\" style=\"width: 400px;height: 267px\" title=\" \" src=\"https:\/\/mma.prnewswire.com\/media\/2673865\/image_5031974_36374888.jpg\" alt=\" \" align=\"middle\" \/><\/div>\n<p>Considerada uma parte fundamental das campanhas de promo\u00e7\u00e3o da Geely para a Auto Shanghai 2025, a Geely Global Intelligent Mobility Expo atraiu mais de 400 convidados. Utilizando diversas atividades interativas, o evento apresentou as conquistas de \u00faltima gera\u00e7\u00e3o da Geely e sua estrat\u00e9gia de ecossistema no setor de mobilidade inteligente.<\/p>\n<p>No estande da Meizu, a aten\u00e7\u00e3o recaiu sobre os smartphones e dispositivos vest\u00edveis projetados para mercados estrangeiros. V\u00e1rios jornalistas estrangeiros experimentaram produtos como \u00f3culos inteligentes de RA, demonstrando grande interesse pelo StarV View e pelo StarV Air2. O StarV View, com sua solu\u00e7\u00e3o BirdBath, oferece aos usu\u00e1rios uma tela virtual imersiva de 188 polegadas equivalente a uma dist\u00e2ncia de visualiza\u00e7\u00e3o de 6 metros, permitindo entretenimento imersivo em qualquer lugar. S\u00e3o tamb\u00e9m os \u00fanicos \u00f3culos inteligentes em sua faixa de pre\u00e7o que oferecem ajuste de miopia de 0 a 600\u00b0. Durante um recente evento de lan\u00e7amento em <span class=\"xn-location\">Dubai<\/span>, os participantes locais apontaram com entusiasmo para o StarV View e exclamaram: &#8220;Preciso comprar isso!&#8221;<\/p>\n<p>O StarV Air2 tamb\u00e9m chamou a aten\u00e7\u00e3o de jornalistas estrangeiros. Ao presenciarem a tradu\u00e7\u00e3o em tempo real de apresenta\u00e7\u00f5es do chin\u00eas para o ingl\u00eas exibidas diretamente nos \u00f3culos, muitos convidados exclamaram &#8220;Incr\u00edvel!&#8221; e capturaram o momento extraordin\u00e1rio na c\u00e2mera. Atualmente com suporte \u00e0 tradu\u00e7\u00e3o bidirecional em 14 idiomas, o recurso de &#8220;tradu\u00e7\u00e3o multil\u00edngue em tempo real com tecnologia de IA&#8221; do StarV Air2 j\u00e1 foi usado por mais de 390.000 horas, acompanhando os usu\u00e1rios em viagens a mais de 30 pa\u00edses e regi\u00f5es. Ele facilita a comunica\u00e7\u00e3o direta em reuni\u00f5es de neg\u00f3cios e viagens.<\/p>\n<p>Al\u00e9m da tradu\u00e7\u00e3o, o StarV Air2 integra fun\u00e7\u00f5es como teleprompter, navega\u00e7\u00e3o por RA, assistente de reuni\u00e3o, m\u00fasica etc. Seu recurso de convers\u00e3o de voz em texto tamb\u00e9m preenche as lacunas de comunica\u00e7\u00e3o dos usu\u00e1rios com defici\u00eancia auditiva, convertendo a fala em texto em tempo real.<\/p>\n<p>Durante o workshop, <span class=\"xn-person\">Peng Bo<\/span>, diretor de produtos da Meizu, fez uma apresenta\u00e7\u00e3o intitulada &#8220;Potencializando os \u00f3culos inteligentes: como a tecnologia de IA promove a inova\u00e7\u00e3o e as aplica\u00e7\u00f5es pr\u00e1ticas&#8221;. <span class=\"xn-person\">Peng Bo<\/span> enfatizou que os \u00f3culos inteligentes com IA ampliam os sentidos humanos, transformando-os em terminais vers\u00e1teis integrados \u00e0 vida cotidiana, e os \u00f3culos inteligentes podem se tornar os dispositivos de computa\u00e7\u00e3o pessoal e terminais de IA da pr\u00f3xima gera\u00e7\u00e3o e abrir um enorme mercado de centenas de bilh\u00f5es de yuans. No futuro, a Meizu continuar\u00e1 inovando os \u00f3culos inteligentes de RA, aprimorando o desempenho do produto e a vida \u00fatil da bateria por meio da integra\u00e7\u00e3o com IA, trabalhando com mais parceiros para expandir os cen\u00e1rios de aplica\u00e7\u00e3o dos \u00f3culos inteligentes de RA.<\/p>\n<p>O estande da Meizu resumiu a acelera\u00e7\u00e3o de sua expans\u00e3o global. Partindo do desenvolvimento de produtos, a Meizu definiu produtos para atender \u00e0s necessidades dos usu\u00e1rios de diferentes pa\u00edses e regi\u00f5es, a fim de respaldar sua globaliza\u00e7\u00e3o. Esses produtos foram reconhecidos e bem recebidos pelos usu\u00e1rios estrangeiros. Com o aumento de sua presen\u00e7a no exterior, os produtos do ecossistema da Meizu foram vendidos em muitos pa\u00edses e regi\u00f5es, como \u00c1sia-Pac\u00edfico, Am\u00e9rica Latina, Oriente M\u00e9dio, \u00c1sia Central e Europa, e os autom\u00f3veis equipados com o Flyme Auto foram exportados para o Oriente M\u00e9dio, Europa Oriental, \u00c1sia-Pac\u00edfico e outras regi\u00f5es. Os produtos do ecossistema de IA da Meizu no exterior que integram &#8220;pessoas, carros e resid\u00eancias&#8221; tomaram forma.<\/p>\n<p>A Meizu \u00e9 a marca de smartphones do DreamSmart Group, que oferece produtos ecossustent\u00e1veis com IA em tr\u00eas \u00e1reas principais: smartphones, XR (realidade estendida) e carros inteligentes. Com um profundo conhecimento tecnol\u00f3gico em v\u00e1rios setores, a DreamSmart \u00e9 reconhecida como l\u00edder em ecossistemas inteligentes.<\/p>\n<p>Em 2025, a estrat\u00e9gia de globaliza\u00e7\u00e3o da Meizu est\u00e1 avan\u00e7ando, atrav\u00e9s de uma parceria com a Geely, para realizar o lan\u00e7amento de novos produtos e eventos de intera\u00e7\u00e3o na Indon\u00e9sia, <span class=\"xn-location\">Sri Lanka<\/span>, Filipinas, Vietn\u00e3, Austr\u00e1lia, Emirados \u00c1rabes Unidos e outros pa\u00edses. No futuro, a Meizu realizar\u00e1 mais de 10 eventos relacionados a produtos no exterior no intuito de lan\u00e7ar mais produtos novos no mercado internacional e construir lojas de experi\u00eancia ecologicamente corretas, apresentando smartphones, carros e \u00f3culos no exterior. A Meizu tamb\u00e9m trabalhar\u00e1 com a Geely para criar uma marca de ecossistema de tecnologia premium para exportar produtos, tecnologias e ecossistemas, demonstrando o apelo do ecossistema de IA integrado para mais usu\u00e1rios estrangeiros.<\/p>\n<p>Foto &#8211;\u00a0<a href=\"https:\/\/mma.prnewswire.com\/media\/2673865\/image_5031974_36374888.jpg\" target=\"_blank\" rel=\"nofollow\">https:\/\/mma.prnewswire.com\/media\/2673865\/image_5031974_36374888.jpg<\/a><\/p>\n<p>\u00a0<\/p>\n<p id=\"PURL\"><img loading=\"lazy\" decoding=\"async\" title=\"Cision\" width=\"12\" height=\"12\" alt=\"Cision\" src=\"https:\/\/c212.net\/c\/img\/favicon.png?sn=PT73682&amp;sd=2025-04-28\" \/> View original content:<a id=\"PRNURL\" rel=\"nofollow\" href=\"https:\/\/www.prnewswire.com\/br\/comunicados-para-a-imprensa\/meizu-impressiona-na-geely-global-intelligent-mobility-expo-mostrando-o-apelo-de-seu-ecossistema-de-ia-integrado-no-mundo-302439803.html\" target=\"_blank\">https:\/\/www.prnewswire.com\/br\/comunicados-para-a-imprensa\/meizu-impressiona-na-geely-global-intelligent-mobility-expo-mostrando-o-apelo-de-seu-ecossistema-de-ia-integrado-no-mundo-302439803.html<\/a><\/p>\n<p>FONTE  Meizu<\/p>\n<\/div>\n<p><img decoding=\"async\" alt=\"\" src=\"https:\/\/rt.prnewswire.com\/rt.gif?NewsItemId=PT73682&amp;Transmission_Id=202504281000PR_NEWS_LATAM____PT73682&amp;DateId=20250428\" style=\"border:0px;width:1px;height:1px\" \/><\/p>\n<p><strong>T\u00f3picos Relacionados:<\/strong> Not\u00edcias de Feiras Comerciais, Transporte \/ Caminh\u00f5es \/ Ferrovias, Automotivo, Telecomunica\u00e7\u00f5es, Dispositivos M\u00f3veis\/Aplicativos, Computador\/Eletr\u00f4nica, Intelig\u00eancia Artificial<\/p>\n<p>A <b>OESP<\/b> n\u00e3o \u00e9(s\u00e3o) respons\u00e1vel(is) por erros, incorre\u00e7\u00f5es, atrasos ou quaisquer decis\u00f5es tomadas por seus clientes com base nos Conte\u00fados ora disponibilizados, bem como tais Conte\u00fados n\u00e3o representam a opini\u00e3o da <b>OESP<\/b> e s\u00e3o de inteira responsabilidade da <b>PR Newswire Ltda<\/b><\/p>\n","protected":false},"excerpt":{"rendered":"HANGZHOU, China, 28 de abril de 2025 \/PRNewswire\/ &#8212; A Meizu participou da Geely Global Intelligent Mobility Expo em 25 de abril de 2025. A Meizu montou um estande de exposi\u00e7\u00e3o no Geely","protected":false},"author":1,"featured_media":0,"comment_status":"open","ping_status":"closed","sticky":false,"template":"","format":"standard","meta":{"_acf_changed":false,"inline_featured_image":false,"_monsterinsights_skip_tracking":false,"_monsterinsights_sitenote_active":false,"_monsterinsights_sitenote_note":"","_monsterinsights_sitenote_category":0,"footnotes":""},"categories":[27],"tags":[],"class_list":["post-110672","post","type-post","status-publish","format-standard","hentry","category-prnewswire"],"acf":[],"_links":{"self":[{"href":"https:\/\/bluestudio.estadao.com.br\/agencia-de-comunicacao\/wp-json\/wp\/v2\/posts\/110672","targetHints":{"allow":["GET"]}}],"collection":[{"href":"https:\/\/bluestudio.estadao.com.br\/agencia-de-comunicacao\/wp-json\/wp\/v2\/posts"}],"about":[{"href":"https:\/\/bluestudio.estadao.com.br\/agencia-de-comunicacao\/wp-json\/wp\/v2\/types\/post"}],"author":[{"embeddable":true,"href":"https:\/\/bluestudio.estadao.com.br\/agencia-de-comunicacao\/wp-json\/wp\/v2\/users\/1"}],"replies":[{"embeddable":true,"href":"https:\/\/bluestudio.estadao.com.br\/agencia-de-comunicacao\/wp-json\/wp\/v2\/comments?post=110672"}],"version-history":[{"count":0,"href":"https:\/\/bluestudio.estadao.com.br\/agencia-de-comunicacao\/wp-json\/wp\/v2\/posts\/110672\/revisions"}],"wp:attachment":[{"href":"https:\/\/bluestudio.estadao.com.br\/agencia-de-comunicacao\/wp-json\/wp\/v2\/media?parent=110672"}],"wp:term":[{"taxonomy":"category","embeddable":true,"href":"https:\/\/bluestudio.estadao.com.br\/agencia-de-comunicacao\/wp-json\/wp\/v2\/categories?post=110672"},{"taxonomy":"post_tag","embeddable":true,"href":"https:\/\/bluestudio.estadao.com.br\/agencia-de-comunicacao\/wp-json\/wp\/v2\/tags?post=110672"}],"curies":[{"name":"wp","href":"https:\/\/api.w.org\/{rel}","templated":true}]}}