{"id":110582,"date":"2025-04-25T13:12:00","date_gmt":"2025-04-25T16:12:00","guid":{"rendered":"https:\/\/bluestudio.estadao.com.br\/agencia-de-comunicacao\/prnewswire\/leiloes-da-copart-registram-alta-de-74-nas-vendas-de-motocicletas-em-quatro-anos\/"},"modified":"2025-04-25T13:12:00","modified_gmt":"2025-04-25T16:12:00","slug":"leiloes-da-copart-registram-alta-de-74-nas-vendas-de-motocicletas-em-quatro-anos","status":"publish","type":"post","link":"https:\/\/bluestudio.estadao.com.br\/agencia-de-comunicacao\/prnewswire\/leiloes-da-copart-registram-alta-de-74-nas-vendas-de-motocicletas-em-quatro-anos\/","title":{"rendered":"Leil\u00f5es da Copart registram alta de 74% nas vendas de motocicletas em quatro anos"},"content":{"rendered":"<div class=\"xn-content\">\n<p class=\"prntac\"><i>Clientes ter\u00e3o a chance de participar de um leil\u00e3o exclusivo para ve\u00edculos de duas rodas em 26 de abril<\/i><\/p>\n<p><span class=\"legendSpanClass\">S\u00c3O PAULO<\/span>, <span class=\"legendSpanClass\">25 de abril de 2025<\/span> \/PRNewswire\/ &#8212; A comercializa\u00e7\u00e3o de motocicletas em leil\u00f5es\u00a0automotivos teve um grande salto nos \u00faltimos quatro anos no Brasil. Segundo levantamento da <b>Copart<\/b>, refer\u00eancia na organiza\u00e7\u00e3o de leil\u00f5es extrajudiciais de ve\u00edculos, as vendas de motos cresceram 74% nos certames realizados em 2024, na compara\u00e7\u00e3o com o mesmo per\u00edodo de 2021.<\/p>\n<p>Os modelos da Honda lideram a prefer\u00eancia dos compradores, respondendo por mais de 40% das motocicletas negociadas no per\u00edodo. Entre os destaques est\u00e3o a CG 160, CG 150, CG 125, Biz, PCX, NXR 160 e\u00a0Elite 125. A lista das motocicletas mais vendidas tamb\u00e9m inclui modelos da Yamaha, como Fazer, NMAX 160 e XTZ 250.<\/p>\n<p>O aumento nas vendas de motocicletas em leil\u00f5es acompanha a procura por ve\u00edculos de duas rodas no Brasil. Segundo dados Secretaria Nacional de Tr\u00e2nsito (Senatran), as motocicletas representam 28% da frota do pa\u00eds.<\/p>\n<p>Para <span class=\"xn-person\">Adiel Avelar<\/span>, presidente da Copart Brasil, o aumento nas vendas reflete mudan\u00e7as no comportamento do consumidor e no mercado de mobilidade. &#8220;A expans\u00e3o das plataformas de delivery e a busca por ve\u00edculos com menor consumo de combust\u00edvel impulsionaram a demanda por motocicletas, consolidando uma tend\u00eancia de crescimento cont\u00ednuo no setor. Outro fator importante \u00e9 a busca por mais mobilidade, especialmente em grandes centros urbanos do pa\u00eds&#8221;, afirma o executivo.<\/p>\n<p><b>Leil\u00e3o exclusivo de motocicletas <\/b><\/p>\n<p>Para atender a demanda para aquisi\u00e7\u00e3o de compra de motos, a <b>Copart <\/b>organizar\u00e1 um leil\u00e3o exclusivo para os ve\u00edculos de duas rodas. O certame voltado para os apaixonados por motocicletas acontecer\u00e1 no dia 26 de abril, \u00e0s 10h.\u00a0\u00a0<\/p>\n<p>As marcas automotivas de luxo mais consagradas, como BMW, Ducati, <span class=\"xn-person\">Royal Enfield<\/span> e Triumph, estar\u00e3o presentes nos certames. Os consumidores ainda ter\u00e3o a oportunidade de adquirir modelos mais populares, como Honda, Yamaha e <span class=\"xn-location\">Kawasaki<\/span>.<\/p>\n<p>Os consumidores ter\u00e3o a oportunidade de arrematar uma BMW F 800 2017\/2018, com tabela Fipe avaliada em 47.405,00 reais. Ainda entre os modelos dispon\u00edveis est\u00e3o uma Honda CBR 650R 2022, com tabela Fipe avaliada em 52.134,00 reais e Yamaha\u00a0 FZ25 Fazer 2023, com tabela Fipe avaliada em 22.020,00 reais.<\/p>\n<p>O certame ainda contar\u00e1 com op\u00e7\u00f5es da categoria &#8220;<span class=\"xn-person\">Venda Meu Carro<\/span>&#8221; (VMC), como \u00e9 o caso da Ducati Multistrada 2017\/2018, com tabela Fipe avaliada em 61.659,00 reais. A plataforma VMC, oferecida exclusivamente pela Copart, \u00e9 uma modalidade que permite que os donos de autom\u00f3veis disponibilizem o pr\u00f3prio autom\u00f3vel em leil\u00e3o, especialmente ? mas n\u00e3o apenas ? carros especiais, como colecion\u00e1veis, luxuosos e superesportivos.<\/p>\n<p>O primeiro leil\u00e3o exclusivo de motocicletas ser\u00e1 realizado online, permitindo que motociclistas de qualquer regi\u00e3o do pa\u00eds possam adquirir os modelos dispon\u00edveis. Os interessados podem conferir a sele\u00e7\u00e3o completa diretamente no site da Copart.\u00a0<\/p>\n<p id=\"PURL\"><img loading=\"lazy\" decoding=\"async\" title=\"Cision\" width=\"12\" height=\"12\" alt=\"Cision\" src=\"https:\/\/c212.net\/c\/img\/favicon.png?sn=PT73205&#038;sd=2025-04-25\" \/> View original content:<a id=\"PRNURL\" rel=\"nofollow\" href=\"https:\/\/www.prnewswire.com\/br\/comunicados-para-a-imprensa\/leiloes-da-copart-registram-alta-de-74-nas-vendas-de-motocicletas-em-quatro-anos-302438460.html\" target=\"_blank\">https:\/\/www.prnewswire.com\/br\/comunicados-para-a-imprensa\/leiloes-da-copart-registram-alta-de-74-nas-vendas-de-motocicletas-em-quatro-anos-302438460.html<\/a><\/p>\n<p>FONTE  Copart<\/p>\n<\/div>\n<p><img decoding=\"async\" alt=\"\" src=\"https:\/\/rt.prnewswire.com\/rt.gif?NewsItemId=PT73205&#038;Transmission_Id=202504251200PR_NEWS_LATAM____PT73205&#038;DateId=20250425\" style=\"border:0px; width:1px; height:1px;\"\/><\/p>\n<p><strong>T\u00f3picos Relacionados:<\/strong> Pesquisa, Enquetes e Estudos, Transporte \/ Caminh\u00f5es \/ Ferrovias, Automotivo, Eventos Futuros, Servi\u00e7os Banc\u00e1rios\/Financeiros<\/p>\n<p>A <b>OESP<\/b> n\u00e3o \u00e9(s\u00e3o) respons\u00e1vel(is) por erros, incorre\u00e7\u00f5es, atrasos ou quaisquer decis\u00f5es tomadas por seus clientes com base nos Conte\u00fados ora disponibilizados, bem como tais Conte\u00fados n\u00e3o representam a opini\u00e3o da <b>OESP<\/b> e s\u00e3o de inteira responsabilidade da <b>PR Newswire Ltda<\/b><\/p>\n","protected":false},"excerpt":{"rendered":"Clientes ter\u00e3o a chance de participar de um leil\u00e3o exclusivo para ve\u00edculos de duas rodas em 26 de abril S\u00c3O PAULO, 25 de abril de 2025 \/PRNewswire\/ &#8212; A comercializa\u00e7\u00e3o de motocicletas em","protected":false},"author":1,"featured_media":0,"comment_status":"open","ping_status":"closed","sticky":false,"template":"","format":"standard","meta":{"_acf_changed":false,"inline_featured_image":false,"_monsterinsights_skip_tracking":false,"_monsterinsights_sitenote_active":false,"_monsterinsights_sitenote_note":"","_monsterinsights_sitenote_category":0,"footnotes":""},"categories":[27],"tags":[],"class_list":["post-110582","post","type-post","status-publish","format-standard","hentry","category-prnewswire"],"acf":[],"_links":{"self":[{"href":"https:\/\/bluestudio.estadao.com.br\/agencia-de-comunicacao\/wp-json\/wp\/v2\/posts\/110582","targetHints":{"allow":["GET"]}}],"collection":[{"href":"https:\/\/bluestudio.estadao.com.br\/agencia-de-comunicacao\/wp-json\/wp\/v2\/posts"}],"about":[{"href":"https:\/\/bluestudio.estadao.com.br\/agencia-de-comunicacao\/wp-json\/wp\/v2\/types\/post"}],"author":[{"embeddable":true,"href":"https:\/\/bluestudio.estadao.com.br\/agencia-de-comunicacao\/wp-json\/wp\/v2\/users\/1"}],"replies":[{"embeddable":true,"href":"https:\/\/bluestudio.estadao.com.br\/agencia-de-comunicacao\/wp-json\/wp\/v2\/comments?post=110582"}],"version-history":[{"count":0,"href":"https:\/\/bluestudio.estadao.com.br\/agencia-de-comunicacao\/wp-json\/wp\/v2\/posts\/110582\/revisions"}],"wp:attachment":[{"href":"https:\/\/bluestudio.estadao.com.br\/agencia-de-comunicacao\/wp-json\/wp\/v2\/media?parent=110582"}],"wp:term":[{"taxonomy":"category","embeddable":true,"href":"https:\/\/bluestudio.estadao.com.br\/agencia-de-comunicacao\/wp-json\/wp\/v2\/categories?post=110582"},{"taxonomy":"post_tag","embeddable":true,"href":"https:\/\/bluestudio.estadao.com.br\/agencia-de-comunicacao\/wp-json\/wp\/v2\/tags?post=110582"}],"curies":[{"name":"wp","href":"https:\/\/api.w.org\/{rel}","templated":true}]}}