{"id":110519,"date":"2025-04-24T17:43:00","date_gmt":"2025-04-24T20:43:00","guid":{"rendered":"https:\/\/bluestudio.estadao.com.br\/agencia-de-comunicacao\/prnewswire\/ultimo-dia-ensino-gratuito-estrutura-de-excelencia-e-alta-empregabilidade-faculdade-engenheiro-salvador-arena-abre-as-portas-para-mostrar-como-funciona-na-pratica\/"},"modified":"2025-04-24T17:43:00","modified_gmt":"2025-04-24T20:43:00","slug":"ultimo-dia-ensino-gratuito-estrutura-de-excelencia-e-alta-empregabilidade-faculdade-engenheiro-salvador-arena-abre-as-portas-para-mostrar-como-funciona-na-pratica","status":"publish","type":"post","link":"https:\/\/bluestudio.estadao.com.br\/agencia-de-comunicacao\/prnewswire\/ultimo-dia-ensino-gratuito-estrutura-de-excelencia-e-alta-empregabilidade-faculdade-engenheiro-salvador-arena-abre-as-portas-para-mostrar-como-funciona-na-pratica\/","title":{"rendered":"\u00daltimo dia | Ensino gratuito, estrutura de excel\u00eancia e alta empregabilidade: Faculdade Engenheiro Salvador Arena abre as portas para mostrar como funciona na pr\u00e1tica"},"content":{"rendered":"<div class=\"xn-content\">\n<p class=\"prntac\"><i>Evento Portas Abertas acontece no dia 26 de abril e mant\u00e9m inscri\u00e7\u00f5es abertas do processo seletivo para os cursos superiores gratuitos da institui\u00e7\u00e3o<\/i><\/p>\n<p><span class=\"legendSpanClass\">S\u00c3O BERNARDO DO CAMPO, Brasil<\/span>, <span class=\"legendSpanClass\">24 de abril de 2025<\/span> \/PRNewswire\/ &#8212; Todo mundo j\u00e1 viu o nome: em uma placa no ABC Paulista, em um ranking de cursos bem avaliados ou citado em alguma conversa sobre boas faculdades. Mas somente alguns grupos de pessoas conhecem, de fato, como funciona e o trabalho realizado pela <b>Faculdade Engenheiro Salvador Arena<\/b> ? uma institui\u00e7\u00e3o mantida por uma funda\u00e7\u00e3o privada e sem fins lucrativos que oferece ensino superior gratuito, com material did\u00e1tico incluso, alimenta\u00e7\u00e3o no campus, estrutura de ponta e apoio completo \u00e0 carreira.<\/p>\n<div class=\"PRN_ImbeddedAssetReference\" id=\"DivAssetPlaceHolder3281\">\n<a href=\"https:\/\/mma.prnewswire.com\/media\/2672901\/Centro_Educacional_da_Funda__o_Salvador_Arena.html\" target=\"_blank\" rel=\"nofollow\"><img decoding=\"async\" src=\"https:\/\/mma.prnewswire.com\/media\/2672901\/Centro_Educacional_da_Funda__o_Salvador_Arena.jpg\" title=\"Cr\u00e9ditos: Acervo Institucional. Fachada do Centro Educacional da Funda\u00e7\u00e3o Salvador Arena.\" alt=\"Cr\u00e9ditos: Acervo Institucional. Fachada do Centro Educacional da Funda\u00e7\u00e3o Salvador Arena.\" \/><\/a><\/p>\n<\/div>\n<p>No pr\u00f3ximo dia <b>26 de abril<\/b> (s\u00e1bado), das 08h30 \u00e0s 10h30, a faculdade realiza o evento <b>Portas Abertas<\/b>, voltado para quem quer conhecer de perto a proposta acad\u00eamica, os cursos, os laborat\u00f3rios, o dia a dia acad\u00eamico e todos os diferenciais de uma das institui\u00e7\u00f5es mais bem avaliadas do pa\u00eds. A participa\u00e7\u00e3o \u00e9 gratuita, mediante inscri\u00e7\u00e3o pr\u00e9via.<\/p>\n<p>Durante a visita, os participantes poder\u00e3o tirar d\u00favidas com coordenadores, \u00a0professores e alunos veteranos, visitar espa\u00e7os como teatro, bibliotecas, salas de aula, restaurante universit\u00e1rio e laborat\u00f3rios especializados ? com destaque para as \u00e1reas de alimentos, automa\u00e7\u00e3o, computa\u00e7\u00e3o e neg\u00f3cios. Os visitantes tamb\u00e9m ser\u00e3o recepcionados com um lanche, em uma manh\u00e3 que busca tornar a experi\u00eancia mais acolhedora e informativa.<\/p>\n<p><b>Processo Seletivo 2025\/2: 180 vagas gratuitas<\/b><\/p>\n<p>Al\u00e9m disso, as inscri\u00e7\u00f5es do processo seletivo para os cursos de Administra\u00e7\u00e3o, Engenharia de Alimentos, Engenharia de Computa\u00e7\u00e3o e Engenharia de Controle e Automa\u00e7\u00e3o tamb\u00e9m continuam neste per\u00edodo. S\u00e3o 180 vagas no total, todas com ensino gratuito. As inscri\u00e7\u00f5es v\u00e3o de <b>26 de mar\u00e7o, \u00e0s 10h, at\u00e9 5 de maio, \u00e0s 23h59<\/b>, pelo site da VUNESP, que organiza o vestibular.<\/p>\n<p>A taxa de inscri\u00e7\u00e3o \u00e9 de <span class=\"xn-money\">R$ 40,00<\/span>. A prova ser\u00e1 realizada em fase \u00fanica, de forma presencial, e o edital completo est\u00e1 dispon\u00edvel nos canais oficiais da faculdade e da banca organizadora.<\/p>\n<p><b>Diferenciais que v\u00e3o al\u00e9m da sala de aula<\/b><\/p>\n<p>Fazendo parte do grupo de excel\u00eancia do MEC, a <b>Faculdade Engenheiro Salvador Arena<\/b> se destaca pela infraestrutura moderna, corpo docente altamente qualificado e pelo compromisso com a forma\u00e7\u00e3o integral do aluno. O projeto pedag\u00f3gico inclui disciplinas eletivas como Libras, Business Intelligence, Desenvolvimento de Startups, al\u00e9m de cursos de extens\u00e3o e inicia\u00e7\u00e3o cient\u00edfica com bolsa.<\/p>\n<p>Outro destaque \u00e9 o <b>N\u00facleo de Apoio \u00e0 Carreira (NAC)<\/b>, que oferece workshops de prepara\u00e7\u00e3o para o mercado, apoio a est\u00e1gios e orienta\u00e7\u00e3o profissional. De acordo com dados do NAC de 2023, a empregabilidade m\u00e9dia entre os alunos j\u00e1 inseridos no mercado \u00e9 de 85%, chegando a 95% no curso de Administra\u00e7\u00e3o.<\/p>\n<p>Os estudantes ainda t\u00eam acesso gratuito a uma plataforma de ensino de 25 idiomas, al\u00e9m de outra com mais de 3.000 cursos de curta dura\u00e7\u00e3o, e contam com alimenta\u00e7\u00e3o preparada na pr\u00f3pria institui\u00e7\u00e3o durante o hor\u00e1rio de aulas, al\u00e9m de<\/p>\n<p>receberem gratuitamente os materiais did\u00e1ticos e o uniforme inicial.<\/p>\n<p><b>Sobre os cursos oferecidos<\/b><\/p>\n<ul type=\"disc\">\n<li><b>Administra\u00e7\u00e3o<\/b> (8 semestres, noturno): Gest\u00e3o de pessoas, processos e finan\u00e7as com foco em inova\u00e7\u00e3o e \u00e9tica profissional.<\/li>\n<li><b>Engenharia de Alimentos<\/b> (10 semestres, matutino): Atua\u00e7\u00e3o em toda a cadeia produtiva de alimentos, com foco em qualidade, inova\u00e7\u00e3o e sustentabilidade.<\/li>\n<li><b>Engenharia de Computa\u00e7\u00e3o<\/b> (10 semestres, noturno): Desenvolvimento de software, automa\u00e7\u00e3o, intelig\u00eancia computacional e seguran\u00e7a da informa\u00e7\u00e3o.<\/li>\n<li><b>Engenharia de Controle e Automa\u00e7\u00e3o<\/b> (10 semestres, matutino): Integra\u00e7\u00e3o entre el\u00e9trica, eletr\u00f4nica, mec\u00e2nica e computa\u00e7\u00e3o aplicada \u00e0 automa\u00e7\u00e3o industrial.<\/li>\n<\/ul>\n<p><b>Servi\u00e7o ? Evento Portas Abertas<\/b><br \/>Data de inscri\u00e7\u00e3o: at\u00e9 o dia 25 de abril de 2025, at\u00e9 as 14h. <br \/>Data do evento: 26 de abril de 2025 (s\u00e1bado)<\/p>\n<p>Hor\u00e1rio: das 08h30 \u00e0s 10h30<br \/>Local: Faculdade Engenheiro Salvador Arena ? S\u00e3o Bernardo do Campo (SP)<br \/>Inscri\u00e7\u00f5es: <a href=\"https:\/\/forms.office.com\/r\/VyAhbxvakG\" target=\"_blank\" rel=\"nofollow\">https:\/\/forms.office.com\/r\/VyAhbxvakG<\/a><br \/>D\u00favidas: <a href=\"mailto:fsilva@cefsa.edu.br\" target=\"_blank\" rel=\"nofollow\">fsilva@cefsa.edu.br<\/a><\/p>\n<p><b>Processo Seletivo ? Cursos Superiores Gratuitos<\/b><br \/>Inscri\u00e7\u00f5es: de <span class=\"xn-chron\">26\/03\/2025<\/span> (10h) a <span class=\"xn-chron\">05\/05\/2025<\/span> (23h59)<br \/>Site: <a href=\"http:\/\/www.vunesp.com.br\/\" target=\"_blank\" rel=\"nofollow\">www.vunesp.com.br<\/a><br \/>Taxa: <span class=\"xn-money\">R$ 40,00<\/span> <br \/>Prova: Fase \u00fanica, presencial.<\/p>\n<p><b>Sobre a Faculdade Engenheiro Salvador Arena <br \/><\/b>A Faculdade Engenheiro Salvador Arena ? \u00e9 uma institui\u00e7\u00e3o de ensino superior privada totalmente gratuita, comprometida com a transforma\u00e7\u00e3o social atrav\u00e9s da educa\u00e7\u00e3o. Sempre atenta a inova\u00e7\u00f5es, atualiza constantemente seus cursos para que estejam sempre alinhados \u00e0s demandas do mercado. Mais que a forma\u00e7\u00e3o acad\u00eamica, a Faculdade Engenheiro Salvador Arena se preocupa com o desenvolvimento integral do aluno. Por isso, trabalha com projetos filantr\u00f3picos, programas de extens\u00e3o universit\u00e1ria, desafios empresariais, entre outros.\u00a0<\/p>\n<p>Atualmente a Faculdade Engenheiro Salvador Arena oferece cursos superiores bachar\u00e9is em Administra\u00e7\u00e3o, Engenharia de Alimentos, Engenharia de Computa\u00e7\u00e3o e Engenharia de Controle e Automa\u00e7\u00e3o, todos com conceito m\u00e1ximo na avalia\u00e7\u00e3o do MEC, al\u00e9m de cursos de p\u00f3s-gradua\u00e7\u00e3o em Gest\u00e3o Educacional e Gest\u00e3o de Projetos em Inova\u00e7\u00e3o e Sustentabilidade. O processo seletivo para os cursos de gradua\u00e7\u00e3o ocorre duas vezes ao ano e para a p\u00f3s-gradua\u00e7\u00e3o anualmente. Mais informa\u00e7\u00f5es em <a href=\"https:\/\/faculdadesalvadorarena.org.br\/\" target=\"_blank\" rel=\"nofollow\">https:\/\/faculdadesalvadorarena.org.br\/<\/a>.\u00a0<\/p>\n<p><b>Sobre a Funda\u00e7\u00e3o <span class=\"xn-person\">Salvador Arena<\/span> <br \/><\/b>A Funda\u00e7\u00e3o <span class=\"xn-person\">Salvador Arena<\/span> (Funda\u00e7\u00e3o) \u00e9 uma institui\u00e7\u00e3o civil de finalidade beneficente, de direito privado e sem fins lucrativos, criada em 1964 pelo engenheiro <span class=\"xn-person\">Salvador Arena<\/span> (1915-1998) para manter atividades voltadas \u00e0 transforma\u00e7\u00e3o social, atuando nas \u00e1reas de educa\u00e7\u00e3o e assist\u00eancia social, e apoio nas \u00e1reas de sa\u00fade e habita\u00e7\u00e3o. Tema priorit\u00e1rio na \u00e1rea de educa\u00e7\u00e3o, os programas pr\u00f3prios oferecidos no Centro Educacional da Funda\u00e7\u00e3o <span class=\"xn-person\">Salvador Arena<\/span> e na Escola T\u00e9cnica Agropecu\u00e1ria Engenheiro Salvador Arena, receberam aporte de <span class=\"xn-money\">R$ 67,1<\/span> milh\u00f5es em 2023, custeando todas as atividades e os servi\u00e7os oferecidos gratuitamente, com 100% de recursos pr\u00f3prios. Apoia projetos sociais de OSCs em todo o Brasil por meio de recursos financeiros e assessoria t\u00e9cnica e disponibiliza ciclos de forma\u00e7\u00e3o em Gest\u00e3o Profissional e em Sustentabilidade Financeira, com cerca de 100 horas cada, que consistem em capacitar e qualificar as OSCs brasileiras para alcan\u00e7ar a condi\u00e7\u00e3o de Excel\u00eancia no Bem, de forma profissional, aut\u00f4noma e eficaz. Em 2023 foram aplicados <span class=\"xn-money\">R$ 17,7<\/span> milh\u00f5es em 128 programas socioassistenciais, que contemplaram projetos sociais e capacita\u00e7\u00e3o de organiza\u00e7\u00f5es do terceiro setor, beneficiando diretamente 58.711 pessoas e indiretamente, 95.860 pessoas. Saiba mais: <a href=\"http:\/\/www.fundacaosalvadorarena.org.br\/\" target=\"_blank\" rel=\"nofollow\">http:\/\/www.fundacaosalvadorarena.org.br\/<\/a>\u00a0<\/p>\n<p>Foto &#8211; <a href=\"https:\/\/mma.prnewswire.com\/media\/2672901\/Centro_Educacional_da_Funda__o_Salvador_Arena.jpg\" target=\"_blank\" rel=\"nofollow\">https:\/\/mma.prnewswire.com\/media\/2672901\/Centro_Educacional_da_Funda__o_Salvador_Arena.jpg<\/a><\/p>\n<div class=\"PRN_ImbeddedAssetReference\" id=\"DivAssetPlaceHolder0\"><\/div>\n<p id=\"PURL\"><img loading=\"lazy\" decoding=\"async\" title=\"Cision\" width=\"12\" height=\"12\" alt=\"Cision\" src=\"https:\/\/c212.net\/c\/img\/favicon.png?sn=PT72707&amp;sd=2025-04-24\" \/> View original content to download multimedia:<a id=\"PRNURL\" rel=\"nofollow\" href=\"https:\/\/www.prnewswire.com\/br\/comunicados-para-a-imprensa\/ultimo-dia--ensino-gratuito-estrutura-de-excelencia-e-alta-empregabilidade-faculdade-engenheiro-salvador-arena-abre-as-portas-para-mostrar-como-funciona-na-pratica-302437820.html\" target=\"_blank\">https:\/\/www.prnewswire.com\/br\/comunicados-para-a-imprensa\/ultimo-dia&#8211;ensino-gratuito-estrutura-de-excelencia-e-alta-empregabilidade-faculdade-engenheiro-salvador-arena-abre-as-portas-para-mostrar-como-funciona-na-pratica-302437820.html<\/a><\/p>\n<p>FONTE  Funda\u00e7\u00e3o <span class=\"xn-person\">Salvador Arena<\/span><\/p>\n<\/div>\n<p><img decoding=\"async\" alt=\"\" src=\"https:\/\/rt.prnewswire.com\/rt.gif?NewsItemId=PT72707&amp;Transmission_Id=202504241600PR_NEWS_LATAM____PT72707&amp;DateId=20250424\" style=\"border:0px;width:1px;height:1px\" \/><\/p>\n<p><strong>T\u00f3picos Relacionados:<\/strong> Novos Produtos\/Servi\u00e7os, Educa\u00e7\u00e3o, Ensino Superior<\/p>\n<p>A <b>OESP<\/b> n\u00e3o \u00e9(s\u00e3o) respons\u00e1vel(is) por erros, incorre\u00e7\u00f5es, atrasos ou quaisquer decis\u00f5es tomadas por seus clientes com base nos Conte\u00fados ora disponibilizados, bem como tais Conte\u00fados n\u00e3o representam a opini\u00e3o da <b>OESP<\/b> e s\u00e3o de inteira responsabilidade da <b>PR Newswire Ltda<\/b><\/p>\n","protected":false},"excerpt":{"rendered":"Evento Portas Abertas acontece no dia 26 de abril e mant\u00e9m inscri\u00e7\u00f5es abertas do processo seletivo para os cursos superiores gratuitos da institui\u00e7\u00e3o S\u00c3O BERNARDO DO CAMPO, Brasil, 24 de abril","protected":false},"author":1,"featured_media":0,"comment_status":"open","ping_status":"closed","sticky":false,"template":"","format":"standard","meta":{"_acf_changed":false,"inline_featured_image":false,"_monsterinsights_skip_tracking":false,"_monsterinsights_sitenote_active":false,"_monsterinsights_sitenote_note":"","_monsterinsights_sitenote_category":0,"footnotes":""},"categories":[27],"tags":[],"class_list":["post-110519","post","type-post","status-publish","format-standard","hentry","category-prnewswire"],"acf":[],"_links":{"self":[{"href":"https:\/\/bluestudio.estadao.com.br\/agencia-de-comunicacao\/wp-json\/wp\/v2\/posts\/110519","targetHints":{"allow":["GET"]}}],"collection":[{"href":"https:\/\/bluestudio.estadao.com.br\/agencia-de-comunicacao\/wp-json\/wp\/v2\/posts"}],"about":[{"href":"https:\/\/bluestudio.estadao.com.br\/agencia-de-comunicacao\/wp-json\/wp\/v2\/types\/post"}],"author":[{"embeddable":true,"href":"https:\/\/bluestudio.estadao.com.br\/agencia-de-comunicacao\/wp-json\/wp\/v2\/users\/1"}],"replies":[{"embeddable":true,"href":"https:\/\/bluestudio.estadao.com.br\/agencia-de-comunicacao\/wp-json\/wp\/v2\/comments?post=110519"}],"version-history":[{"count":0,"href":"https:\/\/bluestudio.estadao.com.br\/agencia-de-comunicacao\/wp-json\/wp\/v2\/posts\/110519\/revisions"}],"wp:attachment":[{"href":"https:\/\/bluestudio.estadao.com.br\/agencia-de-comunicacao\/wp-json\/wp\/v2\/media?parent=110519"}],"wp:term":[{"taxonomy":"category","embeddable":true,"href":"https:\/\/bluestudio.estadao.com.br\/agencia-de-comunicacao\/wp-json\/wp\/v2\/categories?post=110519"},{"taxonomy":"post_tag","embeddable":true,"href":"https:\/\/bluestudio.estadao.com.br\/agencia-de-comunicacao\/wp-json\/wp\/v2\/tags?post=110519"}],"curies":[{"name":"wp","href":"https:\/\/api.w.org\/{rel}","templated":true}]}}