{"id":110518,"date":"2025-04-24T15:12:00","date_gmt":"2025-04-24T18:12:00","guid":{"rendered":"https:\/\/bluestudio.estadao.com.br\/agencia-de-comunicacao\/prnewswire\/gigantes-no-agro-extrapesados-lideram-estrategia-da-vwco-para-o-setor\/"},"modified":"2025-04-24T15:12:00","modified_gmt":"2025-04-24T18:12:00","slug":"gigantes-no-agro-extrapesados-lideram-estrategia-da-vwco-para-o-setor","status":"publish","type":"post","link":"https:\/\/bluestudio.estadao.com.br\/agencia-de-comunicacao\/prnewswire\/gigantes-no-agro-extrapesados-lideram-estrategia-da-vwco-para-o-setor\/","title":{"rendered":"Gigantes no Agro: extrapesados lideram estrat\u00e9gia da VWCO para o setor"},"content":{"rendered":"<div class=\"xn-content\">\n<span class=\"legendSpanClass\">S\u00c3O PAULO<\/span>, <span class=\"legendSpanClass\">24 de abril de 2025<\/span> \/PRNewswire\/ &#8212; L\u00edder no mercado brasileiro, a Volkswagen Caminh\u00f5es e \u00d4nibus estar\u00e1 presente em diferentes exposi\u00e7\u00f5es voltadas para o agroneg\u00f3cio ao longo do ano. O pr\u00f3ximo encontro da marca com os clientes do Agro ser\u00e1 na Agrishow, em Ribeir\u00e3o Preto ? SP, entre os dias 28 de abril e 2 de maio. A montadora apresentar\u00e1 seu portf\u00f3lio de solu\u00e7\u00f5es de transporte para o setor, com uma gama de op\u00e7\u00f5es que vai desde a linha de ve\u00edculos leves at\u00e9 os extrapesados.<\/p>\n<div class=\"PRN_ImbeddedAssetReference\" id=\"DivAssetPlaceHolder1\">\n<a href=\"https:\/\/mma.prnewswire.com\/media\/2672745\/Volkswagen.html\" target=\"_blank\" rel=\"nofollow\">  <img decoding=\"async\" src=\"https:\/\/mma.prnewswire.com\/media\/2672745\/Volkswagen.jpg\" title=\"\" alt=\"\" \/><\/a>\n <\/p>\n<\/p><\/div>\n<p>&#8220;Por mais um ano, embarcamos em um circuito de feiras destinadas ao agroneg\u00f3cio, um dos principais nichos atendidos pela VWCO. Nossa expertise na produ\u00e7\u00e3o de ve\u00edculos sob medida para diversos ramos industriais se estende naturalmente ao setor agr\u00edcola. Afinal, conhecemos a fundo as especificidades deste mercado e suas demandas. Nosso portf\u00f3lio abrangente, aliado \u00e0 robustez de nossos chassis, garante configura\u00e7\u00f5es ideais para as opera\u00e7\u00f5es do campo, oferecendo alto desempenho e atendendo integralmente a todas as exig\u00eancias&#8221;, destaca <span class=\"xn-person\">Ricardo Alouche<\/span>, vice-presidente de Vendas, Marketing e P\u00f3s-Vendas.<\/p>\n<p>O destaque do portif\u00f3lio s\u00e3o os cavalos mec\u00e2nicos Meteor 29.530 6&#215;4, os maiores Volkswagen do mundo. Os representantes da fam\u00edlia de gigantes v\u00e3o \u00e0s feiras para demonstrar toda sua for\u00e7a e potencial para atender ao escoamento rodovi\u00e1rio da produ\u00e7\u00e3o no campo. Al\u00e9m da robustez, os ve\u00edculos entregam conforto, seguran\u00e7a e muita tecnologia ao motorista.<\/p>\n<p>Entre as demais op\u00e7\u00f5es direcionadas ao setor, est\u00e3o os tamb\u00e9m extrapesados Constellation 33.480 6&#215;4, 31.320 6&#215;4 e o 20.480 4&#215;2 &#8211; lan\u00e7amento mais recente da VW Caminh\u00f5es e \u00d4nibus. Representando o caminh\u00e3o m\u00e9dio mais vendido no mercado brasileiro, VW Delivery 11.180 \u00e9 exibido em sua vers\u00e3o 4&#215;4, uma exclusividade da VW no mercado brasileiro. Com investimento de mais de <span class=\"xn-money\">R$ 1<\/span> bilh\u00e3o voltado ao agroneg\u00f3cio nos \u00faltimos anos,\u00a0a montadora apresenta ainda seu supercaminh\u00e3o canavieiro para potencializar produtividade no campo: o Agronomous VW Constellation 31.280 8&#215;4.<\/p>\n<p>Com os eventos em vista, o time de vendas nacionais VWCO aquece os motores e se prepara para a maratona que movimentar\u00e1 o calend\u00e1rio. A marca reuniu sua equipe comercial para um encontro focado em seu crescimento no segmento de ve\u00edculos extrapesados e novos planos de neg\u00f3cios, fortalecendo ainda mais sua estrat\u00e9gia de atendimento ao agroneg\u00f3cio.<\/p>\n<p><b>Sobre a Volkswagen Caminh\u00f5es e \u00d4nibus<\/b><\/p>\n<p>Membro do Grupo TRATON, a VW Caminh\u00f5es e \u00d4nibus \u00e9 a fabricante dos ve\u00edculos comerciais Volkswagen, uma das maiores montadoras de caminh\u00f5es e \u00f4nibus da Am\u00e9rica Latina. Desde 1981, quando iniciou suas opera\u00e7\u00f5es, chegar ao topo do mercado, respeitando e satisfazendo as necessidades dos clientes, sempre foi o foco da montadora. E \u00e9 exatamente isso que oferece a seus clientes: produtos sob medida e um excelente servi\u00e7o de p\u00f3s-vendas.<\/p>\n<p>A empresa tamb\u00e9m \u00e9 refer\u00eancia em inova\u00e7\u00f5es tecnol\u00f3gicas, sendo pioneira no desenvolvimento e produ\u00e7\u00e3o de um caminh\u00e3o 100% el\u00e9trico na Am\u00e9rica Latina. A empresa busca sempre solu\u00e7\u00f5es que reduzam o impacto ambiental e ajudem a preservar o meio ambiente. H\u00e1 40 anos, a fabricante mant\u00e9m seu compromisso de desenvolver ve\u00edculos que superem as exig\u00eancias dos clientes ? onde quer que eles rodem, seja pelas estradas brasileiras, latino-americanas, africanas ou asi\u00e1ticas.<\/p>\n<p>CONTATO: <b>Comunica\u00e7\u00e3o VW Caminh\u00f5es e \u00d4nibus\u00a0|\u00a0<a href=\"mailto:comunicacao@volkswagen.com.br\" target=\"_blank\" rel=\"nofollow\">comunicacao@volkswagen.com.br<\/a><\/b>\u00a0<\/p>\n<p>Foto &#8211; <a href=\"https:\/\/mma.prnewswire.com\/media\/2672745\/Volkswagen.jpg\" target=\"_blank\" rel=\"nofollow\">https:\/\/mma.prnewswire.com\/media\/2672745\/Volkswagen.jpg<\/a><\/p>\n<p id=\"PURL\"><img loading=\"lazy\" decoding=\"async\" title=\"Cision\" width=\"12\" height=\"12\" alt=\"Cision\" src=\"https:\/\/c212.net\/c\/img\/favicon.png?sn=PT72546&amp;sd=2025-04-24\" \/> View original content to download multimedia:<a id=\"PRNURL\" rel=\"nofollow\" href=\"https:\/\/www.prnewswire.com\/br\/comunicados-para-a-imprensa\/gigantes-no-agro-extrapesados-lideram-estrategia-da-vwco-para-o-setor-302437675.html\" target=\"_blank\">https:\/\/www.prnewswire.com\/br\/comunicados-para-a-imprensa\/gigantes-no-agro-extrapesados-lideram-estrategia-da-vwco-para-o-setor-302437675.html<\/a><\/p>\n<p>FONTE  Volkswagen Caminh\u00f5es e \u00d4nibus<\/p>\n<\/div>\n<p><img decoding=\"async\" alt=\"\" src=\"https:\/\/rt.prnewswire.com\/rt.gif?NewsItemId=PT72546&amp;Transmission_Id=202504241405PR_NEWS_LATAM____PT72546&amp;DateId=20250424\" style=\"border:0px;width:1px;height:1px\" \/><\/p>\n<p><strong>T\u00f3picos Relacionados:<\/strong> Transporte Rodovi\u00e1rio e de Caminh\u00f5es, Transporte \/ Caminh\u00f5es \/ Ferrovias, Agricultura<\/p>\n<p>A <b>OESP<\/b> n\u00e3o \u00e9(s\u00e3o) respons\u00e1vel(is) por erros, incorre\u00e7\u00f5es, atrasos ou quaisquer decis\u00f5es tomadas por seus clientes com base nos Conte\u00fados ora disponibilizados, bem como tais Conte\u00fados n\u00e3o representam a opini\u00e3o da <b>OESP<\/b> e s\u00e3o de inteira responsabilidade da <b>PR Newswire Ltda<\/b><\/p>\n","protected":false},"excerpt":{"rendered":"S\u00c3O PAULO, 24 de abril de 2025 \/PRNewswire\/ &#8212; L\u00edder no mercado brasileiro, a Volkswagen Caminh\u00f5es e \u00d4nibus estar\u00e1 presente em diferentes exposi\u00e7\u00f5es voltadas para o agroneg\u00f3cio ao longo","protected":false},"author":1,"featured_media":0,"comment_status":"open","ping_status":"closed","sticky":false,"template":"","format":"standard","meta":{"_acf_changed":false,"inline_featured_image":false,"_monsterinsights_skip_tracking":false,"_monsterinsights_sitenote_active":false,"_monsterinsights_sitenote_note":"","_monsterinsights_sitenote_category":0,"footnotes":""},"categories":[27],"tags":[],"class_list":["post-110518","post","type-post","status-publish","format-standard","hentry","category-prnewswire"],"acf":[],"_links":{"self":[{"href":"https:\/\/bluestudio.estadao.com.br\/agencia-de-comunicacao\/wp-json\/wp\/v2\/posts\/110518","targetHints":{"allow":["GET"]}}],"collection":[{"href":"https:\/\/bluestudio.estadao.com.br\/agencia-de-comunicacao\/wp-json\/wp\/v2\/posts"}],"about":[{"href":"https:\/\/bluestudio.estadao.com.br\/agencia-de-comunicacao\/wp-json\/wp\/v2\/types\/post"}],"author":[{"embeddable":true,"href":"https:\/\/bluestudio.estadao.com.br\/agencia-de-comunicacao\/wp-json\/wp\/v2\/users\/1"}],"replies":[{"embeddable":true,"href":"https:\/\/bluestudio.estadao.com.br\/agencia-de-comunicacao\/wp-json\/wp\/v2\/comments?post=110518"}],"version-history":[{"count":0,"href":"https:\/\/bluestudio.estadao.com.br\/agencia-de-comunicacao\/wp-json\/wp\/v2\/posts\/110518\/revisions"}],"wp:attachment":[{"href":"https:\/\/bluestudio.estadao.com.br\/agencia-de-comunicacao\/wp-json\/wp\/v2\/media?parent=110518"}],"wp:term":[{"taxonomy":"category","embeddable":true,"href":"https:\/\/bluestudio.estadao.com.br\/agencia-de-comunicacao\/wp-json\/wp\/v2\/categories?post=110518"},{"taxonomy":"post_tag","embeddable":true,"href":"https:\/\/bluestudio.estadao.com.br\/agencia-de-comunicacao\/wp-json\/wp\/v2\/tags?post=110518"}],"curies":[{"name":"wp","href":"https:\/\/api.w.org\/{rel}","templated":true}]}}