{"id":110437,"date":"2025-04-23T11:42:00","date_gmt":"2025-04-23T14:42:00","guid":{"rendered":"https:\/\/bluestudio.estadao.com.br\/agencia-de-comunicacao\/prnewswire\/banco-bv-participa-da-5a-edicao-do-intersolar-summit-brasil-nordeste-2\/"},"modified":"2025-04-23T11:42:00","modified_gmt":"2025-04-23T14:42:00","slug":"banco-bv-participa-da-5a-edicao-do-intersolar-summit-brasil-nordeste-2","status":"publish","type":"post","link":"https:\/\/bluestudio.estadao.com.br\/agencia-de-comunicacao\/prnewswire\/banco-bv-participa-da-5a-edicao-do-intersolar-summit-brasil-nordeste-2\/","title":{"rendered":"Banco BV participa da 5\u00aa edi\u00e7\u00e3o do Intersolar Summit Brasil Nordeste"},"content":{"rendered":"<div class=\"xn-content\">\n<p class=\"prntac\"><i>A institui\u00e7\u00e3o apresenta portf\u00f3lio completo com condi\u00e7\u00f5es flex\u00edveis para contrata\u00e7\u00e3o de linhas de cr\u00e9dito para projetos residenciais e comerciais<\/i><\/p>\n<p><span class=\"legendSpanClass\">S\u00c3O PAULO<\/span>, <span class=\"legendSpanClass\">23 de abril de 2025<\/span> \/PRNewswire\/ &#8212; O banco\u00a0BV, uma das maiores institui\u00e7\u00f5es financeiras do pa\u00eds, participa da quinta edi\u00e7\u00e3o do Intersolar Summit Brasil Nordeste, que acontece nos dias 23 e 24 de abril, em <span class=\"xn-location\">Fortaleza<\/span>, Cear\u00e1. O evento discute as tend\u00eancias e inova\u00e7\u00f5es relacionadas \u00e0 tecnologia solar e deve atrair cerca de 5 mil visitantes.<\/p>\n<p>L\u00edder no financiamento de placas solares, o BV apresenta, durante sua participa\u00e7\u00e3o na maior feira de tend\u00eancias e inova\u00e7\u00f5es do setor, uma nova linha de cr\u00e9dito que permite o financiamento de baterias, inversores e carregadores, separadamente. A solu\u00e7\u00e3o atende quem j\u00e1 possui sistemas de energia solar ? mesmo que financiados por outros bancos ? e aqueles que ainda pretendem implementar.<\/p>\n<p>Durante os dois dias de evento, o banco apresentar\u00e1 ao p\u00fablico seu portf\u00f3lio completo com todas as solu\u00e7\u00f5es de cr\u00e9dito oferecidas junto ao Meu Financiamento Solar, fintech parceira do banco, al\u00e9m de linhas de financiamento para aquisi\u00e7\u00e3o de carregadores de ve\u00edculos el\u00e9tricos para uso residencial e de estabelecimentos comerciais. Todos os produtos e servi\u00e7os ser\u00e3o ofertados com taxas mais competitivas e prazos flex\u00edveis.<\/p>\n<p>&#8220;Somos l\u00edderes no financiamento de projetos solares e um dos principais players deste setor, com atua\u00e7\u00e3o em todo o territ\u00f3rio nacional. Neste ano, desmembramos nossas linhas de financiamento para melhor atender necessidades individuais e espec\u00edficas de nossos clientes. Com essa estrat\u00e9gia, aumentamos nossa capilaridade para todos os p\u00fablicos e refor\u00e7amos nossa agenda ESG enquanto democratizamos o acesso \u00e0 gera\u00e7\u00e3o de energia limpa&#8221;, explica <span class=\"xn-person\">Flavio Suchek<\/span>, diretor executivo de Varejo no banco BV.<\/p>\n<p>O portf\u00f3lio de financiamento solar \u00e9 um dos pilares do banco BV na estrat\u00e9gia de diversifica\u00e7\u00e3o dos neg\u00f3cios. No 4\u00ba trimestre de 2024, a institui\u00e7\u00e3o registrou crescimento de 21,4% em n\u00famero de contratos. Al\u00e9m da oferta de cr\u00e9dito para a compra de pain\u00e9is, o BV conta tamb\u00e9m com diversas op\u00e7\u00f5es de seguro para garantir a durabilidade e a efici\u00eancia energ\u00e9tica das placas.<\/p>\n<p>\u00a0<\/p>\n<p id=\"PURL\"><img loading=\"lazy\" decoding=\"async\" title=\"Cision\" width=\"12\" height=\"12\" alt=\"Cision\" src=\"https:\/\/c212.net\/c\/img\/favicon.png?sn=PT71012&amp;sd=2025-04-23\" \/> View original content:<a id=\"PRNURL\" rel=\"nofollow\" href=\"https:\/\/www.prnewswire.com\/br\/comunicados-para-a-imprensa\/banco-bv-participa-da-5-edicao-do-intersolar-summit-brasil-nordeste-302436007.html\" target=\"_blank\">https:\/\/www.prnewswire.com\/br\/comunicados-para-a-imprensa\/banco-bv-participa-da-5-edicao-do-intersolar-summit-brasil-nordeste-302436007.html<\/a><\/p>\n<p>FONTE  banco BV<\/p>\n<\/div>\n<p><img decoding=\"async\" alt=\"\" src=\"https:\/\/rt.prnewswire.com\/rt.gif?NewsItemId=PT71012&amp;Transmission_Id=202504231032PR_NEWS_LATAM____PT71012&amp;DateId=20250423\" style=\"border:0px;width:1px;height:1px\" \/><\/p>\n<p><strong>T\u00f3picos Relacionados:<\/strong> Not\u00edcias de Feiras Comerciais, Servi\u00e7os P\u00fablicos, Produtos e Servi\u00e7os Ambientais, Energias Alternativas, Servi\u00e7os Banc\u00e1rios\/Financeiros<\/p>\n<p>A <b>OESP<\/b> n\u00e3o \u00e9(s\u00e3o) respons\u00e1vel(is) por erros, incorre\u00e7\u00f5es, atrasos ou quaisquer decis\u00f5es tomadas por seus clientes com base nos Conte\u00fados ora disponibilizados, bem como tais Conte\u00fados n\u00e3o representam a opini\u00e3o da <b>OESP<\/b> e s\u00e3o de inteira responsabilidade da <b>PR Newswire Ltda<\/b><\/p>\n","protected":false},"excerpt":{"rendered":"A institui\u00e7\u00e3o apresenta portf\u00f3lio completo com condi\u00e7\u00f5es flex\u00edveis para contrata\u00e7\u00e3o de linhas de cr\u00e9dito para projetos residenciais e comerciais S\u00c3O PAULO, 23 de abril de 2025 \/PRNewswire\/","protected":false},"author":1,"featured_media":0,"comment_status":"open","ping_status":"closed","sticky":false,"template":"","format":"standard","meta":{"_acf_changed":false,"inline_featured_image":false,"_monsterinsights_skip_tracking":false,"_monsterinsights_sitenote_active":false,"_monsterinsights_sitenote_note":"","_monsterinsights_sitenote_category":0,"footnotes":""},"categories":[27],"tags":[],"class_list":["post-110437","post","type-post","status-publish","format-standard","hentry","category-prnewswire"],"acf":[],"_links":{"self":[{"href":"https:\/\/bluestudio.estadao.com.br\/agencia-de-comunicacao\/wp-json\/wp\/v2\/posts\/110437","targetHints":{"allow":["GET"]}}],"collection":[{"href":"https:\/\/bluestudio.estadao.com.br\/agencia-de-comunicacao\/wp-json\/wp\/v2\/posts"}],"about":[{"href":"https:\/\/bluestudio.estadao.com.br\/agencia-de-comunicacao\/wp-json\/wp\/v2\/types\/post"}],"author":[{"embeddable":true,"href":"https:\/\/bluestudio.estadao.com.br\/agencia-de-comunicacao\/wp-json\/wp\/v2\/users\/1"}],"replies":[{"embeddable":true,"href":"https:\/\/bluestudio.estadao.com.br\/agencia-de-comunicacao\/wp-json\/wp\/v2\/comments?post=110437"}],"version-history":[{"count":0,"href":"https:\/\/bluestudio.estadao.com.br\/agencia-de-comunicacao\/wp-json\/wp\/v2\/posts\/110437\/revisions"}],"wp:attachment":[{"href":"https:\/\/bluestudio.estadao.com.br\/agencia-de-comunicacao\/wp-json\/wp\/v2\/media?parent=110437"}],"wp:term":[{"taxonomy":"category","embeddable":true,"href":"https:\/\/bluestudio.estadao.com.br\/agencia-de-comunicacao\/wp-json\/wp\/v2\/categories?post=110437"},{"taxonomy":"post_tag","embeddable":true,"href":"https:\/\/bluestudio.estadao.com.br\/agencia-de-comunicacao\/wp-json\/wp\/v2\/tags?post=110437"}],"curies":[{"name":"wp","href":"https:\/\/api.w.org\/{rel}","templated":true}]}}