{"id":109986,"date":"2025-04-18T15:12:00","date_gmt":"2025-04-18T18:12:00","guid":{"rendered":"https:\/\/bluestudio.estadao.com.br\/agencia-de-comunicacao\/prnewswire\/ncvc-geoparques-de-riade-norte-e-salma-entram-para-a-rede-global-de-geoparques-da-unesco\/"},"modified":"2025-04-18T15:12:00","modified_gmt":"2025-04-18T18:12:00","slug":"ncvc-geoparques-de-riade-norte-e-salma-entram-para-a-rede-global-de-geoparques-da-unesco","status":"publish","type":"post","link":"https:\/\/bluestudio.estadao.com.br\/agencia-de-comunicacao\/prnewswire\/ncvc-geoparques-de-riade-norte-e-salma-entram-para-a-rede-global-de-geoparques-da-unesco\/","title":{"rendered":"NCVC &#8211; Geoparques de Riade Norte e Salma entram para a Rede Global de Geoparques da UNESCO"},"content":{"rendered":"<div class=\"xn-content\">\n<span class=\"legendSpanClass\"><span class=\"xn-location\">PARIS<\/span><\/span>, <span class=\"legendSpanClass\">18 de abril de 2025<\/span> \/PRNewswire\/ &#8212;\u00a0A UNESCO designou oficialmente os Geoparques de Riade Norte e Salma como parte de sua Rede Global de Geoparques (UNESCO), representando um avan\u00e7o importante para a Ar\u00e1bia Saudita na preserva\u00e7\u00e3o do patrim\u00f4nio geol\u00f3gico e na promo\u00e7\u00e3o do desenvolvimento sustent\u00e1vel.<\/p>\n<\/p>\n<p>O reconhecimento segue os rigorosos crit\u00e9rios de sele\u00e7\u00e3o da UNESCO, que enfatizam a gest\u00e3o abrangente do geoparque. Esses crit\u00e9rios garantem um equil\u00edbrio entre conserva\u00e7\u00e3o, educa\u00e7\u00e3o e desenvolvimento sustent\u00e1vel, envolvendo ativamente as comunidades locais. O Dr. <span class=\"xn-person\">Khaled bin Abdullah Al-Abdulkader<\/span>, CEO do <a href=\"https:\/\/ncvc.gov.sa\/en\/Pages\/default.aspx\" target=\"_blank\" rel=\"nofollow\"><span class=\"xn-person\">Centro Nacional<\/span> para o Desenvolvimento da Cobertura Vegetal e Combate \u00e0 Desertifica\u00e7\u00e3o (NCVC)<\/a>, elogiou o an\u00fancio como um testemunho da dedica\u00e7\u00e3o da Ar\u00e1bia Saudita \u00e0 prote\u00e7\u00e3o de seu patrim\u00f4nio natural e hist\u00f3rico.<\/p>\n<p>Ele atribuiu a conquista ao apoio constante da lideran\u00e7a do Reino no aprimoramento de iniciativas ambientais e na promo\u00e7\u00e3o da sustentabilidade.<\/p>\n<p>Ele tamb\u00e9m enfatizou os esfor\u00e7os do NCVC para preservar as paisagens naturais \u00fanicas do pa\u00eds, especialmente seus s\u00edtios geol\u00f3gicos, em conson\u00e2ncia com os Objetivos de Desenvolvimento Sustent\u00e1vel da Vis\u00e3o 2030.<\/p>\n<p>Eng. <span class=\"xn-person\">Hussam bin Zuhair Al-Turki<\/span>, Diretor S\u00eanior da Iniciativa de Geoparques da Ar\u00e1bia Saudita, enfatizou que a inclus\u00e3o dos Geoparques de Riade Norte e Salma \u00e9 um momento de orgulho nacional. Ele enfatizou que este marco n\u00e3o apenas refor\u00e7a o compromisso da Ar\u00e1bia Saudita em preservar sua identidade cultural e natural, mas tamb\u00e9m fortalece seu papel como l\u00edder global na conserva\u00e7\u00e3o do patrim\u00f4nio geol\u00f3gico e no desenvolvimento sustent\u00e1vel.<\/p>\n<p>Com esta designa\u00e7\u00e3o, a Ar\u00e1bia Saudita reafirma seu compromisso com os esfor\u00e7os ambientais globais. Os geoparques rec\u00e9m-reconhecidos servir\u00e3o como destinos importantes para visitantes locais e internacionais, oferecendo a oportunidade de explorar as maravilhas geol\u00f3gicas do Reino, ao mesmo tempo em que promovem a conscientiza\u00e7\u00e3o cient\u00edfica e cultural sobre a conserva\u00e7\u00e3o da geodiversidade.<\/p>\n<p>Al\u00e9m do geoturismo, os geoparques desempenham um papel vital na gest\u00e3o sustent\u00e1vel dos recursos naturais, conectando o geoturismo ao desenvolvimento econ\u00f4mico local, criando empregos e promovendo a educa\u00e7\u00e3o ambiental. Esta iniciativa representa um esfor\u00e7o colaborativo entre \u00f3rg\u00e3os governamentais, o setor privado e organiza\u00e7\u00f5es sem fins lucrativos, aprimorando a contribui\u00e7\u00e3o da Ar\u00e1bia Saudita para as metas de desenvolvimento nacional e sustent\u00e1vel.<\/p>\n<p>V\u00eddeo &#8211; <a href=\"https:\/\/mma.prnewswire.com\/media\/2666614\/Saudi_Geoparks.mp4\" target=\"_blank\" rel=\"nofollow\">https:\/\/mma.prnewswire.com\/media\/2666614\/Saudi_Geoparks.mp4<\/a><br \/>Foto &#8211; <a href=\"https:\/\/mma.prnewswire.com\/media\/2667663\/Geoparks_UNESCO.jpg\" target=\"_blank\" rel=\"nofollow\">https:\/\/mma.prnewswire.com\/media\/2667663\/Geoparks_UNESCO.jpg<\/a><\/p>\n<div id=\"prni_dvprnejpg2ad5left\" dir=\"ltr\" style=\"width: 100%;text-align: left\"><img decoding=\"async\" id=\"prnejpg2ad5left\" title=\"North Riyadh Geopark and Salma Geopark Join UNESCO?s Global Geoparks Network\" src=\"https:\/\/mma.prnewswire.com\/media\/2667663\/Geoparks_UNESCO.jpg\" alt=\"North Riyadh Geopark and Salma Geopark Join UNESCO?s Global Geoparks Network\" align=\"middle\" \/><\/div>\n<p>\u00a0<\/p>\n<p>\u00a0<\/p>\n<p id=\"PURL\"><img loading=\"lazy\" decoding=\"async\" title=\"Cision\" width=\"12\" height=\"12\" alt=\"Cision\" src=\"https:\/\/c212.net\/c\/img\/favicon.png?sn=PT63832&amp;sd=2025-04-18\" \/> View original content:<a id=\"PRNURL\" rel=\"nofollow\" href=\"https:\/\/www.prnewswire.com\/br\/comunicados-para-a-imprensa\/ncvc---geoparques-de-riade-norte-e-salma-entram-para-a-rede-global-de-geoparques-da-unesco-302432626.html\" target=\"_blank\">https:\/\/www.prnewswire.com\/br\/comunicados-para-a-imprensa\/ncvc&#8212;geoparques-de-riade-norte-e-salma-entram-para-a-rede-global-de-geoparques-da-unesco-302432626.html<\/a><\/p>\n<p>FONTE  National Center for Vegetation Cover Development and Combating Desertification (NCVC)<\/p>\n<\/div>\n<p><img decoding=\"async\" alt=\"\" src=\"https:\/\/rt.prnewswire.com\/rt.gif?NewsItemId=PT63832&amp;Transmission_Id=202504181407PR_NEWS_LATAM____PT63832&amp;DateId=20250418\" style=\"border:0px;width:1px;height:1px\" \/><\/p>\n<p><strong>T\u00f3picos Relacionados:<\/strong> Sem Fins Lucrativos, Conserva\u00e7\u00e3o\/Reciclagem, Pr\u00eamios, Desastres Naturais, Produtos e Servi\u00e7os Ambientais, Computador\/Eletr\u00f4nica, Pol\u00edtica Ambiental, Arte, Cultura e Design, Publica\u00e7\u00e3o \/ Servi\u00e7os de Informa\u00e7\u00e3o, Entretenimento<\/p>\n<p>A <b>OESP<\/b> n\u00e3o \u00e9(s\u00e3o) respons\u00e1vel(is) por erros, incorre\u00e7\u00f5es, atrasos ou quaisquer decis\u00f5es tomadas por seus clientes com base nos Conte\u00fados ora disponibilizados, bem como tais Conte\u00fados n\u00e3o representam a opini\u00e3o da <b>OESP<\/b> e s\u00e3o de inteira responsabilidade da <b>PR Newswire Ltda<\/b><\/p>\n","protected":false},"excerpt":{"rendered":"PARIS, 18 de abril de 2025 \/PRNewswire\/ &#8212;\u00a0A UNESCO designou oficialmente os Geoparques de Riade Norte e Salma como parte de sua Rede Global de Geoparques (UNESCO), representando um avan\u00e7o","protected":false},"author":1,"featured_media":0,"comment_status":"open","ping_status":"closed","sticky":false,"template":"","format":"standard","meta":{"_acf_changed":false,"inline_featured_image":false,"_monsterinsights_skip_tracking":false,"_monsterinsights_sitenote_active":false,"_monsterinsights_sitenote_note":"","_monsterinsights_sitenote_category":0,"footnotes":""},"categories":[27],"tags":[],"class_list":["post-109986","post","type-post","status-publish","format-standard","hentry","category-prnewswire"],"acf":[],"_links":{"self":[{"href":"https:\/\/bluestudio.estadao.com.br\/agencia-de-comunicacao\/wp-json\/wp\/v2\/posts\/109986","targetHints":{"allow":["GET"]}}],"collection":[{"href":"https:\/\/bluestudio.estadao.com.br\/agencia-de-comunicacao\/wp-json\/wp\/v2\/posts"}],"about":[{"href":"https:\/\/bluestudio.estadao.com.br\/agencia-de-comunicacao\/wp-json\/wp\/v2\/types\/post"}],"author":[{"embeddable":true,"href":"https:\/\/bluestudio.estadao.com.br\/agencia-de-comunicacao\/wp-json\/wp\/v2\/users\/1"}],"replies":[{"embeddable":true,"href":"https:\/\/bluestudio.estadao.com.br\/agencia-de-comunicacao\/wp-json\/wp\/v2\/comments?post=109986"}],"version-history":[{"count":0,"href":"https:\/\/bluestudio.estadao.com.br\/agencia-de-comunicacao\/wp-json\/wp\/v2\/posts\/109986\/revisions"}],"wp:attachment":[{"href":"https:\/\/bluestudio.estadao.com.br\/agencia-de-comunicacao\/wp-json\/wp\/v2\/media?parent=109986"}],"wp:term":[{"taxonomy":"category","embeddable":true,"href":"https:\/\/bluestudio.estadao.com.br\/agencia-de-comunicacao\/wp-json\/wp\/v2\/categories?post=109986"},{"taxonomy":"post_tag","embeddable":true,"href":"https:\/\/bluestudio.estadao.com.br\/agencia-de-comunicacao\/wp-json\/wp\/v2\/tags?post=109986"}],"curies":[{"name":"wp","href":"https:\/\/api.w.org\/{rel}","templated":true}]}}