{"id":109892,"date":"2025-04-17T09:27:46","date_gmt":"2025-04-17T12:27:46","guid":{"rendered":"https:\/\/bluestudio.estadao.com.br\/agencia-de-comunicacao\/?p=109892"},"modified":"2025-04-17T09:29:04","modified_gmt":"2025-04-17T12:29:04","slug":"compromisso-com-a-sustentabilidade-empregos-e-transformacao-social-no-vale-do-jequitinhonha","status":"publish","type":"post","link":"https:\/\/bluestudio.estadao.com.br\/agencia-de-comunicacao\/agencia-minera-brasil\/compromisso-com-a-sustentabilidade-empregos-e-transformacao-social-no-vale-do-jequitinhonha\/","title":{"rendered":"Compromisso com a sustentabilidade, empregos e transforma\u00e7\u00e3o social no Vale do Jequitinhonha"},"content":{"rendered":"\n<p><strong>Audi\u00eancia p\u00fablica reuniu cerca de mil moradores de Itinga e Ara\u00e7ua\u00ed e marcou o an\u00fancio de programas educacionais, culturais e de inclus\u00e3o produtiva para a regi\u00e3o, refor\u00e7ando o compromisso de di\u00e1logo da empresa com as comunidades no entorno do empreendimento.<\/strong><\/p>\n\n\n\n<p>A <strong>Sigma Lithium<\/strong>, refer\u00eancia global na produ\u00e7\u00e3o de l\u00edtio verde, realizou audi\u00eancias p\u00fablicas nos dias <strong>9 e 10 de abril<\/strong>, em Itinga e Ara\u00e7ua\u00ed, para debater o <strong>licenciamento ambiental da amplia\u00e7\u00e3o do empreendimento<\/strong> no Vale do Jequitinhonha. Os encontros reuniram cerca de <strong>mil moradores<\/strong> das duas cidades e foram uma oportunidade para esclarecer d\u00favidas e apresentar <strong>programas socioambientais<\/strong> que beneficiar\u00e3o centenas de fam\u00edlias da regi\u00e3o.<\/p>\n\n\n\n<figure class=\"wp-block-image size-large\"><img loading=\"lazy\" decoding=\"async\" width=\"1024\" height=\"461\" src=\"https:\/\/bluestudio.estadao.com.br\/agencia-de-comunicacao\/wp-content\/uploads\/2025\/04\/SEGIMA-FOTO-1--1024x461.jpg\" alt=\"\" class=\"wp-image-109895\" srcset=\"https:\/\/bluestudio.estadao.com.br\/agencia-de-comunicacao\/wp-content\/uploads\/2025\/04\/SEGIMA-FOTO-1--1024x461.jpg 1024w, https:\/\/bluestudio.estadao.com.br\/agencia-de-comunicacao\/wp-content\/uploads\/2025\/04\/SEGIMA-FOTO-1--300x135.jpg 300w, https:\/\/bluestudio.estadao.com.br\/agencia-de-comunicacao\/wp-content\/uploads\/2025\/04\/SEGIMA-FOTO-1--768x346.jpg 768w, https:\/\/bluestudio.estadao.com.br\/agencia-de-comunicacao\/wp-content\/uploads\/2025\/04\/SEGIMA-FOTO-1--1536x691.jpg 1536w, https:\/\/bluestudio.estadao.com.br\/agencia-de-comunicacao\/wp-content\/uploads\/2025\/04\/SEGIMA-FOTO-1-.jpg 1600w\" sizes=\"auto, (max-width: 1024px) 100vw, 1024px\" \/><\/figure>\n\n\n\n<p>Com o avan\u00e7o da mobilidade el\u00e9trica e da energia renov\u00e1vel, o <strong>l\u00edtio tornou-se um dos minerais mais estrat\u00e9gicos do mundo<\/strong>. O Brasil, impulsionado pela atua\u00e7\u00e3o da Sigma Lithium, tem potencial para se tornar um dos principais fornecedores globais desse insumo essencial para baterias de ve\u00edculos el\u00e9tricos.<\/p>\n\n\n\n<p>Durante a audi\u00eancia, <strong>Ligia Pinto<\/strong>, vice-presidente de Rela\u00e7\u00f5es Institucionais e Comunica\u00e7\u00e3o da Sigma, explicou que a empresa adota um <strong>modelo ambientalmente respons\u00e1vel<\/strong>, que elimina o uso de barragens de rejeitos, reutiliza \u00e1gua e opera com <strong>energia 100% renov\u00e1vel<\/strong>. Al\u00e9m disso, investe em a\u00e7\u00f5es de preserva\u00e7\u00e3o da biodiversidade local e mant\u00e9m <strong>monitoramento ambiental rigoroso<\/strong>.<\/p>\n\n\n\n<p><strong>&nbsp;Impacto na economia regional<\/strong><\/p>\n\n\n\n<p>Desde o in\u00edcio de suas atividades, a Sigma tem impulsionado o desenvolvimento do Vale do Jequitinhonha, gerando empregos, promovendo capacita\u00e7\u00e3o profissional e investindo em infraestrutura local. A empresa mant\u00e9m <strong>canal de di\u00e1logo aberto com a popula\u00e7\u00e3o<\/strong>, garantindo transpar\u00eancia e participa\u00e7\u00e3o ativa das comunidades vizinhas.<\/p>\n\n\n\n<p>Ligia apresentou dados que evidenciam a import\u00e2ncia do empreendimento para a regi\u00e3o: <strong>Ara\u00e7ua\u00ed aumentou em 55 vezes sua arrecada\u00e7\u00e3o com a CFEM (royalties da minera\u00e7\u00e3o)<\/strong>, sendo <strong>82,5%<\/strong> desse total oriundo da Sigma. A arrecada\u00e7\u00e3o de impostos no munic\u00edpio cresceu <strong>73%<\/strong>, chegando a <strong>R$ 36 milh\u00f5es<\/strong> ap\u00f3s o in\u00edcio da opera\u00e7\u00e3o da empresa.<\/p>\n\n\n\n<p>\u201cO projeto da Sigma j\u00e1 transformou a economia da regi\u00e3o, gerando mais de <strong>1.500 empregos diretos<\/strong> e <strong>11mil indiretos<\/strong>. A empresa tamb\u00e9m promove <strong>programas de capacita\u00e7\u00e3o profissional<\/strong>, e hoje, 85% dos nossos colaboradores s\u00e3o da regi\u00e3o\u201d, afirmou Ligia, destacando que projetos sociais apoiados pela empresa impactam 36 mil&nbsp;pessoas.<\/p>\n\n\n\n<p>Ela tamb\u00e9m anunciou o <strong>programa \u201cJuntos pelo Emprego\u201d<\/strong>, que visa ampliar a participa\u00e7\u00e3o da m\u00e3o de obra local com a sele\u00e7\u00e3o de trabalhadores para a constru\u00e7\u00e3o da <strong>segunda planta Greentech<\/strong>, prevista para entrar em opera\u00e7\u00e3o no segundo semestre de 2025.<\/p>\n\n\n\n<p>A empreendedora <strong>Leila de F\u00e1tima<\/strong>, moradora de Itinga, relatou os impactos positivos da chegada da Sigma:<\/p>\n\n\n\n<p>\u201cItinga era considerada o Vale da Mis\u00e9ria. Hoje, somos o Vale do Ouro. Antes, os pais sa\u00edam \u00e0s 5 da manh\u00e3 para cortar cana. Agora, v\u00e3o de \u00f4nibus para trabalhar na empresa. Todas as oportunidades que tivemos vieram atrav\u00e9s da Sigma.\u201d<\/p>\n\n\n\n<figure class=\"wp-block-image size-large\"><img loading=\"lazy\" decoding=\"async\" width=\"1024\" height=\"461\" src=\"https:\/\/bluestudio.estadao.com.br\/agencia-de-comunicacao\/wp-content\/uploads\/2025\/04\/SIGMA-FOTO-2-1024x461.jpg\" alt=\"\" class=\"wp-image-109896\" srcset=\"https:\/\/bluestudio.estadao.com.br\/agencia-de-comunicacao\/wp-content\/uploads\/2025\/04\/SIGMA-FOTO-2-1024x461.jpg 1024w, https:\/\/bluestudio.estadao.com.br\/agencia-de-comunicacao\/wp-content\/uploads\/2025\/04\/SIGMA-FOTO-2-300x135.jpg 300w, https:\/\/bluestudio.estadao.com.br\/agencia-de-comunicacao\/wp-content\/uploads\/2025\/04\/SIGMA-FOTO-2-768x346.jpg 768w, https:\/\/bluestudio.estadao.com.br\/agencia-de-comunicacao\/wp-content\/uploads\/2025\/04\/SIGMA-FOTO-2-1536x691.jpg 1536w, https:\/\/bluestudio.estadao.com.br\/agencia-de-comunicacao\/wp-content\/uploads\/2025\/04\/SIGMA-FOTO-2.jpg 1600w\" sizes=\"auto, (max-width: 1024px) 100vw, 1024px\" \/><\/figure>\n\n\n\n<p><strong>Valoriza\u00e7\u00e3o da cultura local<\/strong><\/p>\n\n\n\n<p><strong>Warley Gomes<\/strong>, do coletivo <strong>Bruta Flor<\/strong>, que leva cultura e arte para mais de <strong>300 crian\u00e7as e adolescentes<\/strong> em escolas p\u00fablicas da regi\u00e3o, destacou a import\u00e2ncia do apoio da empresa:<\/p>\n\n\n\n<p>\u201cSomos ricos culturalmente, e com o apoio da Sigma, conseguimos valorizar e difundir essa cultura para as novas gera\u00e7\u00f5es.\u201d<\/p>\n\n\n\n<p><strong>Compromisso com a educa\u00e7\u00e3o<\/strong><\/p>\n\n\n\n<p>A Sigma apresentou o programa <strong>\u201cEduca\u00e7\u00e3o que Transforma\u201d<\/strong>, respons\u00e1vel pela <strong>reforma<\/strong> da <strong>Escola Municipal Jos\u00e9 Gon\u00e7alves<\/strong> (Ara\u00e7ua\u00ed), da <strong>Escola Municipal Nuno Murta<\/strong> (Po\u00e7o Dantas) e da <strong>Creche Viramundo<\/strong> (Itinga). As obras inclu\u00edram melhorias estruturais, novos espa\u00e7os, atividades extracurriculares e a implanta\u00e7\u00e3o do ensino em tempo integral.<\/p>\n\n\n\n<p>O programa tamb\u00e9m oferece <strong>atividades no contraturno escolar<\/strong>, como oficinas de dan\u00e7a, canto, capoeira, esportes e viv\u00eancias culturais, promovendo <strong>inclus\u00e3o social e forma\u00e7\u00e3o cidad\u00e3<\/strong>.<\/p>\n\n\n\n<p>A Sigma fechou parceria para disponibilizar 300 bolsas de estudos na nova unidade do <strong>SESI Ara\u00e7ua\u00ed, que com entrega prevista para 2026<\/strong> ser\u00e1 um <strong>marco na educa\u00e7\u00e3o t\u00e9cnica e profissionalizante da regi\u00e3o. Com a<\/strong> <strong>Educa\u00e7\u00e3o de Jovens e Adultos (EJA)<\/strong>, a empresa quer ampliar o acesso \u00e0 alfabetiza\u00e7\u00e3o e qualifica\u00e7\u00e3o profissional com foco em empregabilidade.<\/p>\n\n\n\n<p><strong>&nbsp;Empoderamento feminino<\/strong><\/p>\n\n\n\n<p>Durante as audi\u00eancias, dezenas de participantes do programa <strong>\u201cDonas de Mim\u201d<\/strong> manifestaram apoio \u00e0 empresa. Criado pelo Grupo Mulheres do Brasil, em parceria com Sigma, o fundo de microcr\u00e9dito, que incentiva o empreendedorismo feminino j\u00e1 beneficiou cerca de <strong>2 mil mulheres<\/strong>, estimulando a autonomia econ\u00f4mica e o empoderamento das mulheres do Vale do Jequitinhonha.<\/p>\n\n\n\n<p>A artes\u00e3 <strong>Lislene Cardoso<\/strong>, de 59 anos, emocionou o p\u00fablico ao relatar sua trajet\u00f3ria:<\/p>\n\n\n\n<p>\u201cCom o microcr\u00e9dito, comprei materiais e, hoje, meu trabalho \u00e9 reconhecido at\u00e9 fora do Brasil. Aprendi a precificar, divulgar na internet&#8230; Hoje sou dona de mim.\u201d<\/p>\n\n\n\n<p>Ligia Pinto anunciou a <strong>amplia\u00e7\u00e3o do programa<\/strong>, que dever\u00e1 atender cerca de<strong> 10 mil mulheres<\/strong> da regi\u00e3o.<\/p>\n\n\n\n<p><strong>Reconhecimento institucional<\/strong><\/p>\n\n\n\n<p>O <strong>promotor de justi\u00e7a estadual Rauali Kind<\/strong>, que acompanhou a audi\u00eancia em Itinga em Ara\u00e7ua\u00ed disse que \u00e9 ineg\u00e1vel o desenvolvimento econ\u00f4mico que a empresa trouxe para a regi\u00e3o. &nbsp;\u201cEsta audi\u00eancia p\u00fablica qualifica o di\u00e1logo entre a Sigma e a comunidade.\u201d<\/p>\n\n\n\n<p><strong>Rog\u00e9rio de Oliveira<\/strong>, do Movimento dos Atingidos por Barragens (MAB<strong>)<\/strong>, tamb\u00e9m reconheceu o papel positivo da empresa na economia local.<\/p>\n\n\n\n<p><strong>Sustentabilidade e bem-estar<\/strong><\/p>\n\n\n\n<p>Durante o evento, a Sigma apresentou o <strong>Plano de Integra\u00e7\u00e3o de Sustentabilidade, Desenvolvimento Comunit\u00e1rio e Infraestrutura<\/strong>, que contempla:<\/p>\n\n\n\n<ul class=\"wp-block-list\">\n<li><strong>Revitaliza\u00e7\u00e3o do C\u00f3rrego Piau\u00ed<\/strong><\/li>\n\n\n\n<li><strong>Plantio de \u00e1rvores nativas<\/strong><\/li>\n\n\n\n<li><strong>Prote\u00e7\u00e3o de nascentes e recupera\u00e7\u00e3o ambiental<\/strong><\/li>\n\n\n\n<li><strong>Reformas de escolas, igrejas e espa\u00e7os comunit\u00e1rios<\/strong><\/li>\n\n\n\n<li><strong>Cria\u00e7\u00e3o de \u00e1reas de lazer e bem-estar para a popula\u00e7\u00e3o<\/strong><\/li>\n<\/ul>\n\n\n\n<p><strong>Alexandre Matos<\/strong>, diretor de Meio Ambiente da Sigma, agradeceu a acolhida das comunidades de <strong>Ponte do Piau\u00ed, Po\u00e7o Dantas, Taquaral de Minas e Taquaral Seco, que participaram atividade dos debates<\/strong><\/p>\n\n\n\n<p>&nbsp;\u201cQuero agradecer especialmente a professora que esteve aqui -Ara\u00e7ua\u00ed-, e gostaria de usar uma frase que ela disse se sentir acolhida. N\u00f3s tamb\u00e9m temos sido tratados pelas comunidades com muito carinho e com respeito\u201d, contou Matos, destacando a import\u00e2ncia do dialogo transparente com a comunidade.<\/p>\n\n\n\n<p>As reuni\u00f5es promovidas pela Sigma tiveram a presen\u00e7a de representes da Funda\u00e7\u00e3o Estadual do Meio Ambiente, e da consultoria Brandt, que apresentou dados do Estudo de Impacto Ambiental para licenciamento de ajustes nas cavas Sul e Norte e amplia\u00e7\u00e3o das&nbsp;instala\u00e7\u00f5es do empreendimento.<\/p>\n\n\n\n<p>A\u00a0<strong>OESP<\/strong>\u00a0n\u00e3o \u00e9(s\u00e3o) respons\u00e1vel(is) por erros, incorre\u00e7\u00f5es, atrasos ou quaisquer decis\u00f5es tomadas por seus clientes com base nos Conte\u00fados ora disponibilizados, bem como tais Conte\u00fados n\u00e3o representam a opini\u00e3o da\u00a0<strong>OESP<\/strong>\u00a0e s\u00e3o de inteira responsabilidade da\u00a0<strong>Ag\u00eancia Minera Brasil<\/strong><\/p>\n","protected":false},"excerpt":{"rendered":"Audi\u00eancia p\u00fablica reuniu cerca de mil moradores de Itinga e Ara\u00e7ua\u00ed e marcou o an\u00fancio de programas educacionais, culturais e de inclus\u00e3o produtiva para a regi\u00e3o, refor\u00e7ando o compromisso de","protected":false},"author":12,"featured_media":109893,"comment_status":"open","ping_status":"closed","sticky":false,"template":"","format":"standard","meta":{"_acf_changed":false,"inline_featured_image":false,"_monsterinsights_skip_tracking":false,"_monsterinsights_sitenote_active":false,"_monsterinsights_sitenote_note":"","_monsterinsights_sitenote_category":0,"footnotes":""},"categories":[351],"tags":[],"class_list":["post-109892","post","type-post","status-publish","format-standard","has-post-thumbnail","hentry","category-agencia-minera-brasil"],"acf":[],"_links":{"self":[{"href":"https:\/\/bluestudio.estadao.com.br\/agencia-de-comunicacao\/wp-json\/wp\/v2\/posts\/109892","targetHints":{"allow":["GET"]}}],"collection":[{"href":"https:\/\/bluestudio.estadao.com.br\/agencia-de-comunicacao\/wp-json\/wp\/v2\/posts"}],"about":[{"href":"https:\/\/bluestudio.estadao.com.br\/agencia-de-comunicacao\/wp-json\/wp\/v2\/types\/post"}],"author":[{"embeddable":true,"href":"https:\/\/bluestudio.estadao.com.br\/agencia-de-comunicacao\/wp-json\/wp\/v2\/users\/12"}],"replies":[{"embeddable":true,"href":"https:\/\/bluestudio.estadao.com.br\/agencia-de-comunicacao\/wp-json\/wp\/v2\/comments?post=109892"}],"version-history":[{"count":4,"href":"https:\/\/bluestudio.estadao.com.br\/agencia-de-comunicacao\/wp-json\/wp\/v2\/posts\/109892\/revisions"}],"predecessor-version":[{"id":109924,"href":"https:\/\/bluestudio.estadao.com.br\/agencia-de-comunicacao\/wp-json\/wp\/v2\/posts\/109892\/revisions\/109924"}],"wp:featuredmedia":[{"embeddable":true,"href":"https:\/\/bluestudio.estadao.com.br\/agencia-de-comunicacao\/wp-json\/wp\/v2\/media\/109893"}],"wp:attachment":[{"href":"https:\/\/bluestudio.estadao.com.br\/agencia-de-comunicacao\/wp-json\/wp\/v2\/media?parent=109892"}],"wp:term":[{"taxonomy":"category","embeddable":true,"href":"https:\/\/bluestudio.estadao.com.br\/agencia-de-comunicacao\/wp-json\/wp\/v2\/categories?post=109892"},{"taxonomy":"post_tag","embeddable":true,"href":"https:\/\/bluestudio.estadao.com.br\/agencia-de-comunicacao\/wp-json\/wp\/v2\/tags?post=109892"}],"curies":[{"name":"wp","href":"https:\/\/api.w.org\/{rel}","templated":true}]}}