{"id":109820,"date":"2025-04-16T08:57:00","date_gmt":"2025-04-16T11:57:00","guid":{"rendered":"https:\/\/bluestudio.estadao.com.br\/agencia-de-comunicacao\/prnewswire\/vantage-foundation-visita-a-sos-childrens-villages-portugal-combatendo-a-negligencia-e-rompendo-o-ciclo\/"},"modified":"2025-04-16T08:57:00","modified_gmt":"2025-04-16T11:57:00","slug":"vantage-foundation-visita-a-sos-childrens-villages-portugal-combatendo-a-negligencia-e-rompendo-o-ciclo","status":"publish","type":"post","link":"https:\/\/bluestudio.estadao.com.br\/agencia-de-comunicacao\/prnewswire\/vantage-foundation-visita-a-sos-childrens-villages-portugal-combatendo-a-negligencia-e-rompendo-o-ciclo\/","title":{"rendered":"Vantage Foundation visita a SOS Children&#8217;s Villages Portugal: combatendo a neglig\u00eancia e rompendo o ciclo"},"content":{"rendered":"<div class=\"xn-content\">\n<span class=\"legendSpanClass\"><span class=\"xn-location\">LISBOA, Portugal<\/span><\/span>, <span class=\"legendSpanClass\">16 de abril de 2025<\/span> \/PRNewswire\/ &#8212; A neglig\u00eancia \u00e9 uma das amea\u00e7as mais difundidas, embora ignorada, ao bem-estar de uma crian\u00e7a. Diferentemente do abandono, a neglig\u00eancia geralmente passa despercebida, deixando as crian\u00e7as presas a ciclos de danos emocionais cr\u00f4nicos, quebra de confian\u00e7a e dificuldades de desenvolvimento no longo prazo.<\/p>\n<p>Recentemente, em uma visita \u00e0 SOS Children&#8217;s Villages Portugal, em <span class=\"xn-location\">Lisboa<\/span>, a Vantage Foundation se reuniu com a Coordenadora Corporativa de Capta\u00e7\u00e3o de Recursos, Teresa Concei\u00e7\u00e3o, e o L\u00edder de Marca e Comunica\u00e7\u00e3o, <span class=\"xn-person\">Emerson Marques<\/span>, para discutir o compromisso de 60 anos da organiza\u00e7\u00e3o com a prote\u00e7\u00e3o de crian\u00e7as que sofreram neglig\u00eancia, abandono ou abuso.<\/p>\n<div class=\"PRN_ImbeddedAssetReference\" id=\"DivAssetPlaceHolder1849\">\n<a href=\"https:\/\/mma.prnewswire.com\/media\/2666368\/Vantage_Foundation_Visits_SOS_Children_s_Villages_Portugal_Addressing_Neglect_Breaking.html\" target=\"_blank\" rel=\"nofollow\"><img decoding=\"async\" src=\"https:\/\/mma.prnewswire.com\/media\/2666368\/Vantage_Foundation_Visits_SOS_Children_s_Villages_Portugal_Addressing_Neglect_Breaking.jpg\" title=\"Vantage Foundation visita a SOS Children?s Villages Portugal: combatendo a neglig\u00eancia e rompendo o ciclo (PRNewsfoto\/Vantage Foundation)\" alt=\"Vantage Foundation visita a SOS Children?s Villages Portugal: combatendo a neglig\u00eancia e rompendo o ciclo (PRNewsfoto\/Vantage Foundation)\" \/><\/a><\/p>\n<\/div>\n<p>Em <span class=\"xn-location\">Portugal<\/span>, a cada 10 minutos, uma crian\u00e7a cresce sem o apoio necess\u00e1rio para se desenvolver &#8211; muitas enfrentam situa\u00e7\u00f5es de neglig\u00eancia que podem se estender por gera\u00e7\u00f5es. Como a neglig\u00eancia \u00e9 menos percept\u00edvel do que outras formas de dano, muitas vezes ela passa despercebida, fazendo com que as crian\u00e7as sofram traumas silenciosos e duradouros. A SOS Children&#8217;s Villages Portugal trabalha para quebrar esse ciclo por meio de preven\u00e7\u00e3o, prote\u00e7\u00e3o e defesa, garantindo que nenhuma crian\u00e7a seja esquecida.<\/p>\n<p>A neglig\u00eancia n\u00e3o se resume apenas \u00e0 aus\u00eancia de cuidados &#8211; \u00e9 uma eros\u00e3o cr\u00f4nica da confian\u00e7a, que tem efeitos devastadores no desenvolvimento e na sa\u00fade mental. As crian\u00e7as v\u00edtimas de neglig\u00eancia geralmente padecem de sofrimento emocional, problemas de apego e dificuldades para estabelecer relacionamentos saud\u00e1veis. Enquanto n\u00e3o houver interven\u00e7\u00e3o, o ciclo de neglig\u00eancia continuar\u00e1, prendendo as fam\u00edlias em uma luta que se estende por gera\u00e7\u00f5es.<\/p>\n<p>A SOS Children&#8217;s Villages Portugal combate a neglig\u00eancia na sua origem, fortalecendo as fam\u00edlias pela educa\u00e7\u00e3o, apoio \u00e0 sa\u00fade mental e assist\u00eancia emergencial. Ao enfrentar os desafios sist\u00eamicos desde o in\u00edcio, eles ajudam a evitar rupturas familiares e a reduzir a necessidade de cuidados fora de casa.<\/p>\n<p>Quando o afastamento da fam\u00edlia \u00e9 inevit\u00e1vel, a organiza\u00e7\u00e3o assegura que as crian\u00e7as recebam cuidados de alta qualidade em um ambiente acolhedor. Entre as medidas est\u00e3o manter os irm\u00e3os juntos, adaptar o atendimento \u00e0s necessidades individuais e oferecer aos cuidadores treinamento especializado em pr\u00e1ticas orientadas para o trauma. Eles tamb\u00e9m defendem prote\u00e7\u00f5es legais mais fortes para os jovens que est\u00e3o saindo do sistema de assist\u00eancia, garantindo que eles tenham as ferramentas para construir uma vida independente.<\/p>\n<div class=\"PRN_ImbeddedAssetReference\" id=\"DivAssetPlaceHolder5567\">\n<a href=\"https:\/\/mma.prnewswire.com\/media\/2666369\/Vantage_Foundation_Visits_SOS_Children_s_Villages_Portugal_Addressing_Neglect_Breaking_1.html\" target=\"_blank\" rel=\"nofollow\"><img decoding=\"async\" src=\"https:\/\/mma.prnewswire.com\/media\/2666369\/Vantage_Foundation_Visits_SOS_Children_s_Villages_Portugal_Addressing_Neglect_Breaking_1.jpg\" title=\"Vantage Foundation visita a SOS Children?s Villages Portugal: combatendo a neglig\u00eancia e rompendo o ciclo (PRNewsfoto\/Vantage Foundation)\" alt=\"Vantage Foundation visita a SOS Children?s Villages Portugal: combatendo a neglig\u00eancia e rompendo o ciclo (PRNewsfoto\/Vantage Foundation)\" \/><\/a><\/p>\n<\/div>\n<p>A Vantage Foundation reconhece que para acabar com a neglig\u00eancia \u00e9 preciso colabora\u00e7\u00e3o. Por meio do trabalho com organiza\u00e7\u00f5es como a SOS Children&#8217;s Villages, empresas, formuladores de pol\u00edticas e comunidades podem ampliar as vozes de crian\u00e7as em situa\u00e7\u00f5es de vulnerabilidade e ajudar a romper o ciclo de neglig\u00eancia nas fam\u00edlias.<\/p>\n<p>&#8220;A neglig\u00eancia infantil \u00e9 uma quest\u00e3o profunda, invis\u00edvel e devastadora&#8221;, ressalta <span class=\"xn-person\">Emerson Marques<\/span>, l\u00edder de Marca e Comunica\u00e7\u00e3o da SOS Children&#8217;s Villages Portugal. &#8220;Quanto mais silenciosa for a situa\u00e7\u00e3o, mais perigosa ela se tornar\u00e1. A divulga\u00e7\u00e3o dessa mensagem \u00e9 essencial para quebrar o ciclo &#8211; precisamos que mais pessoas conhe\u00e7am, se importem e participem dessa causa. S\u00f3 assim poderemos garantir que nenhuma crian\u00e7a cres\u00e7a sem o amor, o respeito e a seguran\u00e7a que merece.&#8221;<\/p>\n<p>&#8220;O trabalho da SOS Children&#8217;s Villages Portugal \u00e9 de fato inspirador&#8221;, disse Steven, diretor executivo da Vantage Foundation. &#8220;\u00c9 uma prova do que pode ser feito quando priorizamos o futuro das crian\u00e7as e refor\u00e7amos a import\u00e2ncia da a\u00e7\u00e3o coletiva. A neglig\u00eancia \u00e9 uma crise silenciosa &#8211; mas, juntos, podemos tir\u00e1-la das sombras e promover mudan\u00e7as reais.&#8221;<\/p>\n<p>Encarando a neglig\u00eancia de frente, podemos construir um mundo em que todas as crian\u00e7as cres\u00e7am com amor, respeito e seguran\u00e7a.<\/p>\n<p>Essa iniciativa faz parte do compromisso permanente da Vantage Foundation com a emancipa\u00e7\u00e3o das comunidades vulner\u00e1veis. Para saber mais sobre a SOS Children&#8217;s Villages Portugal, acesse <b><u><a href=\"https:\/\/www.aldeias-sos.org\/\" target=\"_blank\" rel=\"nofollow\">https:\/\/www.aldeias-sos.org\/<\/a><\/u><\/b>.<\/p>\n<p><b>Sobre a Vantage Foundation<\/b><\/p>\n<p>A Vantage Foundation \u00e9 uma organiza\u00e7\u00e3o beneficente independente lan\u00e7ada no McLaren Technology Centre, no Reino Unido, em 2023. A funda\u00e7\u00e3o fez parcerias com organiza\u00e7\u00f5es do mundo inteiro, incluindo a Grab Indonesia, a iREDE Foundation na Nig\u00e9ria, a Teach For Malaysia e o Instituto Claret no Brasil, para promover iniciativas sociais de impacto.<\/p>\n<p>Para obter mais informa\u00e7\u00f5es, acesse <b><a href=\"https:\/\/www.vantage.foundation\/\" target=\"_blank\" rel=\"nofollow\">www.vantage.foundation<\/a><\/b><\/p>\n<div class=\"PRN_ImbeddedAssetReference\" id=\"DivAssetPlaceHolder8268\">\n<a href=\"https:\/\/mma.prnewswire.com\/media\/2299654\/Vantage_Foundation_Logo.html\" target=\"_blank\" rel=\"nofollow\"><img decoding=\"async\" src=\"https:\/\/mma.prnewswire.com\/media\/2299654\/Vantage_Foundation_Logo.jpg\" title=\"(PRNewsfoto\/Vantage Foundation)\" alt=\"(PRNewsfoto\/Vantage Foundation)\" \/><\/a><\/p>\n<\/div>\n<p>Foto &#8211; <a href=\"https:\/\/mma.prnewswire.com\/media\/2666368\/Vantage_Foundation_Visits_SOS_Children_s_Villages_Portugal_Addressing_Neglect_Breaking.jpg\" target=\"_blank\" rel=\"nofollow\">https:\/\/mma.prnewswire.com\/media\/2666368\/Vantage_Foundation_Visits_SOS_Children_s_Villages_Portugal_Addressing_Neglect_Breaking.jpg<\/a><br \/>Foto &#8211; <a href=\"https:\/\/mma.prnewswire.com\/media\/2666369\/Vantage_Foundation_Visits_SOS_Children_s_Villages_Portugal_Addressing_Neglect_Breaking_1.jpg\" target=\"_blank\" rel=\"nofollow\">https:\/\/mma.prnewswire.com\/media\/2666369\/Vantage_Foundation_Visits_SOS_Children_s_Villages_Portugal_Addressing_Neglect_Breaking_1.jpg<\/a><br \/>Logo &#8211; <a href=\"https:\/\/mma.prnewswire.com\/media\/2299654\/Vantage_Foundation_Logo.jpg\" target=\"_blank\" rel=\"nofollow\">https:\/\/mma.prnewswire.com\/media\/2299654\/Vantage_Foundation_Logo.jpg<\/a><\/p>\n<div class=\"PRN_ImbeddedAssetReference\" id=\"DivAssetPlaceHolder0\"><\/div>\n<p id=\"PURL\"><img loading=\"lazy\" decoding=\"async\" title=\"Cision\" width=\"12\" height=\"12\" alt=\"Cision\" src=\"https:\/\/c212.net\/c\/img\/favicon.png?sn=PT64911&amp;sd=2025-04-15\" \/> View original content to download multimedia:<a id=\"PRNURL\" rel=\"nofollow\" href=\"https:\/\/www.prnewswire.com\/br\/comunicados-para-a-imprensa\/vantage-foundation-visita-a-sos-childrens-villages-portugal-combatendo-a-negligencia-e-rompendo-o-ciclo-302430282.html\" target=\"_blank\">https:\/\/www.prnewswire.com\/br\/comunicados-para-a-imprensa\/vantage-foundation-visita-a-sos-childrens-villages-portugal-combatendo-a-negligencia-e-rompendo-o-ciclo-302430282.html<\/a><\/p>\n<p>FONTE  Vantage Foundation<\/p>\n<\/div>\n<p><img decoding=\"async\" alt=\"\" src=\"https:\/\/rt.prnewswire.com\/rt.gif?NewsItemId=PT64911&amp;Transmission_Id=202504150505PR_NEWS_LATAM____PT64911&amp;DateId=20250416\" style=\"border:0px;width:1px;height:1px\" \/><\/p>\n<p><strong>T\u00f3picos Relacionados:<\/strong> Sa\u00fade Mental, Sem Fins Lucrativos, Sa\u00fade\/Hospitais, Responsabilidade Social Corporativa, Not\u00edcias Relacionadas a Crian\u00e7as, Ambiental, Social e Governan\u00e7a<\/p>\n<p>A <b>OESP<\/b> n\u00e3o \u00e9(s\u00e3o) respons\u00e1vel(is) por erros, incorre\u00e7\u00f5es, atrasos ou quaisquer decis\u00f5es tomadas por seus clientes com base nos Conte\u00fados ora disponibilizados, bem como tais Conte\u00fados n\u00e3o representam a opini\u00e3o da <b>OESP<\/b> e s\u00e3o de inteira responsabilidade da <b>PR Newswire Ltda<\/b><\/p>\n","protected":false},"excerpt":{"rendered":"LISBOA, Portugal, 16 de abril de 2025 \/PRNewswire\/ &#8212; A neglig\u00eancia \u00e9 uma das amea\u00e7as mais difundidas, embora ignorada, ao bem-estar de uma crian\u00e7a. Diferentemente do abandono, a neglig\u00eancia","protected":false},"author":1,"featured_media":0,"comment_status":"open","ping_status":"closed","sticky":false,"template":"","format":"standard","meta":{"_acf_changed":false,"inline_featured_image":false,"_monsterinsights_skip_tracking":false,"_monsterinsights_sitenote_active":false,"_monsterinsights_sitenote_note":"","_monsterinsights_sitenote_category":0,"footnotes":""},"categories":[27],"tags":[],"class_list":["post-109820","post","type-post","status-publish","format-standard","hentry","category-prnewswire"],"acf":[],"_links":{"self":[{"href":"https:\/\/bluestudio.estadao.com.br\/agencia-de-comunicacao\/wp-json\/wp\/v2\/posts\/109820","targetHints":{"allow":["GET"]}}],"collection":[{"href":"https:\/\/bluestudio.estadao.com.br\/agencia-de-comunicacao\/wp-json\/wp\/v2\/posts"}],"about":[{"href":"https:\/\/bluestudio.estadao.com.br\/agencia-de-comunicacao\/wp-json\/wp\/v2\/types\/post"}],"author":[{"embeddable":true,"href":"https:\/\/bluestudio.estadao.com.br\/agencia-de-comunicacao\/wp-json\/wp\/v2\/users\/1"}],"replies":[{"embeddable":true,"href":"https:\/\/bluestudio.estadao.com.br\/agencia-de-comunicacao\/wp-json\/wp\/v2\/comments?post=109820"}],"version-history":[{"count":0,"href":"https:\/\/bluestudio.estadao.com.br\/agencia-de-comunicacao\/wp-json\/wp\/v2\/posts\/109820\/revisions"}],"wp:attachment":[{"href":"https:\/\/bluestudio.estadao.com.br\/agencia-de-comunicacao\/wp-json\/wp\/v2\/media?parent=109820"}],"wp:term":[{"taxonomy":"category","embeddable":true,"href":"https:\/\/bluestudio.estadao.com.br\/agencia-de-comunicacao\/wp-json\/wp\/v2\/categories?post=109820"},{"taxonomy":"post_tag","embeddable":true,"href":"https:\/\/bluestudio.estadao.com.br\/agencia-de-comunicacao\/wp-json\/wp\/v2\/tags?post=109820"}],"curies":[{"name":"wp","href":"https:\/\/api.w.org\/{rel}","templated":true}]}}