{"id":109776,"date":"2025-04-15T20:28:00","date_gmt":"2025-04-15T23:28:00","guid":{"rendered":"https:\/\/bluestudio.estadao.com.br\/agencia-de-comunicacao\/prnewswire\/modelo-brasileira-maria-klaumann-fotografa-com-pecas-da-alta-joalheria-da-chanel-em-paris\/"},"modified":"2025-04-15T20:28:00","modified_gmt":"2025-04-15T23:28:00","slug":"modelo-brasileira-maria-klaumann-fotografa-com-pecas-da-alta-joalheria-da-chanel-em-paris","status":"publish","type":"post","link":"https:\/\/bluestudio.estadao.com.br\/agencia-de-comunicacao\/prnewswire\/modelo-brasileira-maria-klaumann-fotografa-com-pecas-da-alta-joalheria-da-chanel-em-paris\/","title":{"rendered":"Modelo brasileira Maria Klaumann fotografa com pe\u00e7as da alta joalheria da Chanel em Paris"},"content":{"rendered":"<div class=\"xn-content\">\n<span class=\"legendSpanClass\"><span class=\"xn-location\">PARIS<\/span><\/span>, <span class=\"legendSpanClass\">15 de abril de 2025<\/span> \/PRNewswire\/ &#8212; A modelo brasileira Maria\u00a0Klaumann protagoniza, nesta ter\u00e7a-feira (15), uma sess\u00e3o de fotos exclusiva no est\u00fadio de cria\u00e7\u00e3o da alta joalheria da Chanel, localizado na ic\u00f4nica maison da marca, no n\u00famero 18 da Place Vend\u00f4me, em <span class=\"xn-location\">Paris<\/span>. As joias, produzidas pelos artes\u00e3os da casa, fazem parte de cole\u00e7\u00f5es art\u00edsticas criadas em edi\u00e7\u00f5es limitadas.<\/p>\n<div class=\"PRN_ImbeddedAssetReference\" id=\"DivAssetPlaceHolder1\">\n<a href=\"https:\/\/mma.prnewswire.com\/media\/2665934\/chanel.html\" target=\"_blank\" rel=\"nofollow\">  <img decoding=\"async\" src=\"https:\/\/mma.prnewswire.com\/media\/2665934\/chanel.jpg\" title=\"Cr\u00e9dito: Divulga\u00e7\u00e3o Bendizer\" alt=\"Cr\u00e9dito: Divulga\u00e7\u00e3o Bendizer\" \/><\/a>\n <\/p>\n<\/p><\/div>\n<p>Reconhecida como um dos principais nomes da nova gera\u00e7\u00e3o da moda, Maria vem ganhando destaque internacional, com passagens pelas semanas de moda de Londres, <span class=\"xn-location\">Paris<\/span> e <span class=\"xn-location\">Miami<\/span>. Em 2024, foi eleita Modelo Revela\u00e7\u00e3o no Fashion Media Awards, em <span class=\"xn-person\">Nova York<\/span>.<\/p>\n<p>A equipe respons\u00e1vel pela produ\u00e7\u00e3o e pela fotografia do ensaio ainda n\u00e3o foi divulgada.<\/p>\n<p>Foto &#8211; <a href=\"https:\/\/mma.prnewswire.com\/media\/2665934\/chanel.jpg\" target=\"_blank\" rel=\"nofollow\">https:\/\/mma.prnewswire.com\/media\/2665934\/chanel.jpg<\/a><\/p>\n<p id=\"PURL\"><img loading=\"lazy\" decoding=\"async\" title=\"Cision\" width=\"12\" height=\"12\" alt=\"Cision\" src=\"https:\/\/c212.net\/c\/img\/favicon.png?sn=PT65892&amp;sd=2025-04-15\" \/> View original content to download multimedia:<a id=\"PRNURL\" rel=\"nofollow\" href=\"https:\/\/www.prnewswire.com\/br\/comunicados-para-a-imprensa\/modelo-brasileira-maria-klaumann-fotografa-com-pecas-da-alta-joalheria-da-chanel-em-paris-302429671.html\" target=\"_blank\">https:\/\/www.prnewswire.com\/br\/comunicados-para-a-imprensa\/modelo-brasileira-maria-klaumann-fotografa-com-pecas-da-alta-joalheria-da-chanel-em-paris-302429671.html<\/a><\/p>\n<p>FONTE  Maria Klaumann<\/p>\n<\/div>\n<p><img decoding=\"async\" alt=\"\" src=\"https:\/\/rt.prnewswire.com\/rt.gif?NewsItemId=PT65892&amp;Transmission_Id=202504151900PR_NEWS_LATAM____PT65892&amp;DateId=20250415\" style=\"border:0px;width:1px;height:1px\" \/><\/p>\n<p><strong>T\u00f3picos Relacionados:<\/strong> Moda, Varejo, Dom\u00e9stico\/Consumidor\/Cosm\u00e9ticos<\/p>\n<p>A <b>OESP<\/b> n\u00e3o \u00e9(s\u00e3o) respons\u00e1vel(is) por erros, incorre\u00e7\u00f5es, atrasos ou quaisquer decis\u00f5es tomadas por seus clientes com base nos Conte\u00fados ora disponibilizados, bem como tais Conte\u00fados n\u00e3o representam a opini\u00e3o da <b>OESP<\/b> e s\u00e3o de inteira responsabilidade da <b>PR Newswire Ltda<\/b><\/p>\n","protected":false},"excerpt":{"rendered":"PARIS, 15 de abril de 2025 \/PRNewswire\/ &#8212; A modelo brasileira Maria\u00a0Klaumann protagoniza, nesta ter\u00e7a-feira (15), uma sess\u00e3o de fotos exclusiva no est\u00fadio de cria\u00e7\u00e3o da alta joalheria da","protected":false},"author":1,"featured_media":0,"comment_status":"open","ping_status":"closed","sticky":false,"template":"","format":"standard","meta":{"_acf_changed":false,"inline_featured_image":false,"_monsterinsights_skip_tracking":false,"_monsterinsights_sitenote_active":false,"_monsterinsights_sitenote_note":"","_monsterinsights_sitenote_category":0,"footnotes":""},"categories":[27],"tags":[],"class_list":["post-109776","post","type-post","status-publish","format-standard","hentry","category-prnewswire"],"acf":[],"_links":{"self":[{"href":"https:\/\/bluestudio.estadao.com.br\/agencia-de-comunicacao\/wp-json\/wp\/v2\/posts\/109776","targetHints":{"allow":["GET"]}}],"collection":[{"href":"https:\/\/bluestudio.estadao.com.br\/agencia-de-comunicacao\/wp-json\/wp\/v2\/posts"}],"about":[{"href":"https:\/\/bluestudio.estadao.com.br\/agencia-de-comunicacao\/wp-json\/wp\/v2\/types\/post"}],"author":[{"embeddable":true,"href":"https:\/\/bluestudio.estadao.com.br\/agencia-de-comunicacao\/wp-json\/wp\/v2\/users\/1"}],"replies":[{"embeddable":true,"href":"https:\/\/bluestudio.estadao.com.br\/agencia-de-comunicacao\/wp-json\/wp\/v2\/comments?post=109776"}],"version-history":[{"count":0,"href":"https:\/\/bluestudio.estadao.com.br\/agencia-de-comunicacao\/wp-json\/wp\/v2\/posts\/109776\/revisions"}],"wp:attachment":[{"href":"https:\/\/bluestudio.estadao.com.br\/agencia-de-comunicacao\/wp-json\/wp\/v2\/media?parent=109776"}],"wp:term":[{"taxonomy":"category","embeddable":true,"href":"https:\/\/bluestudio.estadao.com.br\/agencia-de-comunicacao\/wp-json\/wp\/v2\/categories?post=109776"},{"taxonomy":"post_tag","embeddable":true,"href":"https:\/\/bluestudio.estadao.com.br\/agencia-de-comunicacao\/wp-json\/wp\/v2\/tags?post=109776"}],"curies":[{"name":"wp","href":"https:\/\/api.w.org\/{rel}","templated":true}]}}