{"id":109774,"date":"2025-04-15T18:13:00","date_gmt":"2025-04-15T21:13:00","guid":{"rendered":"https:\/\/bluestudio.estadao.com.br\/agencia-de-comunicacao\/prnewswire\/espacolaser-realiza-investor-day-e-apresenta-retomada-da-rentabilidade-com-foco-em-crescimento-sustentavel\/"},"modified":"2025-04-15T18:13:00","modified_gmt":"2025-04-15T21:13:00","slug":"espacolaser-realiza-investor-day-e-apresenta-retomada-da-rentabilidade-com-foco-em-crescimento-sustentavel","status":"publish","type":"post","link":"https:\/\/bluestudio.estadao.com.br\/agencia-de-comunicacao\/prnewswire\/espacolaser-realiza-investor-day-e-apresenta-retomada-da-rentabilidade-com-foco-em-crescimento-sustentavel\/","title":{"rendered":"Espa\u00e7olaser realiza Investor Day e apresenta retomada da rentabilidade com foco em crescimento sustent\u00e1vel"},"content":{"rendered":"<div class=\"xn-content\">\n<p class=\"prntac\"><i>Com faturamento bruto de aproximadamente de <span class=\"xn-money\">R$ 2<\/span> bilh\u00f5es em 2024, companhia supera os desafios do p\u00f3s-IPO e projeta uma trajet\u00f3ria de evolu\u00e7\u00e3o baseada em expans\u00e3o, digitaliza\u00e7\u00e3o e fortalecimento da governan\u00e7a <\/i><\/p>\n<div class=\"PRN_ImbeddedAssetReference\" id=\"DivAssetPlaceHolder7660\">\n<a href=\"https:\/\/mma.prnewswire.com\/media\/2665592\/FSB.html\" target=\"_blank\" rel=\"nofollow\"><img decoding=\"async\" src=\"https:\/\/mma.prnewswire.com\/media\/2665592\/FSB.jpg\" title=\"Novas lojas Espa\u00e7olaser\" alt=\"Novas lojas Espa\u00e7olaser\" \/><\/a><\/p>\n<\/div>\n<p><span class=\"legendSpanClass\">S\u00c3O PAULO<\/span>, <span class=\"legendSpanClass\">15 de abril de 2025<\/span> \/PRNewswire\/ &#8212; A Espa\u00e7olaser (MPM Corp\u00f3reos S.A.), maior rede de depila\u00e7\u00e3o a laser do mundo, realizou nesta ter\u00e7a-feira (15), em S\u00e3o Paulo, seu Investor Day e apresentou ao mercado os resultados da nova fase da companhia, marcada pela recupera\u00e7\u00e3o da rentabilidade e por um plano estrat\u00e9gico voltado \u00e0 sustentabilidade de longo prazo. Ap\u00f3s atravessar um per\u00edodo de reorganiza\u00e7\u00e3o, a empresa encerrou 2024 com <span class=\"xn-money\">R$ 1,7<\/span> bilh\u00e3o em System-Wide Sales (SWS) ? o maior valor de sua hist\u00f3ria ?, margem EBITDA de 22% e convers\u00e3o de caixa operacional de 103%, refor\u00e7ando a solidez de seu modelo de neg\u00f3cios.<\/p>\n<p>Os resultados positivos s\u00e3o reflexo de um trabalho iniciado em 2022, quando a empresa finalizou a consolida\u00e7\u00e3o societ\u00e1ria da opera\u00e7\u00e3o pr\u00f3pria &#8211; um dos momentos mais relevantes de sua hist\u00f3ria-, e investiu no crescimento da base de clientes. Com a carteira de usu\u00e1rios da marca fortalecida, a Espa\u00e7olaser voltou a investir com disciplina em expans\u00e3o por franquias, ao mesmo tempo em que acelerou a digitaliza\u00e7\u00e3o da jornada do cliente e o aproveitamento de sua base de mais de 5 milh\u00f5es de clientes ativos.<\/p>\n<p>A nova fase tamb\u00e9m marca o amadurecimento da companhia ap\u00f3s os desafios enfrentados no per\u00edodo p\u00f3s-IPO. O movimento de profissionaliza\u00e7\u00e3o da gest\u00e3o, fortalecimento da governan\u00e7a e reorganiza\u00e7\u00e3o operacional foi essencial para garantir estabilidade e preparar o neg\u00f3cio para crescer com consist\u00eancia. &#8220;Revertemos o preju\u00edzo e voltamos a apresentar lucro com margens mais robustas e um modelo de neg\u00f3cios mais resiliente&#8221;, afirmou a CEO da companhia, <span class=\"xn-person\">Magali Leite<\/span>, durante o evento. &#8220;Isso \u00e9 fruto de decis\u00f5es estrat\u00e9gicas bem executadas e de uma governan\u00e7a mais forte, que vem transformando a maneira como operamos&#8221;, explica a executiva.<\/p>\n<p>A CEO refor\u00e7a ainda que a marca entra nesta nova fase com diferenciais competitivos s\u00f3lidos: \u00e9 l\u00edder absoluta no setor, reconhecida como <i>top of mind <\/i>entre mulheres at\u00e9 40 anos por tr\u00eas anos consecutivos, e apresenta altos n\u00edveis de satisfa\u00e7\u00e3o, com NPS de 86 e selo RA1000 do ReclameAqui. A rede encerrou 2024 com 872 lojas em opera\u00e7\u00e3o, presen\u00e7a nacional em mais de 400 cidades e uma cultura organizacional premiada, reconhecida pelo selo Great Place to Work, pelo quinto ano seguido.<\/p>\n<p>&#8220;Sab\u00edamos que era hora de mudar ? e mudamos. Aprendemos com os desafios, fizemos os ajustes necess\u00e1rios e hoje somos uma empresa mais preparada, com ambi\u00e7\u00e3o de longo prazo e foco total na execu\u00e7\u00e3o. Nada disso seria poss\u00edvel sem um time comprometido, que une a experi\u00eancia de quem construiu nossa trajet\u00f3ria de 20 anos com a energia e o olhar estrat\u00e9gico das novas lideran\u00e7as para mais 20 anos que vir\u00e3o&#8221;, concluiu a executiva.<\/p>\n<p>A Espa\u00e7olaser foi fundada em 2004 e, desde ent\u00e3o, atravessou diferentes ciclos econ\u00f4micos, incluindo a pandemia, mantendo seu crescimento e ganhando escala. Com um setor de wellness em ascens\u00e3o e uma marca bem posicionada, a companhia agora mira os pr\u00f3ximos anos com confian\u00e7a.<\/p>\n<p><b>Diferenciais t\u00e9cnicos da\u00a0Espa\u00e7olaser<\/b><\/p>\n<p>Durante o Investor Day, a diretora respons\u00e1vel pela \u00e1rea t\u00e9cnica da Espa\u00e7olaser, <span class=\"xn-person\">Carol Cury<\/span>, destacou os principais diferenciais que fazem da marca uma refer\u00eancia global em depila\u00e7\u00e3o a laser. A executiva explicou como a combina\u00e7\u00e3o entre tecnologia de ponta ? com os lasers Alexandrite e Nd:YAG ? e protocolos personalizados, desenvolvidos ao longo de duas d\u00e9cadas e mais de 100 milh\u00f5es de atendimentos, garantem seguran\u00e7a, conforto e efic\u00e1cia nos resultados.<\/p>\n<p>Complementando essa busca constante por inova\u00e7\u00e3o e excel\u00eancia no atendimento, a Espa\u00e7olaser investiu recentemente em uma nova tecnologia de resfriadores, que eleva o conforto dos clientes por meio da substitui\u00e7\u00e3o do g\u00e1s criog\u00eanio pelo jato de ar cont\u00ednuo no resfriamento da pele durante a aplica\u00e7\u00e3o do laser. Na estrutura atual, a compahia possui um custo de aproximadamente <span class=\"xn-money\">R$ 32<\/span> milh\u00f5es por ano utilizando o g\u00e1s resfriador. Com a implementa\u00e7\u00e3o da m\u00e1quina de resfriamento em 100% das unidades pr\u00f3prias, este custo seria praticamente extinto.<\/p>\n<p>A diretora enfatizou tamb\u00e9m no evento a import\u00e2ncia da forma\u00e7\u00e3o t\u00e9cnica de especialistas da Espa\u00e7olaser, promovida pela Universidade do Laser, como pe\u00e7a-chave para a excel\u00eancia nos atendimentos e diferencial competitivo no setor. &#8220;As profissionais passam por mais de 100 horas de capacita\u00e7\u00e3o, com foco no manuseio dos equipamentos e protocolos que priorizam seguran\u00e7a, bem-estar e qualidade. Nosso prop\u00f3sito \u00e9 oferecer excel\u00eancia no atendimento e cuidado com cada cliente&#8221;, finaliza.<\/p>\n<p><b>Sobre a\u00a0Espa\u00e7olaser <br \/><\/b>A Espa\u00e7olaser (MPM Corp\u00f3reos S.A. I B3: ESPA3), lidera o setor de depila\u00e7\u00e3o a laser no Brasil, destacando-se como a marca mais recomendada pelos consumidores. Com mais de 870 unidades na Am\u00e9rica Latina, abrangendo todos os estados brasileiros, <span class=\"xn-location\">Argentina<\/span>, <span class=\"xn-location\">Chile<\/span>, Paraguai e Col\u00f4mbia, a empresa \u00e9 pioneira na democratiza\u00e7\u00e3o do acesso \u00e0 depila\u00e7\u00e3o a laser. Sua tecnologia padr\u00e3o ouro oferece tratamentos seguros e eficazes, realizando mais de 100 milh\u00f5es de procedimentos em diversos tipos de pele ao longo de 20 anos de hist\u00f3ria. Reconhecida como?Great?Place?to?Work?desde 2019 e signat\u00e1ria da WEP&#8217;s (Princ\u00edpios de Empoderamento das Mulheres) pela ONU Mulheres, a empresa tamb\u00e9m se orgulha em apoiar o esporte brasileiro. Atualmente patrocina mais de 40 atletas de 11 modalidades diferentes.<\/p>\n<p>Em 2021, a Espa\u00e7olaser se tornou a primeira empresa de servi\u00e7os de est\u00e9tica a concluir um IPO na B3, reafirmando seu compromisso com a evolu\u00e7\u00e3o, governan\u00e7a corporativa e impacto no mercado financeiro. Encerrou 2024 com system-wide-sales atingindo <span class=\"xn-money\">R$ 1,7<\/span> bilh\u00e3o, alta de 2,2% em rela\u00e7\u00e3o ao mesmo per\u00edodo do ano anterior, e EBITDA Ajustado de <span class=\"xn-money\">R$ 222,8<\/span> milh\u00f5es, com crescimento de 4,5% em compara\u00e7\u00e3o a 2023.<\/p>\n<p>Foto &#8211; <a href=\"https:\/\/mma.prnewswire.com\/media\/2665592\/FSB.jpg\" target=\"_blank\" rel=\"nofollow\">https:\/\/mma.prnewswire.com\/media\/2665592\/FSB.jpg<\/a><\/p>\n<div class=\"PRN_ImbeddedAssetReference\" id=\"DivAssetPlaceHolder0\"><\/div>\n<p id=\"PURL\"><img loading=\"lazy\" decoding=\"async\" title=\"Cision\" width=\"12\" height=\"12\" alt=\"Cision\" src=\"https:\/\/c212.net\/c\/img\/favicon.png?sn=PT65522&amp;sd=2025-04-15\" \/> View original content to download multimedia:<a id=\"PRNURL\" rel=\"nofollow\" href=\"https:\/\/www.prnewswire.com\/br\/comunicados-para-a-imprensa\/espacolaser-realiza-investor-day-e-apresenta-retomada-da-rentabilidade-com-foco-em-crescimento-sustentavel-302429590.html\" target=\"_blank\">https:\/\/www.prnewswire.com\/br\/comunicados-para-a-imprensa\/espacolaser-realiza-investor-day-e-apresenta-retomada-da-rentabilidade-com-foco-em-crescimento-sustentavel-302429590.html<\/a><\/p>\n<p>FONTE  Espa\u00e7olaser<\/p>\n<\/div>\n<p><img decoding=\"async\" alt=\"\" src=\"https:\/\/rt.prnewswire.com\/rt.gif?NewsItemId=PT65522&amp;Transmission_Id=202504151658PR_NEWS_LATAM____PT65522&amp;DateId=20250415\" style=\"border:0px;width:1px;height:1px\" \/><\/p>\n<p><strong>T\u00f3picos Relacionados:<\/strong> Dom\u00e9stico\/Consumidor\/Cosm\u00e9ticos, Cosm\u00e9ticos e Cuidados Pessoais<\/p>\n<p>A <b>OESP<\/b> n\u00e3o \u00e9(s\u00e3o) respons\u00e1vel(is) por erros, incorre\u00e7\u00f5es, atrasos ou quaisquer decis\u00f5es tomadas por seus clientes com base nos Conte\u00fados ora disponibilizados, bem como tais Conte\u00fados n\u00e3o representam a opini\u00e3o da <b>OESP<\/b> e s\u00e3o de inteira responsabilidade da <b>PR Newswire Ltda<\/b><\/p>\n","protected":false},"excerpt":{"rendered":"Com faturamento bruto de aproximadamente de R$ 2 bilh\u00f5es em 2024, companhia supera os desafios do p\u00f3s-IPO e projeta uma trajet\u00f3ria de evolu\u00e7\u00e3o baseada em expans\u00e3o, digitaliza\u00e7\u00e3o e","protected":false},"author":1,"featured_media":0,"comment_status":"open","ping_status":"closed","sticky":false,"template":"","format":"standard","meta":{"_acf_changed":false,"inline_featured_image":false,"_monsterinsights_skip_tracking":false,"_monsterinsights_sitenote_active":false,"_monsterinsights_sitenote_note":"","_monsterinsights_sitenote_category":0,"footnotes":""},"categories":[27],"tags":[],"class_list":["post-109774","post","type-post","status-publish","format-standard","hentry","category-prnewswire"],"acf":[],"_links":{"self":[{"href":"https:\/\/bluestudio.estadao.com.br\/agencia-de-comunicacao\/wp-json\/wp\/v2\/posts\/109774","targetHints":{"allow":["GET"]}}],"collection":[{"href":"https:\/\/bluestudio.estadao.com.br\/agencia-de-comunicacao\/wp-json\/wp\/v2\/posts"}],"about":[{"href":"https:\/\/bluestudio.estadao.com.br\/agencia-de-comunicacao\/wp-json\/wp\/v2\/types\/post"}],"author":[{"embeddable":true,"href":"https:\/\/bluestudio.estadao.com.br\/agencia-de-comunicacao\/wp-json\/wp\/v2\/users\/1"}],"replies":[{"embeddable":true,"href":"https:\/\/bluestudio.estadao.com.br\/agencia-de-comunicacao\/wp-json\/wp\/v2\/comments?post=109774"}],"version-history":[{"count":0,"href":"https:\/\/bluestudio.estadao.com.br\/agencia-de-comunicacao\/wp-json\/wp\/v2\/posts\/109774\/revisions"}],"wp:attachment":[{"href":"https:\/\/bluestudio.estadao.com.br\/agencia-de-comunicacao\/wp-json\/wp\/v2\/media?parent=109774"}],"wp:term":[{"taxonomy":"category","embeddable":true,"href":"https:\/\/bluestudio.estadao.com.br\/agencia-de-comunicacao\/wp-json\/wp\/v2\/categories?post=109774"},{"taxonomy":"post_tag","embeddable":true,"href":"https:\/\/bluestudio.estadao.com.br\/agencia-de-comunicacao\/wp-json\/wp\/v2\/tags?post=109774"}],"curies":[{"name":"wp","href":"https:\/\/api.w.org\/{rel}","templated":true}]}}