{"id":109167,"date":"2025-04-03T11:57:00","date_gmt":"2025-04-03T14:57:00","guid":{"rendered":"https:\/\/bluestudio.estadao.com.br\/agencia-de-comunicacao\/prnewswire\/forum-economico-e-comercial-china-brasil-se-reune-em-sao-paulo-fortalecendo-os-lacos-bilaterais-5\/"},"modified":"2025-04-03T11:57:00","modified_gmt":"2025-04-03T14:57:00","slug":"forum-economico-e-comercial-china-brasil-se-reune-em-sao-paulo-fortalecendo-os-lacos-bilaterais-5","status":"publish","type":"post","link":"https:\/\/bluestudio.estadao.com.br\/agencia-de-comunicacao\/prnewswire\/forum-economico-e-comercial-china-brasil-se-reune-em-sao-paulo-fortalecendo-os-lacos-bilaterais-5\/","title":{"rendered":"F\u00f3rum Econ\u00f4mico e Comercial China-Brasil se re\u00fane em S\u00e3o Paulo, fortalecendo os la\u00e7os bilaterais"},"content":{"rendered":"<div class=\"xn-content\">\n<span class=\"legendSpanClass\">S\u00c3O PAULO<\/span>, <span class=\"legendSpanClass\">3 de abril de 2025<\/span> \/PRNewswire\/ &#8212;\u00a0O F\u00f3rum Econ\u00f4mico e Comercial China-Brasil foi realizado em S\u00e3o Paulo, no Brasil, no dia 28 de mar\u00e7o, reunindo autoridades governamentais de alto n\u00edvel e l\u00edderes empresariais de ambos os pa\u00edses. Entre os palestrantes estavam <span class=\"xn-person\">Ren Hongbin<\/span>, presidente do Conselho da <span class=\"xn-location\">China<\/span> para a Promo\u00e7\u00e3o do Com\u00e9rcio Internacional (CCPIT); <span class=\"xn-person\">Luiz Augusto de Castro Neves<\/span>, presidente do Conselho Empresarial Brasil-China; e <span class=\"xn-person\">Yu Peng<\/span>, c\u00f4nsul-geral da <span class=\"xn-location\">China<\/span> em S\u00e3o Paulo.<\/p>\n<div class=\"PRN_ImbeddedAssetReference\" id=\"DivAssetPlaceHolder3056\">\n<a href=\"https:\/\/mma.prnewswire.com\/media\/2656108\/image.html\" target=\"_blank\" rel=\"nofollow\"><img decoding=\"async\" src=\"https:\/\/mma.prnewswire.com\/media\/2656108\/image.jpg\" title=\"Ren Hongbin, presidente do Conselho da China para a Promo\u00e7\u00e3o do Com\u00e9rcio Internacional (CCPIT), fez um discurso no F\u00f3rum Econ\u00f4mico e Comercial China-Brasil, pedindo a coopera\u00e7\u00e3o bilateral entre a China e o Brasil com novas oportunidades de explora\u00e7\u00e3o na 3\u00aa Exposi\u00e7\u00e3o Internacional da Cadeia de Suprimentos da China. (PRNewsfoto\/China International Supply Chain Expo)\" alt=\"Ren Hongbin, presidente do Conselho da China para a Promo\u00e7\u00e3o do Com\u00e9rcio Internacional (CCPIT), fez um discurso no F\u00f3rum Econ\u00f4mico e Comercial China-Brasil, pedindo a coopera\u00e7\u00e3o bilateral entre a China e o Brasil com novas oportunidades de explora\u00e7\u00e3o na 3\u00aa Exposi\u00e7\u00e3o Internacional da Cadeia de Suprimentos da China. (PRNewsfoto\/China International Supply Chain Expo)\" \/><\/a><\/p>\n<\/div>\n<p>Em seu discurso, <span class=\"xn-person\">Ren Hongbin<\/span> destacou a parceria duradoura entre a <span class=\"xn-location\">China<\/span> e o Brasil, enfatizando o compromisso do CCPIT de expandir a colabora\u00e7\u00e3o econ\u00f4mica no \u00e2mbito da Iniciativa do Cintur\u00e3o e Rota (ou BRI, do ingl\u00eas Belt and Road Initiative, mais conhecida como a <span class=\"xn-person\">Nova Rota da Seda<\/span>). Liderando uma delega\u00e7\u00e3o de empres\u00e1rios chineses, Ren se envolveu em conversas de alto n\u00edvel com o vice-presidente brasileiro, Geraldo Alckmin, explorando novas oportunidades em integra\u00e7\u00e3o industrial, resili\u00eancia da cadeia de suprimentos e inova\u00e7\u00e3o multilateral. A <span class=\"xn-location\">China<\/span> reiterou seu apoio \u00e0 presid\u00eancia brasileira dos BRICS em 2024 e ao objetivo m\u00fatuo de &#8220;50 anos dourados&#8221; de coopera\u00e7\u00e3o bilateral robusta e solidariedade entre as na\u00e7\u00f5es do Sul Global.<\/p>\n<p>Os participantes brasileiros enfatizaram a resili\u00eancia e os pontos fortes complementares dos la\u00e7os econ\u00f4micos entre as duas na\u00e7\u00f5es diante dos desafios globais, incluindo o aumento do protecionismo, as transi\u00e7\u00f5es em fun\u00e7\u00e3o das mudan\u00e7as clim\u00e1ticas e as rupturas tecnol\u00f3gicas. As principais oportunidades foram identificadas em energia sustent\u00e1vel, ind\u00fastrias de alto valor e cadeias de suprimentos integradas, com apelos para que as empresas aproveitem plataformas como a <a href=\"https:\/\/en.cisce.org.cn\/\" target=\"_blank\" rel=\"nofollow\">China International Supply Chain Expo<\/a> (CISCE) para promover o crescimento sustent\u00e1vel.<\/p>\n<p>Coorganizado pelo CCPIT e pelo Conselho Empresarial Brasil-China, o f\u00f3rum atraiu mais de 100 delegados de ag\u00eancias de com\u00e9rcio, c\u00e2maras e empresas, culminando em acordos firmados presencialmente no valor de mais de <span class=\"xn-money\">US$ 2<\/span> bilh\u00f5es, abrangendo agricultura, minera\u00e7\u00e3o e participa\u00e7\u00e3o na CISCE.<\/p>\n<p>Durante a visita, <span class=\"xn-person\">Ren Hongbin<\/span> chefiou uma delega\u00e7\u00e3o de mais de 40 empresas, representando setores-chave como agricultura, processamento de alimentos, finan\u00e7as, infraestrutura, energia, telecomunica\u00e7\u00f5es e sa\u00fade. A delega\u00e7\u00e3o participou de conversas estrat\u00e9gicas com o governo brasileiro e l\u00edderes empresariais enquanto visitava empresas locais para identificar e buscar oportunidades de colabora\u00e7\u00e3o.<\/p>\n<p>Para obter mais informa\u00e7\u00f5es, acesse <a href=\"https:\/\/en.cisce.org.cn\/\" target=\"_blank\" rel=\"nofollow\">https:\/\/en.cisce.org.cn\/<\/a><\/p>\n<div class=\"PRN_ImbeddedAssetReference\" id=\"DivAssetPlaceHolder4765\">\n<a href=\"https:\/\/mma.prnewswire.com\/media\/2427202\/CISCE_Logo.html\" target=\"_blank\" rel=\"nofollow\"><img decoding=\"async\" src=\"https:\/\/mma.prnewswire.com\/media\/2427202\/CISCE_Logo.jpg\" title=\"(PRNewsfoto\/China International Supply Chain Expo)\" alt=\"(PRNewsfoto\/China International Supply Chain Expo)\" \/><\/a><\/p>\n<\/div>\n<p>Foto &#8211; <a href=\"https:\/\/mma.prnewswire.com\/media\/2656108\/image.jpg\" target=\"_blank\" rel=\"nofollow\">https:\/\/mma.prnewswire.com\/media\/2656108\/image.jpg<\/a><br \/>Logo &#8211; <a href=\"https:\/\/mma.prnewswire.com\/media\/2427202\/5248093\/CISCE_Logo.jpg\" target=\"_blank\" rel=\"nofollow\">https:\/\/mma.prnewswire.com\/media\/2427202\/5248093\/CISCE_Logo.jpg<\/a><\/p>\n<div class=\"PRN_ImbeddedAssetReference\" id=\"DivAssetPlaceHolder0\"><\/div>\n<p id=\"PURL\"><img loading=\"lazy\" decoding=\"async\" title=\"Cision\" width=\"12\" height=\"12\" alt=\"Cision\" src=\"https:\/\/c212.net\/c\/img\/favicon.png?sn=PT55731&amp;sd=2025-04-03\" \/> View original content to download multimedia:<a id=\"PRNURL\" rel=\"nofollow\" href=\"https:\/\/www.prnewswire.com\/br\/comunicados-para-a-imprensa\/forum-economico-e-comercial-china-brasil-se-reune-em-sao-paulo-fortalecendo-os-lacos-bilaterais-302419427.html\" target=\"_blank\">https:\/\/www.prnewswire.com\/br\/comunicados-para-a-imprensa\/forum-economico-e-comercial-china-brasil-se-reune-em-sao-paulo-fortalecendo-os-lacos-bilaterais-302419427.html<\/a><\/p>\n<p>FONTE  China International Supply Chain Expo<\/p>\n<\/div>\n<p><img decoding=\"async\" alt=\"\" src=\"https:\/\/rt.prnewswire.com\/rt.gif?NewsItemId=PT55731&amp;Transmission_Id=202504030054PR_NEWS_LATAM____PT55731&amp;DateId=20250403\" style=\"border:0px;width:1px;height:1px\" \/><\/p>\n<p><strong>T\u00f3picos Relacionados:<\/strong> Not\u00edcias de Feiras Comerciais, Transporte \/ Caminh\u00f5es \/ Ferrovias, Cadeia de Suprimentos\/Log\u00edstica, Minera\u00e7\u00e3o\/Metais, Computador\/Eletr\u00f4nica, Servi\u00e7os Banc\u00e1rios\/Financeiros<\/p>\n<p>A <b>OESP<\/b> n\u00e3o \u00e9(s\u00e3o) respons\u00e1vel(is) por erros, incorre\u00e7\u00f5es, atrasos ou quaisquer decis\u00f5es tomadas por seus clientes com base nos Conte\u00fados ora disponibilizados, bem como tais Conte\u00fados n\u00e3o representam a opini\u00e3o da <b>OESP<\/b> e s\u00e3o de inteira responsabilidade da <b>PR Newswire Ltda<\/b><\/p>\n","protected":false},"excerpt":{"rendered":"S\u00c3O PAULO, 3 de abril de 2025 \/PRNewswire\/ &#8212;\u00a0O F\u00f3rum Econ\u00f4mico e Comercial China-Brasil foi realizado em S\u00e3o Paulo, no Brasil, no dia 28 de mar\u00e7o, reunindo autoridades governamentais de","protected":false},"author":1,"featured_media":0,"comment_status":"open","ping_status":"closed","sticky":false,"template":"","format":"standard","meta":{"_acf_changed":false,"inline_featured_image":false,"_monsterinsights_skip_tracking":false,"_monsterinsights_sitenote_active":false,"_monsterinsights_sitenote_note":"","_monsterinsights_sitenote_category":0,"footnotes":""},"categories":[27],"tags":[],"class_list":["post-109167","post","type-post","status-publish","format-standard","hentry","category-prnewswire"],"acf":[],"_links":{"self":[{"href":"https:\/\/bluestudio.estadao.com.br\/agencia-de-comunicacao\/wp-json\/wp\/v2\/posts\/109167","targetHints":{"allow":["GET"]}}],"collection":[{"href":"https:\/\/bluestudio.estadao.com.br\/agencia-de-comunicacao\/wp-json\/wp\/v2\/posts"}],"about":[{"href":"https:\/\/bluestudio.estadao.com.br\/agencia-de-comunicacao\/wp-json\/wp\/v2\/types\/post"}],"author":[{"embeddable":true,"href":"https:\/\/bluestudio.estadao.com.br\/agencia-de-comunicacao\/wp-json\/wp\/v2\/users\/1"}],"replies":[{"embeddable":true,"href":"https:\/\/bluestudio.estadao.com.br\/agencia-de-comunicacao\/wp-json\/wp\/v2\/comments?post=109167"}],"version-history":[{"count":0,"href":"https:\/\/bluestudio.estadao.com.br\/agencia-de-comunicacao\/wp-json\/wp\/v2\/posts\/109167\/revisions"}],"wp:attachment":[{"href":"https:\/\/bluestudio.estadao.com.br\/agencia-de-comunicacao\/wp-json\/wp\/v2\/media?parent=109167"}],"wp:term":[{"taxonomy":"category","embeddable":true,"href":"https:\/\/bluestudio.estadao.com.br\/agencia-de-comunicacao\/wp-json\/wp\/v2\/categories?post=109167"},{"taxonomy":"post_tag","embeddable":true,"href":"https:\/\/bluestudio.estadao.com.br\/agencia-de-comunicacao\/wp-json\/wp\/v2\/tags?post=109167"}],"curies":[{"name":"wp","href":"https:\/\/api.w.org\/{rel}","templated":true}]}}