{"id":109078,"date":"2025-04-04T16:59:00","date_gmt":"2025-04-04T19:59:00","guid":{"rendered":"https:\/\/bluestudio.estadao.com.br\/agencia-de-comunicacao\/releases\/releases-economia\/lideres-em-energia-cresceu-e-faz-parte-da-latam-energy-week\/"},"modified":"2025-04-04T16:59:00","modified_gmt":"2025-04-04T19:59:00","slug":"lideres-em-energia-cresceu-e-faz-parte-da-latam-energy-week","status":"publish","type":"post","link":"https:\/\/bluestudio.estadao.com.br\/agencia-de-comunicacao\/releases\/releases-economia\/lideres-em-energia-cresceu-e-faz-parte-da-latam-energy-week\/","title":{"rendered":"L\u00edderes em Energia cresceu e faz parte da Latam Energy Week"},"content":{"rendered":"<p>Reforma do setor el\u00e9trico, Margem Equatorial e descentraliza\u00e7\u00e3o do g\u00e1s est\u00e3o entre as principais pautas a serem debatidas em evento com o ministro de Minas e Energia. Latam Energy Week re\u00fane de 9 a 11 de abril, no Rio de Janeiro, altos executivos e autoridades do setor de energia el\u00e9trica e \u00f3leo e g\u00e1s. <\/p>\n<p>A agenda setorial de energia el\u00e9trica e de \u00f3leo e g\u00e1s promete ficar ainda mais movimentada na pr\u00f3xima semana, com a realiza\u00e7\u00e3o da Latam Energy Week, no Rio de Janeiro. Est\u00e3o previstas as presen\u00e7as das principais autoridades p\u00fablicas da \u00e1rea, agentes setoriais, altos executivos, parlamentares, governadores, al\u00e9m do ministro de Minas e Energia, Alexandre Silveira, que j\u00e1 confirmou presen\u00e7a. A programa\u00e7\u00e3o tem in\u00edcio no dia 9 de abril, com o <b>F\u00f3rum Brasileiro de L\u00edderes &#8211; Oil &amp; Gas | FGV Energia<\/b>, no Centro Cultural da FGV, e a primeira edi\u00e7\u00e3o da Premia\u00e7\u00e3o Top of The Year | L\u00edderes em Energia, no Roxy Dinner Show. E nos dias 10 e 11, segue o tradicional <b>F\u00f3rum Brasileiro de L\u00edderes em Energia, powered by Forbes<\/b>, que est\u00e1 em sua terceira edi\u00e7\u00e3o. <\/p>\n<p>Os debates em torno do <b>F\u00f3rum Brasileiro de L\u00edderes &#8211; Oil &amp; Gas<\/b> | FGV Energia devem permear, especialmente, duas das agendas centrais do Minist\u00e9rio de Minas e Energia, as discuss\u00f5es em torno da explora\u00e7\u00e3o da Margem Equatorial e a desconcentra\u00e7\u00e3o do mercado de g\u00e1s no Brasil. Al\u00e9m do ministro Silveira, o evento conta com as presen\u00e7as de nomes de peso como os secret\u00e1rios de Transi\u00e7\u00e3o Energ\u00e9tica do MME, Thiago Barral; e de \u00d3leo e G\u00e1s do MME, Pietro Mendes, o C\u00f4nsul Geral dos Estados Unidos no Brasil, Ryan Rowlands, e a diretora de \u00d3leo &amp; G\u00e1s, EPE, Helo\u00edsa Borges. Tamb\u00e9m est\u00e3o previstas as participa\u00e7\u00f5es da diretora-geral interina da ANP, Patr\u00edcia Baran, e da Diretora de E&amp;P, Petrobras, Sylvia dos Anjos, al\u00e9m de parlamentares aderentes ao setor.<\/p>\n<p>Recentemente, o ministro Silveira declarou que pretende avan\u00e7ar no di\u00e1logo com o Ibama (Instituto Brasileiro do Meio Ambiente e dos Recursos Naturais Renov\u00e1veis) para tratar da licen\u00e7a ambiental para estudar a regi\u00e3o, localizada entre os estados do Amap\u00e1 e Rio Grande do Norte, e \u00e9 considerada a mais nova fronteira explorat\u00f3ria brasileira em \u00e1guas profundas e ultraprofundas. H\u00e1 cerca de cinco anos, a Petrobras tenta, junto ao Ibama, uma licen\u00e7a para estudar o potencial de explora\u00e7\u00e3o de petr\u00f3leo na \u00e1rea, que \u00e9 rica em biodiversidade. \u00c9 grande a expectativa desse pr\u00f3ximo encontro com o Ibama para tratar do tema.<\/p>\n<p>Tamb\u00e9m devem aquecer as discuss\u00f5es do F\u00f3rum Brasileiro de L\u00edderes &#8211; Oil &amp; Gas as iniciativas do MME que visam \u00e0 desconcentra\u00e7\u00e3o do mercado de g\u00e1s natural no Pa\u00eds, com a miss\u00e3o de baixar o pre\u00e7o do insumo para impulsionar a ind\u00fastria e trazer al\u00edvio ao consumidor.<\/p>\n<p>O minist\u00e9rio tem apostado no Gas Release, visando a um mercado mais inteligente, com melhoria de pre\u00e7os e servi\u00e7os. A medida \u00e9 um dos tipos de programas de venda compuls\u00f3ria por meio de leil\u00f5es que devem ser desenhados para dinamizar o processo de introdu\u00e7\u00e3o da concorr\u00eancia na ind\u00fastria do g\u00e1s natural, especialmente nas etapas iniciais de abertura do mercado. <\/p>\n<p>No dia seguinte, o Latam Energy Week segue com o <b>F\u00f3rum Brasileiro de L\u00edderes em Energia<\/b>, powered by Forbes, que est\u00e1 em sua terceira edi\u00e7\u00e3o e se consolidou como o principal evento de refer\u00eancia do setor el\u00e9trico. Em 2025, o evento cresceu e se tornou ainda mais completo, resultando na <b>Latam Energy Week<\/b>. &#8220;Em sua terceira edi\u00e7\u00e3o, o F\u00f3rum Brasileiro de L\u00edderes em Energia est\u00e1 ainda mais abrangente, consolidando-se como uma refer\u00eancia tamb\u00e9m no segmento de Oil &amp; Gas. Com uma programa\u00e7\u00e3o enriquecida e diversas novidades, esta edi\u00e7\u00e3o promete insights valiosos para o setor&#8221;, destaca Marcelo Moraes, CEO da Dominium Produ\u00e7\u00f5es, empresa idealizadora e organizadora da iniciativa. <\/p>\n<p>No F\u00f3rum Brasileiro de L\u00edderes em Energia, os pain\u00e9is e palestras dever\u00e3o permear os diversos temas atuais de olho em uma agenda em comum: uma reforma estruturante do setor el\u00e9trico brasileiro. A expectativa \u00e9 que a medida possa ajudar e endere\u00e7ar parte de solu\u00e7\u00f5es para quest\u00f5es que t\u00eam gerado preocupa\u00e7\u00e3o dos agentes do setor el\u00e9trico, como o curtailment, a separa\u00e7\u00e3o de lastro e energia, novos modelos tarif\u00e1rios, gest\u00e3o de pot\u00eancia do Sistema Interligado Nacional e a revis\u00e3o de subs\u00eddios.  <\/p>\n<p>Com uma curadoria minuciosa, a programa\u00e7\u00e3o contar\u00e1 com pain\u00e9is e palestras que abordar\u00e3o os seguintes temas: <\/p>\n<p>&#8211; O Nordeste como maior polo de investimento do SEB &#8211; A vis\u00e3o dos Governadores com presen\u00e7as confirmadas dos governadores do <b>Rio de Janeiro, Cl\u00e1udio Castro e do Cear\u00e1, Elmano Freitas<\/b>.<br \/>\n&#8211; O novo modelo do Setor El\u00e9trico e seu papel fundamental para a expans\u00e3o;<br \/>\n&#8211; Quais ser\u00e3o os desafios corporativos em ESG com o avan\u00e7o da IA e demais avan\u00e7os tecnol\u00f3gicos;<br \/>\n&#8211; Diversidade, inclus\u00e3o e empoderamento feminino: As novas energias;<br \/>\n&#8211; Cen\u00e1rios pol\u00edtico e macroecon\u00f4mico. <\/p>\n<p>O encerramento conta com tradicional e esperado painel Bras\u00edlia ON FIRE, no qual importantes parlamentares s\u00e3o escalados para debater os principais projetos do Setor El\u00e9trico Brasileiro em discuss\u00e3o no Congresso Nacional.<\/p>\n<p><b>Sobre o Pr\u00eamio Top of The Year | L\u00edderes em Energia<\/b>&#8211; Parte da Latam Energy Week, a premia\u00e7\u00e3o TOP OF THE YEAR | L\u00edderes em Energia, acontece durante um evento exclusivo na noite de 9 de abril, no Roxy Dinner Show. A iniciativa reconhece e homenageia os grandes l\u00edderes que se destacaram do setor de energia no Brasil em 2024, divididos em seis categorias nacionais: <b>Autoridade do Ano<\/b> (Reguladores, Ministros, Secret\u00e1rios e outras lideran\u00e7as do setor p\u00fablico); Executivo do Ano (CEOs, Presidentes e Diretores do setor privado); e Parlamentar do Ano (Deputados e Senadores); <b>Destaques Executivos do Setor | Combust\u00edveis do Futuro<\/b> (executivo ou empresa mais contribuiu para o avan\u00e7o dos combust\u00edveis renov\u00e1veis energias limpas); <b>Destaques Executivos do Setor | Oil&amp;Gas<\/b> (respons\u00e1vel por inova\u00e7\u00f5es tecnol\u00f3gicas ou projetos estrat\u00e9gicos que fortaleceram a ind\u00fastria de petr\u00f3leo e g\u00e1s no Brasil); <b>Destaques Executivos do Setor | Energia El\u00e9trica<\/b> (quem se destacou na lideran\u00e7a de projetos de expans\u00e3o da infraestrutura el\u00e9trica, fontes renov\u00e1veis ou moderniza\u00e7\u00e3o da matriz energ\u00e9tica). <\/p>\n<p>Os vencedores premiados ser\u00e3o definidos a partir de uma pesquisa qualitativa exclusiva aplicada junto a agentes do setor que resultar\u00e1 na forma\u00e7\u00e3o de uma lista tr\u00edplice para cada categoria. Na fase final, os tr\u00eas mais votados disputar\u00e3o o t\u00edtulo em uma \u00faltima rodada de vota\u00e7\u00e3o. <\/p>\n<p>O <b>F\u00f3rum Brasileiro de L\u00edderes em Energia 2025<\/b> conta com os patroc\u00ednios da Eletrobras, Itaipu Binacional,  SPIC Brasil, Hydro, Thopen, BTG Pactual, Norte Energia, State Grid, BBCE, CPFL, Delta, Emae, Eneva, Firjan, ISA Energia, N5X, Renova Energia, Scatec, Siemens, Statkraft e Stima Energia. O parceiro Carbono Neutro \u00e9 da Vibra | Comerc. Conta, ainda, com a parceria institucional do Minist\u00e9rio de Minas e Energia (MME), Ag\u00eancia Nacional de Energia El\u00e9trica (ANEEL), Operador Nacional do Sistema (NOS), Empresa de Pesquisa Energ\u00e9tica (EPE) e a C\u00e2mara de Comercializa\u00e7\u00e3o de Energia El\u00e9trica (CCEE), al\u00e9m do F\u00f3rum das Associa\u00e7\u00f5es do Setor El\u00e9trico (FASE). O Projeto Som &amp; Energia \u00e9 da Light, Secretaria de Cultura e Governo do Rio de Janeiro.<\/p>\n<p><b>Servi\u00e7o<\/b><\/p>\n<p><b>F\u00f3rum Brasileiro de L\u00edderes Oil &amp; Gas | FGV Energia<\/b> (evento presencial restrito para convidados)<br \/>\n<b>Data:<\/b> 9 de abril de 2025<br \/>\n<b>Hor\u00e1rio:<\/b> 9h &#8211; 8h30 (In\u00edcio do credenciamento)<br \/>\n<b>Local e Endere\u00e7o<\/b>: Centro Cultural da FGV &#8211; Acesso pelo Edif\u00edcio Sede da FGV &#8211; Praia de Botafogo, n\u00ba 190 &#8211; Botafogo, Rio de Janeiro &#8211; RJ. <\/p>\n<p><b>F\u00f3rum Brasileiro de L\u00edderes em Energia, powered by Forbes <\/b><br \/>\n<b>Data:<\/b> 10 e 11 de abril de 2025<br \/>\n<b>Hor\u00e1rio:<\/b> 9h &#8211; 8h30 (In\u00edcio do credenciamento)<br \/>\n<b>Local e Endere\u00e7o:<\/b> Hotel Fairmont &#8211; Av. Atl\u00e2ntica, 4240 &#8211; Copacabana, Rio de Janeiro<\/p>\n<p>Mais informa\u00e7\u00f5es no site <a href=\"www.lideresemenergia.com.br\/latam-week\/ \" target=\"_blank\"><u>www.lideresemenergia.com.br\/latam-week\/ <\/u><\/a><\/p>\n","protected":false},"excerpt":{"rendered":"Reforma do setor el\u00e9trico, Margem Equatorial e descentraliza\u00e7\u00e3o do g\u00e1s est\u00e3o entre as principais pautas a serem debatidas em evento com o ministro de Minas e Energia. Latam Energy","protected":false},"author":1,"featured_media":0,"comment_status":"open","ping_status":"closed","sticky":false,"template":"","format":"standard","meta":{"_acf_changed":false,"inline_featured_image":false,"_monsterinsights_skip_tracking":false,"_monsterinsights_sitenote_active":false,"_monsterinsights_sitenote_note":"","_monsterinsights_sitenote_category":0,"footnotes":""},"categories":[130],"tags":[],"class_list":["post-109078","post","type-post","status-publish","format-standard","hentry","category-releases-economia"],"acf":[],"_links":{"self":[{"href":"https:\/\/bluestudio.estadao.com.br\/agencia-de-comunicacao\/wp-json\/wp\/v2\/posts\/109078","targetHints":{"allow":["GET"]}}],"collection":[{"href":"https:\/\/bluestudio.estadao.com.br\/agencia-de-comunicacao\/wp-json\/wp\/v2\/posts"}],"about":[{"href":"https:\/\/bluestudio.estadao.com.br\/agencia-de-comunicacao\/wp-json\/wp\/v2\/types\/post"}],"author":[{"embeddable":true,"href":"https:\/\/bluestudio.estadao.com.br\/agencia-de-comunicacao\/wp-json\/wp\/v2\/users\/1"}],"replies":[{"embeddable":true,"href":"https:\/\/bluestudio.estadao.com.br\/agencia-de-comunicacao\/wp-json\/wp\/v2\/comments?post=109078"}],"version-history":[{"count":0,"href":"https:\/\/bluestudio.estadao.com.br\/agencia-de-comunicacao\/wp-json\/wp\/v2\/posts\/109078\/revisions"}],"wp:attachment":[{"href":"https:\/\/bluestudio.estadao.com.br\/agencia-de-comunicacao\/wp-json\/wp\/v2\/media?parent=109078"}],"wp:term":[{"taxonomy":"category","embeddable":true,"href":"https:\/\/bluestudio.estadao.com.br\/agencia-de-comunicacao\/wp-json\/wp\/v2\/categories?post=109078"},{"taxonomy":"post_tag","embeddable":true,"href":"https:\/\/bluestudio.estadao.com.br\/agencia-de-comunicacao\/wp-json\/wp\/v2\/tags?post=109078"}],"curies":[{"name":"wp","href":"https:\/\/api.w.org\/{rel}","templated":true}]}}