{"id":108392,"date":"2025-03-24T21:13:00","date_gmt":"2025-03-25T00:13:00","guid":{"rendered":"https:\/\/bluestudio.estadao.com.br\/agencia-de-comunicacao\/prnewswire\/prnewsesportes\/afinal-somos-humanos-a-foto-nao-convencional-da-equipe-mostra-o-lado-humano-dos-astros-do-esporte-da-nova-zelandia-promovendo-dialogos-sobre-saude-em-escala-global-2\/"},"modified":"2025-03-24T21:13:00","modified_gmt":"2025-03-25T00:13:00","slug":"afinal-somos-humanos-a-foto-nao-convencional-da-equipe-mostra-o-lado-humano-dos-astros-do-esporte-da-nova-zelandia-promovendo-dialogos-sobre-saude-em-escala-global-2","status":"publish","type":"post","link":"https:\/\/bluestudio.estadao.com.br\/agencia-de-comunicacao\/prnewswire\/prnewsesportes\/afinal-somos-humanos-a-foto-nao-convencional-da-equipe-mostra-o-lado-humano-dos-astros-do-esporte-da-nova-zelandia-promovendo-dialogos-sobre-saude-em-escala-global-2\/","title":{"rendered":"AFINAL, SOMOS HUMANOS: A FOTO N\u00c3O CONVENCIONAL DA EQUIPE MOSTRA O LADO HUMANO DOS ASTROS DO ESPORTE DA NOVA ZEL\u00c2NDIA, PROMOVENDO DI\u00c1LOGOS SOBRE SA\u00daDE EM ESCALA GLOBAL"},"content":{"rendered":"<div class=\"xn-content\">\n<ul type=\"disc\">\n<li>\u00cdcones e estrelas em ascens\u00e3o do rugby ? como <b><span class=\"xn-person\">Ruby Tui<\/span><\/b>, <b><span class=\"xn-person\">Aaron Cruden<\/span><\/b>, <b><span class=\"xn-person\">Maia Roos<\/span>, <span class=\"xn-person\">Codie Taylor<\/span><\/b>, <b>Tamaiti Williams<\/b>, <b>Sir <span class=\"xn-person\">John Kirwan<\/span><\/b> e <b>Piri Weepu<\/b> ? se juntam em uma s\u00e9rie de fotos impactantes que revelam experi\u00eancias pessoais para inspirar di\u00e1logos transparentes sobre sa\u00fade e bem-estar em escala global.<\/li>\n<li>Suas hist\u00f3rias exploram a maternidade, a perda, a resili\u00eancia, o repouso, o c\u00e2ncer, o derrame, o diabetes tipo 1, a depress\u00e3o e a ansiedade, lan\u00e7ando luz sobre os aspectos f\u00edsicos, mentais, emocionais e espirituais do bem-estar.<\/li>\n<li>Esta campanha comovente \u00e9 baseada em uma pesquisa global que revela que 71% dos jovens de 18 a 44 anos acreditam que \u00eddolos podem inspirar transforma\u00e7\u00f5es positivas na sa\u00fade.<\/li>\n<\/ul>\n<p><b>Conte\u00fados adicionais, como v\u00eddeos de bastidores e as hist\u00f3rias completas dos atletas, est\u00e3o dispon\u00edveis<\/b>\u00a0<b><a href=\"https:\/\/www.dropbox.com\/scl\/fo\/lq8ryd0qbfk3ywh1o969r\/AGLoMAdVlsvqMqCbnUmxKSU?rlkey=plvby4m4ldbscjahcfzt8tsv1&amp;st=dfu29qjy&amp;dl=0\" target=\"_blank\" rel=\"nofollow\">AQUI<\/a><\/b><\/p>\n<p><span class=\"legendSpanClass\">LONDRES<\/span>, <span class=\"legendSpanClass\">24 de mar\u00e7o de 2025<\/span> \/PRNewswire\/ &#8212; A Care Plus, parceira oficial de sa\u00fade do All Blacks e da Black Ferns, lan\u00e7ou <i>Human After All<\/i>: <i>The Alternative Team Photo<\/i> (Afinal, Somos Humanos: A Foto N\u00e3o Convencional da Equipe), uma s\u00e9rie de fotos impactantes que mostra as experi\u00eancias pessoais de sa\u00fade e bem-estar das estrelas do rugby da Nova Zel\u00e2ndia. Com um visual arrojado, essa campanha in\u00e9dita destaca as experi\u00eancias dos grandes nomes do esporte, quebrando estigmas e incentivando di\u00e1logos sobre sa\u00fade e qualidade de vida em todo o mundo.<\/p>\n<div id=\"prni_dvprnejpg6c18left\" dir=\"ltr\" style=\"width: 100%;text-align: left\"><img decoding=\"async\" id=\"prnejpg6c18left\" title=\"Credit: Steven Boniface: The Alternative Team photo featuring current and former players from the All Blacks, All Blacks Sevens, Black Ferns and Black Ferns Sevens\" src=\"https:\/\/mma.prnewswire.com\/media\/2646684\/Bupa_Players.jpg\" alt=\"Credit: Steven Boniface: The Alternative Team photo featuring current and former players from the All Blacks, All Blacks Sevens, Black Ferns and Black Ferns Sevens\" align=\"middle\" \/><\/div>\n<p>Unindo atletas do passado e do presente dos internacionalmente renomados All Blacks, All Black Sevens, Black Ferns e Black Ferns Sevens, a campanha segue uma pesquisa global da Care Plus \u00a0que revela que 71% dos jovens adultos (18 a 44 anos) acreditam que modelos podem inspirar mudan\u00e7as positivas na sa\u00fade.<\/p>\n<p>Cada jogador(a) \u00e9 retratado(a) n\u00e3o apenas como atleta, mas como uma pessoa, com uma palavra escolhida por cada um deles para representar sua trajet\u00f3ria de sa\u00fade e bem-estar ? incluindo depress\u00e3o, ansiedade, perdas, AVC, c\u00e2ncer e diabetes ? mostrada de forma pessoal, revelando o ser humano por tr\u00e1s da camisa.<\/p>\n<p><b><span class=\"xn-person\">Ruby Tui<\/span>, integrante atual da Black Ferns (n.\u00ba 235), medalhista de ouro ol\u00edmpico em 2020 e campe\u00e3 da Copa do <span class=\"xn-person\">Mundo de<\/span> 2021, comentou<\/b>: <i>&#8220;Como atleta de alto rendimento, voc\u00ea est\u00e1 sempre sob os holofotes, mas a parte humana, aquela que existe al\u00e9m do campo, muitas vezes passa despercebida, mesmo sendo t\u00e3o essencial para n\u00f3s como seres humanos. Espero que essa iniciativa da Care Plus \u00a0mostre o quanto nossas trajet\u00f3rias pessoais de sa\u00fade e bem-estar s\u00e3o importantes e inspire mais pessoas a priorizar sua sa\u00fade, falando sobre o tema de forma franca e transparente.&#8221;<\/i><\/p>\n<p>Entre as hist\u00f3rias apresentadas, o vencedor da Copa do <span class=\"xn-person\">Mundo de<\/span> 2011 <b><span class=\"xn-person\">Aaron Cruden<\/span><\/b> reflete sobre sua batalha contra o c\u00e2ncer de test\u00edculo, enquanto <b>Maiakawanakaulani Roos<\/b>, a mais jovem capit\u00e3 dos Black Ferns, fala sobre como a perda pessoal durante o ensino m\u00e9dio moldou sua abordagem ao trabalho em equipe e \u00e0 lideran\u00e7a. As hist\u00f3rias completas, assim como as biografias, est\u00e3o dispon\u00edveis abaixo.<\/p>\n<p>Para complementar essas narrativas pessoais, <b><span class=\"xn-person\">Iain Saunders<\/span><\/b>, treinador de habilidades mentais dos Black Ferns, compartilha cinco li\u00e7\u00f5es importantes que podem afetar positivamente a sa\u00fade f\u00edsica e mental de atletas e n\u00e3o atletas:<\/p>\n<ol type=\"1\">\n<li><b>Enfrentem os desafios como equipe:<\/b> a excel\u00eancia n\u00e3o \u00e9 algo que se conquista sozinho, e os desafios pessoais tamb\u00e9m n\u00e3o devem ser enfrentados sozinhos. As melhores equipes prosperam com conex\u00e3o, experi\u00eancias compartilhadas e energia coletiva. Conte com sua equipe e esteja l\u00e1 para apoi\u00e1-la tamb\u00e9m.<\/li>\n<li><b>O bem-estar \u00e9 inegoci\u00e1vel:<\/b> as equipes de alto desempenho n\u00e3o vencem campeonatos se estiverem esgotadas. Os melhores atletas do mundo tratam seus corpos e mentes como prioridades, n\u00e3o como algo secund\u00e1rio. Nunca \u00e9 tarde para criar h\u00e1bitos fortes e saud\u00e1veis.<\/li>\n<li><b>A sa\u00fade<\/b> <b>impulsiona a performance:<\/b> estar em boa forma f\u00edsica, com sa\u00fade e mente agu\u00e7ada n\u00e3o \u00e9 um luxo, \u00e9 a base do sucesso. Quando voc\u00ea se cuida, voc\u00ea n\u00e3o s\u00f3 enfrenta a rotina exaustiva, mas a supera com maestria.<\/li>\n<li><b>Recupere-se como um profissional: <\/b>n\u00e3o d\u00e1 para estar sempre no limite. Os melhores atletas sabem a hora de acelerar e a hora de pisar no freio. Dormir bem, se alimentar direito e fazer uma recupera\u00e7\u00e3o ativa n\u00e3o s\u00e3o detalhes, mas o que garantem seu bem-estar a longo prazo.<\/li>\n<li><b>Foque no agora:<\/b> o presente \u00e9 onde a magia acontece. Treine para se manter no aqui e agora. Entenda seu corpo, escute sua mente econtrole o que voc\u00ea pode controlar.<\/li>\n<\/ol>\n<p><b><span class=\"xn-person\">Fiona Bosman<\/span>, diretora de marca global do Grupo Care Plus, comentou:\u00a0<\/b><i>&#8220;Afinal, Somos Humanos \u00e9 um lembrete importante de que todos n\u00f3s passamos por altos e baixos na sa\u00fade e no bem-estar, e os atletas de elite n\u00e3o s\u00e3o exce\u00e7\u00e3o. Somos muito gratos a todos que participaram, compartilhando suas hist\u00f3rias para ajudar a eliminar os estigmas de falar sobre quest\u00f5es de sa\u00fade.<\/i> <\/p>\n<p><i>Para a Care Plus, falar sobre sa\u00fade faz bem, seja ao consultar um m\u00e9dico, interagir com uma comunidade ou at\u00e9 mesmo desabafar com um amigo. Este \u00e9 apenas o come\u00e7o de uma s\u00e9rie de iniciativas que realizaremos este ano com a campanha Hist\u00f3rias de Sa\u00fade, com o objetivo de inspirar mais conversas saud\u00e1veis sobre sa\u00fade ao redor do mundo.&#8221;<\/i><\/p>\n<p>Acesse <a href=\"https:\/\/www.bupa.com\/\" target=\"_blank\" rel=\"nofollow\">Bupa.com<\/a> para saber mais sobre os atletas e suas hist\u00f3rias, e confira tamb\u00e9m um making-of exclusivo com entrevistas dos atletas sobre o impacto da mensagem de Afinal, Somos Humanos: A Foto N\u00e3o Convencional da Equipe.<\/p>\n<p><b> <u>Observa\u00e7\u00f5es aos editores<\/u> <\/b><\/p>\n<p><b>Os conte\u00fados adicionais est\u00e3o dispon\u00edveis<\/b> <b><u>AQUI<\/u><\/b><\/p>\n<p><b>Sobre a Care Plus\u00a0<br \/><\/b>Fundada em 1947, o prop\u00f3sito da Care Plus\u00a0\u00e9 ajudar as pessoas a terem uma vida mais longa, mais saud\u00e1vel e mais feliz e a criar um mundo melhor. Somos uma empresa internacional de sa\u00fade que atende mais de 60 milh\u00f5es de clientes em todo o mundo. Como n\u00e3o temos acionistas, reinvestimos os lucros em melhorias e expans\u00f5es na \u00e1rea da sa\u00fade, beneficiando tanto os clientes atuais quanto os futuros. A Care Plus\u00a0tem neg\u00f3cios em todo o mundo, principalmente na Austr\u00e1lia, Reino Unido, Espanha, Pol\u00f4nia, <span class=\"xn-location\">Chile<\/span>, <span class=\"xn-location\">Hong Kong<\/span> (RAE), \u00cdndia, Turquia, Brasil, M\u00e9xico e Nova Zel\u00e2ndia. Tamb\u00e9m temos empresas associadas na Ar\u00e1bia Saudita. Para obter mais informa\u00e7\u00f5es, acesse\u00a0<a href=\"https:\/\/www.bupa.com\/\" target=\"_blank\" rel=\"nofollow\">www.bupa.com.<\/a><\/p>\n<p><b>Sobre o Rugby da Nova Zel\u00e2ndia<br \/><\/b>A New Zealand Rugby (NZR) busca inspirar e unir as pessoas por meio do r\u00fagbi. Desde 1892, a NZR liderou, apoiou e desenvolveu o esporte nacional da Nova Zel\u00e2ndia em todos os n\u00edveis. Desde a garantia de que o r\u00fagbi esteja no centro das comunidades neozelandesas at\u00e9 competi\u00e7\u00f5es e conte\u00fados envolventes e centrados nos torcedores, nossas equipes* representam a Nova Zel\u00e2ndia com garra, e nossa meta \u00e9 sermos l\u00edderes mundiais dentro e fora do campo. Somos guiados por nossos valores do Rugby Way, que garantem que colocamos o esporte e as pessoas que o amam no centro de tudo o que fazemos.\u00a0<i>*As equipes da NZR incluem os All Blacks, Black Ferns, All Blacks Sevens, Black Ferns Sevens, M?ori All Blacks, All Blacks XV e a sele\u00e7\u00e3o Sub-20 da Nova Zel\u00e2ndia.\u00a0\u00a0<\/i><\/p>\n<p><b>Sobre Steven Boniface<br \/><\/b><span class=\"xn-person\">Steve Boniface<\/span> \u00e9 um fot\u00f3grafo radicado em <span class=\"xn-location\">Wellington<\/span>, famoso por criar fotografias e filmes impressionantes, expressivos e com uma composi\u00e7\u00e3o impec\u00e1vel. Inspirado por todas as formas de cultura visual, seu trabalho tem um forte foco nas pessoas, capturando sua ess\u00eancia com ilumina\u00e7\u00e3o, humor e atmosfera cuidadosamente elaborados. Com uma abordagem meticulosa da personalidade e do estilo visual, o trabalho de Steve foi reconhecido com pr\u00eamios na Nova Zel\u00e2ndia e internacionalmente.<\/p>\n<p>Foto: <a href=\"https:\/\/mma.prnewswire.com\/media\/2646684\/Bupa_Players.jpg\" target=\"_blank\" rel=\"nofollow\">https:\/\/mma.prnewswire.com\/media\/2646684\/Bupa_Players.jpg<\/a><br \/>Foto: <a href=\"https:\/\/mma.prnewswire.com\/media\/2646685\/Bupa_Trio.jpg\" target=\"_blank\" rel=\"nofollow\">https:\/\/mma.prnewswire.com\/media\/2646685\/Bupa_Trio.jpg<\/a><br \/>Foto: <a href=\"https:\/\/mma.prnewswire.com\/media\/2646686\/Bupa_AllBlacks_AllBlacksSevens.jpg\" target=\"_blank\" rel=\"nofollow\">https:\/\/mma.prnewswire.com\/media\/2646686\/Bupa_AllBlacks_AllBlacksSevens.jpg<\/a><br \/>Foto: <a href=\"https:\/\/mma.prnewswire.com\/media\/2646687\/Bupa_BlackFerns_BlackFernsSevens.jpg\" target=\"_blank\" rel=\"nofollow\">https:\/\/mma.prnewswire.com\/media\/2646687\/Bupa_BlackFerns_BlackFernsSevens.jpg<\/a><br \/>Logotipo: <a href=\"https:\/\/mma.prnewswire.com\/media\/2647171\/Bupa_Logo.jpg\" target=\"_blank\" rel=\"nofollow\">https:\/\/mma.prnewswire.com\/media\/2647171\/Bupa_Logo.jpg<\/a>\u00a0<\/p>\n<div id=\"prni_dvprnejpg5c5fleft\" dir=\"ltr\" style=\"width: 100%;text-align: left\"><img decoding=\"async\" id=\"prnejpg5c5fleft\" title=\"Credit: Steven Boniface: Left to right: Layla Sae, Codie Taylor and Sir John Kirwan\" src=\"https:\/\/mma.prnewswire.com\/media\/2646685\/Bupa_Trio.jpg\" alt=\"Credit: Steven Boniface: Left to right: Layla Sae, Codie Taylor and Sir John Kirwan\" align=\"middle\" \/><\/div>\n<p>\u00a0<\/p>\n<div id=\"prni_dvprnejpgdb9fleft\" dir=\"ltr\" style=\"width: 100%;text-align: left\"><img decoding=\"async\" id=\"prnejpgdb9fleft\" title=\"Credit: Steven Boniface: Former and current All Blacks and All Blacks Sevens players that are part of the campaign\" src=\"https:\/\/mma.prnewswire.com\/media\/2646686\/Bupa_AllBlacks_AllBlacksSevens.jpg\" alt=\"Credit: Steven Boniface: Former and current All Blacks and All Blacks Sevens players that are part of the campaign\" align=\"middle\" \/><\/div>\n<p>\u00a0<\/p>\n<div id=\"prni_dvprnejpg7158left\" dir=\"ltr\" style=\"width: 100%;text-align: left\"><img decoding=\"async\" id=\"prnejpg7158left\" title=\"Credit: Steven Boniface: Current Black Ferns and Black Ferns Sevens players that are part of the campaign\" src=\"https:\/\/mma.prnewswire.com\/media\/2646687\/Bupa_BlackFerns_BlackFernsSevens.jpg\" alt=\"Credit: Steven Boniface: Current Black Ferns and Black Ferns Sevens players that are part of the campaign\" align=\"middle\" \/><\/div>\n<p>\u00a0<\/p>\n<div id=\"prni_dvprnejpg5daaleft\" dir=\"ltr\" style=\"width: 100%;text-align: left\"><img decoding=\"async\" id=\"prnejpg5daaleft\" title=\"Bupa Logo\" src=\"https:\/\/mma.prnewswire.com\/media\/2647171\/Bupa_Logo.jpg\" alt=\"Bupa Logo\" align=\"middle\" \/><\/div>\n<p>\u00a0<\/p>\n<p id=\"PURL\"><img loading=\"lazy\" decoding=\"async\" title=\"Cision\" width=\"12\" height=\"12\" alt=\"Cision\" src=\"https:\/\/c212.net\/c\/img\/favicon.png?sn=PT46370&amp;sd=2025-03-24\" \/> View original content:<a id=\"PRNURL\" rel=\"nofollow\" href=\"https:\/\/www.prnewswire.com\/br\/comunicados-para-a-imprensa\/afinal-somos-humanos-a-foto-nao-convencional-da-equipe-mostra-o-lado-humano-dos-astros-do-esporte-da-nova-zelandia-promovendo-dialogos-sobre-saude-em-escala-global-302409489.html\" target=\"_blank\">https:\/\/www.prnewswire.com\/br\/comunicados-para-a-imprensa\/afinal-somos-humanos-a-foto-nao-convencional-da-equipe-mostra-o-lado-humano-dos-astros-do-esporte-da-nova-zelandia-promovendo-dialogos-sobre-saude-em-escala-global-302409489.html<\/a><\/p>\n<p>FONTE  Bupa<\/p>\n<\/div>\n<p><img decoding=\"async\" alt=\"\" src=\"https:\/\/rt.prnewswire.com\/rt.gif?NewsItemId=PT46370&amp;Transmission_Id=202503242001PR_NEWS_LATAM____PT46370&amp;DateId=20250324\" style=\"border:0px;width:1px;height:1px\" \/><\/p>\n<p>A <b>OESP<\/b> n\u00e3o \u00e9(s\u00e3o) respons\u00e1vel(is) por erros, incorre\u00e7\u00f5es, atrasos ou quaisquer decis\u00f5es tomadas por seus clientes com base nos Conte\u00fados ora disponibilizados, bem como tais Conte\u00fados n\u00e3o representam a opini\u00e3o da <b>OESP<\/b> e s\u00e3o de inteira responsabilidade da <b>PR Newswire Ltda<\/b><\/p>\n","protected":false},"excerpt":{"rendered":"A Care Plus, parceira oficial de sa\u00fade do All Blacks e da Black Ferns, lan\u00e7ou Human After All: The Alternative Team Photo (Afinal, Somos Humanos: A Foto N\u00e3o Convenci","protected":false},"author":1,"featured_media":0,"comment_status":"open","ping_status":"closed","sticky":false,"template":"","format":"standard","meta":{"_acf_changed":false,"inline_featured_image":false,"_monsterinsights_skip_tracking":false,"_monsterinsights_sitenote_active":false,"_monsterinsights_sitenote_note":"","_monsterinsights_sitenote_category":0,"footnotes":""},"categories":[30],"tags":[],"class_list":["post-108392","post","type-post","status-publish","format-standard","hentry","category-prnewsesportes"],"acf":[],"_links":{"self":[{"href":"https:\/\/bluestudio.estadao.com.br\/agencia-de-comunicacao\/wp-json\/wp\/v2\/posts\/108392","targetHints":{"allow":["GET"]}}],"collection":[{"href":"https:\/\/bluestudio.estadao.com.br\/agencia-de-comunicacao\/wp-json\/wp\/v2\/posts"}],"about":[{"href":"https:\/\/bluestudio.estadao.com.br\/agencia-de-comunicacao\/wp-json\/wp\/v2\/types\/post"}],"author":[{"embeddable":true,"href":"https:\/\/bluestudio.estadao.com.br\/agencia-de-comunicacao\/wp-json\/wp\/v2\/users\/1"}],"replies":[{"embeddable":true,"href":"https:\/\/bluestudio.estadao.com.br\/agencia-de-comunicacao\/wp-json\/wp\/v2\/comments?post=108392"}],"version-history":[{"count":0,"href":"https:\/\/bluestudio.estadao.com.br\/agencia-de-comunicacao\/wp-json\/wp\/v2\/posts\/108392\/revisions"}],"wp:attachment":[{"href":"https:\/\/bluestudio.estadao.com.br\/agencia-de-comunicacao\/wp-json\/wp\/v2\/media?parent=108392"}],"wp:term":[{"taxonomy":"category","embeddable":true,"href":"https:\/\/bluestudio.estadao.com.br\/agencia-de-comunicacao\/wp-json\/wp\/v2\/categories?post=108392"},{"taxonomy":"post_tag","embeddable":true,"href":"https:\/\/bluestudio.estadao.com.br\/agencia-de-comunicacao\/wp-json\/wp\/v2\/tags?post=108392"}],"curies":[{"name":"wp","href":"https:\/\/api.w.org\/{rel}","templated":true}]}}