{"id":107960,"date":"2025-03-16T12:27:00","date_gmt":"2025-03-16T15:27:00","guid":{"rendered":"https:\/\/bluestudio.estadao.com.br\/agencia-de-comunicacao\/releases\/releases-geral\/cgtn-apos-dois-anos-iniciativa-de-civilizacao-global-da-china-ganha-maior-relevancia-em-um-mundo-turbulento\/"},"modified":"2025-03-16T12:27:00","modified_gmt":"2025-03-16T15:27:00","slug":"cgtn-apos-dois-anos-iniciativa-de-civilizacao-global-da-china-ganha-maior-relevancia-em-um-mundo-turbulento","status":"publish","type":"post","link":"https:\/\/bluestudio.estadao.com.br\/agencia-de-comunicacao\/releases\/releases-geral\/cgtn-apos-dois-anos-iniciativa-de-civilizacao-global-da-china-ganha-maior-relevancia-em-um-mundo-turbulento\/","title":{"rendered":"CGTN: Ap\u00f3s dois anos, Iniciativa de Civiliza\u00e7\u00e3o Global da China ganha maior relev\u00e2ncia em um mundo turbulento"},"content":{"rendered":"<p align=\"justify\"><em>A CGTN publicou um artigo sobre o segundo anivers\u00e1rio da Iniciativa de Civiliza\u00e7\u00e3o Global da China proposta pelo presidente chin\u00eas Xi Jinping, que se tornou mais relevante do que nunca em meio \u00e0 incerteza, turbul\u00eancia e divis\u00e3o nos tempos atuais. O artigo sobre os esfor\u00e7os da China para praticar a iniciativa e os insights fornecidos por especialistas e estudiosos, enfatizou que o respeito da China pela diversidade das civiliza\u00e7\u00f5es torna o pa\u00eds um importante modelo para a promo\u00e7\u00e3o da paz e estabilidade em todo o mundo.<\/em><\/p>\n<p align=\"justify\">PEQUIM, March  16, 2025  (GLOBE NEWSWIRE) &#8212; H\u00e1 dois anos, o presidente chin\u00eas Xi Jinping introduziu a Iniciativa de Civiliza\u00e7\u00e3o Global (Global Civilization Initiative &#8211; GCI), pedindo respeito \u00e0 diversidade cultural, promo\u00e7\u00e3o de valores humanos comuns, preserva\u00e7\u00e3o e inova\u00e7\u00e3o das civiliza\u00e7\u00f5es e interc\u00e2mbios internacionais mais fortes entre pessoas.<\/p>\n<p align=\"justify\">No mundo de hoje, a iniciativa tornou-se mais relevante do que nunca em meio \u00e0s incertezas, turbul\u00eancias e divis\u00f5es.<\/p>\n<p align=\"justify\">Diante das crescentes tend\u00eancias antiglobaliza\u00e7\u00e3o, Elias Jabbour, professor da Faculdade de Ci\u00eancias Econ\u00f4micas da Universidade do Estado do Rio de Janeiro, destacou a crescente import\u00e2ncia da GCI. Ele disse que a abordagem inclusiva da China \u00e0 diversidade \u00e9 um exemplo para o mundo. Em um momento em que algumas na\u00e7\u00f5es autoproclamadas &#8220;civilizadas&#8221; est\u00e3o impondo deporta\u00e7\u00f5es e repatria\u00e7\u00f5es em massa, a \u00eanfase da China no respeito m\u00fatuo e no interc\u00e2mbio cultural est\u00e1 em n\u00edtido contraste, disse o professor, enquanto elogia a GCI por defender a coexist\u00eancia de diversas civiliza\u00e7\u00f5es sem impor os valores de uma na\u00e7\u00e3o a outra.<\/p>\n<p align=\"justify\">Guiando o mundo em dire\u00e7\u00e3o \u00e0 paz<\/p>\n<p align=\"justify\">Quando Xi prop\u00f4s a GCI na Reuni\u00e3o de Alto N\u00edvel do Di\u00e1logo com os Partidos Pol\u00edticos Mundiais do PCC em mar\u00e7o de 2023, ele citou um prov\u00e9rbio chin\u00eas: &#8220;Uma \u00fanica flor n\u00e3o faz a primavera, mas cem flores florindo levam a primavera para o jardim&#8221;, destacando a vitalidade da diversidade cultural e a necessidade de abra\u00e7ar v\u00e1rias civiliza\u00e7\u00f5es na cria\u00e7\u00e3o de um mundo harmonioso.<\/p>\n<p align=\"justify\">&#8220;Os pa\u00edses precisam defender os princ\u00edpios de igualdade, aprendizado m\u00fatuo, di\u00e1logo e inclus\u00e3o entre as civiliza\u00e7\u00f5es e permitir que os interc\u00e2mbios culturais transcendam a aliena\u00e7\u00e3o, o aprendizado m\u00fatuo transcenda os confrontos e a coexist\u00eancia transcenda os sentimentos de superioridade&#8221;, disse Xi.<\/p>\n<p align=\"justify\">O compromisso da China com o di\u00e1logo da civiliza\u00e7\u00e3o foi reconhecido no final de junho, quando a ONU adotou uma resolu\u00e7\u00e3o proposta pela China, designando 10 de junho como o Dia Internacional do Di\u00e1logo entre as Civiliza\u00e7\u00f5es. O enviado chin\u00eas \u00e0 ONU, Fu Cong, afirmou que esta iniciativa busca reorientar a aten\u00e7\u00e3o global para o di\u00e1logo intercultural em uma &#8220;conjuntura cr\u00edtica&#8221;.<\/p>\n<p align=\"justify\">Quando olhamos para o mundo, observamos muitas disputas, muitos conflitos e at\u00e9 guerras. E tamb\u00e9m h\u00e1 uma onda de intoler\u00e2ncia, extremismo e populismo. Tudo isso pode encontrar suas ra\u00edzes nas diferen\u00e7as ou na falta de compreens\u00e3o entre culturas e religi\u00f5es&#8221;, disse Fu.<\/p>\n<p align=\"justify\">Uma pesquisa da CGTN com 15.574 pessoas em 40 pa\u00edses e regi\u00f5es publicada em mar\u00e7o de 2023, revelou que 80,3% veem v\u00e1rias civiliza\u00e7\u00f5es como ben\u00e9ficas para o desenvolvimento global, 85% acreditam na cria\u00e7\u00e3o de um futuro compartilhado por meio da toler\u00e2ncia e da coopera\u00e7\u00e3o, enquanto 89,6% pedem maior di\u00e1logo e abertura, e at\u00e9 93,7% nos pa\u00edses em desenvolvimento.<\/p>\n<p align=\"justify\">As a\u00e7\u00f5es falam mais alto do que as palavras<\/p>\n<p align=\"justify\">A China, al\u00e9m de defensora tamb\u00e9m \u00e9 uma verdadeira praticante.<\/p>\n<p align=\"justify\">Em novembro de 2023, Pequim sediou a primeira Confer\u00eancia Mundial de Cl\u00e1ssicos, onde mais de 400 especialistas participaram de discuss\u00f5es sobre civiliza\u00e7\u00f5es cl\u00e1ssicas. A confer\u00eancia foi uma plataforma para incentivar as na\u00e7\u00f5es a extrair a sabedoria das tradi\u00e7\u00f5es antigas, promovendo uma maior compreens\u00e3o m\u00fatua. Desde ent\u00e3o, a China organizou f\u00f3runs internacionais, como o F\u00f3rum Nishan sobre Civiliza\u00e7\u00f5es Mundiais e a Confer\u00eancia Internacional de L\u00edngua Chinesa, que re\u00fane estudiosos, formuladores de pol\u00edticas e especialistas culturais para explorar valores compartilhados.<\/p>\n<p align=\"justify\">A preserva\u00e7\u00e3o cultural \u00e9 um dos principais aspectos do compromisso da China com a iniciativa. O Eixo Central de Pequim, um complexo arquitet\u00f4nico hist\u00f3rico que remonta \u00e0 Dinastia Yuan (1271-1368), foi oficialmente designado como Patrim\u00f4nio Mundial da UNESCO em 2024. No mesmo ano, o Festival Chin\u00eas da Primavera foi adicionado \u00e0 Lista Representativa do Patrim\u00f4nio Cultural Imaterial da Humanidade da UNESCO. Esses marcos destacam a dedica\u00e7\u00e3o da China em salvaguardar e promover seu rico legado cultural no cen\u00e1rio global.<\/p>\n<p align=\"justify\">O pa\u00eds vem explorando e promovendo ativamente elementos da cultura tradicional chinesa, levando seu charme para o cen\u00e1rio global. Desde o filme de anima\u00e7\u00e3o Ne Zha 2 alcan\u00e7ando o topo das bilheterias globais de filmes de anima\u00e7\u00e3o, at\u00e9 o videogame Black Myth: Com Wukong ganhando popularidade internacional e o drama de dan\u00e7a Wing Chun se tornando um grande sucesso nos mercados estrangeiros, a China est\u00e1 continuamente inovando sua heran\u00e7a cultural.<\/p>\n<p align=\"justify\">Tamb\u00e9m fez esfor\u00e7os para fortalecer os interc\u00e2mbios interpessoais. No ano passado, grupos de estudantes de cidades como Dallas, Houston, Nova York e S\u00e3o Francisco viajaram para a China para visitar universidades, empresas e marcos emblem\u00e1ticos, seguindo o compromisso do presidente Xi de 2023 de convidar 50.000 alunos ao longo de cinco anos. Nos \u00faltimos anos, a China coorganizou &#8220;Anos de Turismo&#8221; com v\u00e1rios pa\u00edses para promover o interc\u00e2mbio cultural. No final de 2024 a China j\u00e1 havia expandido sua pol\u00edtica de isen\u00e7\u00e3o de visto para 29 pa\u00edses, incluindo Fran\u00e7a, Alemanha e It\u00e1lia, facilitando maiores conex\u00f5es globais.<\/p>\n<p><strong><em>Para mais informa\u00e7\u00f5es, visite:<\/em><\/strong><br \/><a href=\"https:\/\/www.globenewswire.com\/Tracker?data=aFz0DydyroTBeaw7TBgPBZkUATePAD_PlotU6tfCW4Bqs9CoL48QHnlB3f4b0eafPAXrK_rq-V-oCV5DAvAdVgtU4gAOLHFzXxzylC3c1YOYZqABORwy-_f4skKxKS-IvJXmrm2WTkA7-fYKJ5UMwx1ulejVlsyKTDDIrXBnH0iJwgFVD7OrmiaRlCI8GB5Bgfyaaphdb3TlTYWFqSdnJkoN-J_kXnbabvZYB1IxbXt7wDW4XhMTMUlFQJZJJ7ItfcL9RexPbdNAxk-8EMVbVU-vtvp6M4476Hkx3NLza7GV1rAoAKCnJpOBK8Q55m6h0sfSHdxZfUHYQnmuKpFmXAqv5LZKBhbl371uWdnXi2g=\" rel=\"nofollow\" target=\"_blank\"><strong><em>https:\/\/news.cgtn.com\/news\/2025-03-15\/Two-years-on-China-s-GCI-becomes-more-vital-in-turbulent-times-1BL2FHhmmaY\/p.html<\/em><\/strong><\/a><\/p>\n<p>Email: cgtn@cgtn.com<\/p>\n<p> <img decoding=\"async\" alt=\"\" class=\"__GNW8366DE3E__IMG\" src=\"https:\/\/www.globenewswire.com\/newsroom\/ti?nf=OTM5NTIxNyM2ODA3OTYxIzIyODkzNjA=\" \/> <br \/><img decoding=\"async\" alt=\"\" src=\"https:\/\/ml.globenewswire.com\/media\/ZWUwYTVkMjgtNWE4Yy00MzYzLTgyN2QtNGU4YzBmNzBmYzExLTEzMDA5MTAtMjAyNS0wMy0xNi1wdA==\/tiny\/China-Global-Television-Networ.png\" \/><br \/>\n<a href=\"https:\/\/www.globenewswire.com\/NewsRoom\/AttachmentNg\/e9cbceb3-c3bb-4ab8-a24f-afc81aa7edf8\"><img loading=\"lazy\" decoding=\"async\" src=\"https:\/\/ml.globenewswire.com\/media\/e9cbceb3-c3bb-4ab8-a24f-afc81aa7edf8\/small\/logo-png.png\" border=\"0\" width=\"150\" height=\"150\" alt=\"Primary Logo\" \/><\/a><\/p>\n<p>A <b>OESP<\/b> nao e(sao) responsavel(is) por erros, incorrecoes, atrasos ou quaisquer decisoes tomadas por seus clientes com base nos Conteudos ora disponibilizados, bem como tais Conteudos nao representam a opiniao da <b>OESP<\/b> e sao de inteira responsabilidade da <b>GlobeNewswire<\/b><\/p>\n","protected":false},"excerpt":{"rendered":"A CGTN publicou um artigo sobre o segundo anivers\u00e1rio da Iniciativa de Civiliza\u00e7\u00e3o Global da China proposta pelo presidente chin\u00eas Xi Jinping, que se torn","protected":false},"author":1,"featured_media":0,"comment_status":"open","ping_status":"closed","sticky":false,"template":"","format":"standard","meta":{"_acf_changed":false,"inline_featured_image":false,"_monsterinsights_skip_tracking":false,"_monsterinsights_sitenote_active":false,"_monsterinsights_sitenote_note":"","_monsterinsights_sitenote_category":0,"footnotes":""},"categories":[34],"tags":[],"class_list":["post-107960","post","type-post","status-publish","format-standard","hentry","category-releases-geral"],"acf":[],"_links":{"self":[{"href":"https:\/\/bluestudio.estadao.com.br\/agencia-de-comunicacao\/wp-json\/wp\/v2\/posts\/107960","targetHints":{"allow":["GET"]}}],"collection":[{"href":"https:\/\/bluestudio.estadao.com.br\/agencia-de-comunicacao\/wp-json\/wp\/v2\/posts"}],"about":[{"href":"https:\/\/bluestudio.estadao.com.br\/agencia-de-comunicacao\/wp-json\/wp\/v2\/types\/post"}],"author":[{"embeddable":true,"href":"https:\/\/bluestudio.estadao.com.br\/agencia-de-comunicacao\/wp-json\/wp\/v2\/users\/1"}],"replies":[{"embeddable":true,"href":"https:\/\/bluestudio.estadao.com.br\/agencia-de-comunicacao\/wp-json\/wp\/v2\/comments?post=107960"}],"version-history":[{"count":0,"href":"https:\/\/bluestudio.estadao.com.br\/agencia-de-comunicacao\/wp-json\/wp\/v2\/posts\/107960\/revisions"}],"wp:attachment":[{"href":"https:\/\/bluestudio.estadao.com.br\/agencia-de-comunicacao\/wp-json\/wp\/v2\/media?parent=107960"}],"wp:term":[{"taxonomy":"category","embeddable":true,"href":"https:\/\/bluestudio.estadao.com.br\/agencia-de-comunicacao\/wp-json\/wp\/v2\/categories?post=107960"},{"taxonomy":"post_tag","embeddable":true,"href":"https:\/\/bluestudio.estadao.com.br\/agencia-de-comunicacao\/wp-json\/wp\/v2\/tags?post=107960"}],"curies":[{"name":"wp","href":"https:\/\/api.w.org\/{rel}","templated":true}]}}