{"id":107922,"date":"2025-03-13T14:57:00","date_gmt":"2025-03-13T17:57:00","guid":{"rendered":"https:\/\/bluestudio.estadao.com.br\/agencia-de-comunicacao\/prnewswire\/prnewsinternacional\/tena-e-dia-da-incontinencia-urinaria-condicao-e-mais-comum-em-mulheres-mas-tabu-e-maior-entre-os-homens-menos-da-metade-busca-tratamento\/"},"modified":"2025-03-13T14:57:00","modified_gmt":"2025-03-13T17:57:00","slug":"tena-e-dia-da-incontinencia-urinaria-condicao-e-mais-comum-em-mulheres-mas-tabu-e-maior-entre-os-homens-menos-da-metade-busca-tratamento","status":"publish","type":"post","link":"https:\/\/bluestudio.estadao.com.br\/agencia-de-comunicacao\/prnewswire\/prnewsinternacional\/tena-e-dia-da-incontinencia-urinaria-condicao-e-mais-comum-em-mulheres-mas-tabu-e-maior-entre-os-homens-menos-da-metade-busca-tratamento\/","title":{"rendered":"TENA e Dia da Incontin\u00eancia Urin\u00e1ria: Condi\u00e7\u00e3o \u00e9 mais comum em mulheres, mas tabu \u00e9 maior entre os homens, menos da metade busca tratamento"},"content":{"rendered":"<div class=\"xn-content\">\n<p class=\"prntac\"><i>Apenas 45% dos homens com incontin\u00eancia urin\u00e1ria fazem tratamento desta condi\u00e7\u00e3o, segundo dados da pesquisa TENA: incontin\u00eancia urinaria e h\u00e1bitos de sa\u00fade masculina.<\/i><\/p>\n<p><span class=\"legendSpanClass\">S\u00c3O PAULO<\/span>, <span class=\"legendSpanClass\">13 de mar\u00e7o de 2025<\/span> \/PRNewswire\/ &#8212;\u00a0O Dia da Incontin\u00eancia Urin\u00e1ria, 14 de mar\u00e7o, coloca em destaque um tema cercado por tabus e comum entre a sociedade. De acordo com a Sociedade Brasileira de Urologia (SBU), cerca de 10 milh\u00f5es de brasileiros apresentam algum grau de incontin\u00eancia urin\u00e1ria, condi\u00e7\u00e3o presente em 45% das mulheres e 15% dos homens com mais de 40 anos. No recorte do p\u00fablico masculino, menos da metade (45%) j\u00e1 fez ou faz tratamento para reverter a situa\u00e7\u00e3o, segundo dados da pesquisa TENA: Incontin\u00eancia urin\u00e1ria e h\u00e1bitos de sa\u00fade masculina, realizada pela MindMinders sob encomenda de TENA, n\u00famero 1 mundial em produtos para incontin\u00eancia urin\u00e1ria adulta, marca da Essity, l\u00edder global em higiene e sa\u00fade.<\/p>\n<div class=\"PRN_ImbeddedAssetReference\" id=\"DivAssetPlaceHolder2920\">\n<a href=\"https:\/\/mma.prnewswire.com\/media\/2641394\/Segundo_pesquisa_TENA__o_uso_de_alternativas_improvisadas_para_conter_a_incontin_ncia_urin_ria_e_fre.html\" target=\"_blank\" rel=\"nofollow\"><img decoding=\"async\" src=\"https:\/\/mma.prnewswire.com\/media\/2641394\/Segundo_pesquisa_TENA__o_uso_de_alternativas_improvisadas_para_conter_a_incontin_ncia_urin_ria_e_fre.jpg\" title=\"Segundo pesquisa TENA, o uso de alternativas improvisadas para conter a incontin\u00eancia urin\u00e1ria e frequente e o recomendado \u00e9 utilizar produtos espec\u00edficos para a condi\u00e7\u00e3o DIVULGA\u00c7\u00c3O TENA\" alt=\"Segundo pesquisa TENA, o uso de alternativas improvisadas para conter a incontin\u00eancia urin\u00e1ria e frequente e o recomendado \u00e9 utilizar produtos espec\u00edficos para a condi\u00e7\u00e3o DIVULGA\u00c7\u00c3O TENA\" \/><\/a><\/p>\n<\/div>\n<p>Os escapes, geralmente pequenos e ocasionais, ocorrem de maneira inesperada e em diferentes momentos do dia a dia, como ao se levantar para ir ao banheiro ou ao espirrar. A pesquisa tamb\u00e9m aponta que 68% dos homens entrevistados relatam que as perdas espont\u00e2neas de urina interferem bastante em sua rotina di\u00e1ria, com impacto na sua confian\u00e7a e no bem-estar. Para muitos, o uso de alternativas improvisadas e n\u00e3o recomendadas \u00e9 frequente: 41% j\u00e1 utilizaram papel higi\u00eanico, 23% fizeram o uso de duas cuecas simultaneamente e 20% usaram absorventes femininos.<\/p>\n<p>De acordo com <span class=\"xn-person\">Maria Alice Lelis<\/span>, enfermeira consultora da marca TENA e doutora em Ci\u00eancias da Sa\u00fade pela Unifesp, a incontin\u00eancia urin\u00e1ria exige uma abordagem cuidadosa e adaptada para cada tipo de pessoa. &#8220;Essa condi\u00e7\u00e3o tem impacto direto na qualidade de vida, por isso, \u00e9 essencial que se busque orienta\u00e7\u00e3o especializada para o melhor tratamento em cada caso, e para escolher os produtos adequados, dependendo do n\u00edvel de perda urin\u00e1ria&#8221;, afirma.<\/p>\n<p>&#8220;Para quem possui mobilidade e apresenta escapes de urina leve ou moderado, pode utilizar os modelos de absorventes, masculinos ou femininos. As pants (roupas \u00edntimas descart\u00e1veis) s\u00e3o ideais para pessoas ativas com incontin\u00eancia urin\u00e1ria moderada ou severa, pois garantem conforto e discri\u00e7\u00e3o, enquanto as pessoas acamadas podem se adaptar melhor ao uso de fraldas&#8221;, explica. &#8220;A marca TENA oferece produtos desenvolvidos especificamente para a incontin\u00eancia urin\u00e1ria, com alta capacidade de absor\u00e7\u00e3o e controle de odor, permitindo maior liberdade e conforto aos pacientes, com adapta\u00e7\u00f5es para a anatomia masculina e feminina&#8221;, afirma <span class=\"xn-person\">Maria Alice<\/span>.<\/p>\n<p><b>DIA DA INCONTIN\u00caNCIA URIN\u00c1RIA<\/b><\/p>\n<p>A cria\u00e7\u00e3o do Dia Nacional da Incontin\u00eancia Urin\u00e1ria, celebrado em 14 de mar\u00e7o, e da <span class=\"xn-person\">Semana Nacional<\/span> para Preven\u00e7\u00e3o e Tratamento da Incontin\u00eancia Urin\u00e1ria, que ocorre de 14 a 21 de mar\u00e7o, tem como objetivo principal sensibilizar a popula\u00e7\u00e3o sobre essa condi\u00e7\u00e3o presente na vida de mais de 10 milh\u00f5es de brasileiros. A data busca conscientizar sobre os sinais da incontin\u00eancia, a import\u00e2ncia do diagn\u00f3stico precoce e os tratamentos adequados, al\u00e9m de reduzir os estigmas relacionados ao tema.<\/p>\n<p>Existem tr\u00eas tipos principais de incontin\u00eancia urin\u00e1ria. A de esfor\u00e7o ocorre quando h\u00e1 perda de urina ao realizar atividades f\u00edsicas, como tossir, rir ou levantar pesos. J\u00e1 a incontin\u00eancia de urg\u00eancia \u00e9 caracterizada pela vontade s\u00fabita e intensa de urinar, resultando em escapes de urina, antes de a pessoa conseguir chegar ao banheiro. Por fim, a incontin\u00eancia mista combina os sintomas dos dois tipos.<\/p>\n<p>TENA tem a miss\u00e3o de quebrar tabus sobre esse tema para promover a qualidade de vida das pessoas, assim como oferecer solu\u00e7\u00f5es, enquanto a cura definitiva n\u00e3o acontece. A empresa oferece uma linha completa de produtos para os diferentes n\u00edveis de escapes de urina, como os absorventes e as pants (roupa \u00edntima descart\u00e1vel) para pessoas com mobilidade e as fraldas para aqueles que est\u00e3o acamados, contribuindo para maior conforto, dignidade e bem-estar.<\/p>\n<p><b>Sobre a Essity<\/b><\/p>\n<p>A Essity \u00e9 uma empresa l\u00edder global em higiene e sa\u00fade. Todos os dias, nossos produtos, servi\u00e7os e solu\u00e7\u00f5es s\u00e3o usados por um bilh\u00e3o de pessoas em todo o mundo. Nosso objetivo \u00e9 quebrar barreiras pelo bem-estar dos consumidores, pacientes, cuidadores, clientes e da sociedade. Estamos presentes em aproximadamente 150 pa\u00edses com as marcas l\u00edderes globais TENA e Tork, e outras marcas fortes, como Actimove, Cutimed, JOBST, Knix, Leukoplast, Libero, Libresse, Lotus, Modibodi, Nosotras, Saba, Tempo, TOM Organic e Zewa. Em 2024, a Essity teve vendas de aproximadamente 146 bilh\u00f5es de coroas suecas (13 bilh\u00f5es de euros) e empregou 36.000 pessoas. A sede da empresa est\u00e1 localizada em Estocolmo, na Su\u00e9cia, e a Essity est\u00e1 listada na Nasdaq Stockholm. Saiba mais no <a href=\"https:\/\/essity.com\/\" target=\"_blank\" rel=\"nofollow\">site da Essity<\/a>.<\/p>\n<p>Foto &#8211; <a href=\"https:\/\/mma.prnewswire.com\/media\/2641394\/Segundo_pesquisa_TENA__o_uso_de_alternativas_improvisadas_para_conter_a_incontin_ncia_urin_ria_e_fre.jpg\" target=\"_blank\" rel=\"nofollow\">https:\/\/mma.prnewswire.com\/media\/2641394\/Segundo_pesquisa_TENA__o_uso_de_alternativas_improvisadas_para_conter_a_incontin_ncia_urin_ria_e_fre.jpg<\/a><\/p>\n<div class=\"PRN_ImbeddedAssetReference\" id=\"DivAssetPlaceHolder0\"><\/div>\n<p id=\"PURL\"><img loading=\"lazy\" decoding=\"async\" title=\"Cision\" width=\"12\" height=\"12\" alt=\"Cision\" src=\"https:\/\/c212.net\/c\/img\/favicon.png?sn=PT40898&amp;sd=2025-03-13\" \/> View original content to download multimedia:<a id=\"PRNURL\" rel=\"nofollow\" href=\"https:\/\/www.prnewswire.com\/br\/comunicados-para-a-imprensa\/tena-e-dia-da-incontinencia-urinaria-condicao-e-mais-comum-em-mulheres-mas-tabu-e-maior-entre-os-homens-menos-da-metade-busca-tratamento-302401379.html\" target=\"_blank\">https:\/\/www.prnewswire.com\/br\/comunicados-para-a-imprensa\/tena-e-dia-da-incontinencia-urinaria-condicao-e-mais-comum-em-mulheres-mas-tabu-e-maior-entre-os-homens-menos-da-metade-busca-tratamento-302401379.html<\/a><\/p>\n<p><span class=\"xn-person\">FONTE  TENA<\/span><\/p>\n<\/div>\n<p><img decoding=\"async\" alt=\"\" src=\"https:\/\/rt.prnewswire.com\/rt.gif?NewsItemId=PT40898&amp;Transmission_Id=202503131355PR_NEWS_LATAM____PT40898&amp;DateId=20250313\" style=\"border:0px;width:1px;height:1px\" \/><\/p>\n<p>A <b>OESP<\/b> n\u00e3o \u00e9(s\u00e3o) respons\u00e1vel(is) por erros, incorre\u00e7\u00f5es, atrasos ou quaisquer decis\u00f5es tomadas por seus clientes com base nos Conte\u00fados ora disponibilizados, bem como tais Conte\u00fados n\u00e3o representam a opini\u00e3o da <b>OESP<\/b> e s\u00e3o de inteira responsabilidade da <b>PR Newswire Ltda<\/b><\/p>\n","protected":false},"excerpt":{"rendered":"Apenas 45% dos homens com incontin\u00eancia urin\u00e1ria fazem tratamento desta condi\u00e7\u00e3o, segundo dados da pesquisa TENA: incontin\u00eancia urinaria e h\u00e1bitos de sa\u00fade masculina.","protected":false},"author":1,"featured_media":0,"comment_status":"open","ping_status":"closed","sticky":false,"template":"","format":"standard","meta":{"_acf_changed":false,"inline_featured_image":false,"_monsterinsights_skip_tracking":false,"_monsterinsights_sitenote_active":false,"_monsterinsights_sitenote_note":"","_monsterinsights_sitenote_category":0,"footnotes":""},"categories":[31],"tags":[],"class_list":["post-107922","post","type-post","status-publish","format-standard","hentry","category-prnewsinternacional"],"acf":[],"_links":{"self":[{"href":"https:\/\/bluestudio.estadao.com.br\/agencia-de-comunicacao\/wp-json\/wp\/v2\/posts\/107922","targetHints":{"allow":["GET"]}}],"collection":[{"href":"https:\/\/bluestudio.estadao.com.br\/agencia-de-comunicacao\/wp-json\/wp\/v2\/posts"}],"about":[{"href":"https:\/\/bluestudio.estadao.com.br\/agencia-de-comunicacao\/wp-json\/wp\/v2\/types\/post"}],"author":[{"embeddable":true,"href":"https:\/\/bluestudio.estadao.com.br\/agencia-de-comunicacao\/wp-json\/wp\/v2\/users\/1"}],"replies":[{"embeddable":true,"href":"https:\/\/bluestudio.estadao.com.br\/agencia-de-comunicacao\/wp-json\/wp\/v2\/comments?post=107922"}],"version-history":[{"count":0,"href":"https:\/\/bluestudio.estadao.com.br\/agencia-de-comunicacao\/wp-json\/wp\/v2\/posts\/107922\/revisions"}],"wp:attachment":[{"href":"https:\/\/bluestudio.estadao.com.br\/agencia-de-comunicacao\/wp-json\/wp\/v2\/media?parent=107922"}],"wp:term":[{"taxonomy":"category","embeddable":true,"href":"https:\/\/bluestudio.estadao.com.br\/agencia-de-comunicacao\/wp-json\/wp\/v2\/categories?post=107922"},{"taxonomy":"post_tag","embeddable":true,"href":"https:\/\/bluestudio.estadao.com.br\/agencia-de-comunicacao\/wp-json\/wp\/v2\/tags?post=107922"}],"curies":[{"name":"wp","href":"https:\/\/api.w.org\/{rel}","templated":true}]}}