{"id":106597,"date":"2025-02-25T11:42:00","date_gmt":"2025-02-25T14:42:00","guid":{"rendered":"https:\/\/bluestudio.estadao.com.br\/agencia-de-comunicacao\/prnewswire\/prnewsinternacional\/a-habanos-s-a-da-as-boas-vindas-ao-xxv-festival-del-habano-com-a-celebracao-do-150o-aniversario-de-romeo-y-julieta\/"},"modified":"2025-02-25T11:42:00","modified_gmt":"2025-02-25T14:42:00","slug":"a-habanos-s-a-da-as-boas-vindas-ao-xxv-festival-del-habano-com-a-celebracao-do-150o-aniversario-de-romeo-y-julieta","status":"publish","type":"post","link":"https:\/\/bluestudio.estadao.com.br\/agencia-de-comunicacao\/prnewswire\/prnewsinternacional\/a-habanos-s-a-da-as-boas-vindas-ao-xxv-festival-del-habano-com-a-celebracao-do-150o-aniversario-de-romeo-y-julieta\/","title":{"rendered":"A HABANOS, S.A. D\u00c1 AS BOAS-VINDAS AO XXV FESTIVAL DEL HABANO COM A CELEBRA\u00c7\u00c3O DO 150\u00ba ANIVERS\u00c1RIO DE ROMEO Y JULIETA"},"content":{"rendered":"<p><b>PR NEWSWIRE<\/b><\/p>\n<div class=\"xn-content\">\n<ul type=\"disc\">\n<li><b> O exclusivo\u00a0Sal\u00f3n de Protocolo Cubanac\u00e1n recebeu 1.200 convidados em um evento onde a vitola Romeo y Julieta Amantes (bitola 53 x 153 mm de comprimento) foi revelada<\/b><\/li>\n<\/ul>\n<p><span class=\"legendSpanClass\"><span class=\"xn-location\">HAVANA<\/span><\/span>, <span class=\"legendSpanClass\">25 de fevereiro de 2025<\/span> \/PRNewswire\/ &#8212; O <b> XXV Festival del Habano<\/b> come\u00e7ou com uma espetacular <b> Noite de Boas-Vindas <\/b>, que nesta edi\u00e7\u00e3o homenageia o <b> 150\u00ba anivers\u00e1rio de Romeu e Julieta<\/b>, uma das marcas mais hist\u00f3ricas e renomadas da Habanos, S.A. O exclusivo <b> Sal\u00f3n de Protocolo Cubanac\u00e1n<\/b>, localizado no munic\u00edpio de Playa, foi transformado no cen\u00e1rio perfeito para receber <b> 1.200 convidados<\/b>, incluindo distribuidores, especialistas, personalidades ilustres e aficionados por Habanos. A noite foi imersa em uma atmosfera rom\u00e2ntica inspirada em Veneza, onde o vermelho vibrante ocupou o centro das aten\u00e7\u00f5es, refletindo a paix\u00e3o que define Romeu e Julieta.<\/p>\n<p>\u00a0<\/p>\n<div id=\"prni_dvprnejpg48a9left\" dir=\"ltr\" style=\"width: 100%;text-align: left\"><img decoding=\"async\" id=\"prnejpg48a9left\" title=\"HABANOS, S.A. WELCOMES THE XXV FESTIVAL DEL HABANO WITH THE CELEBRATION OF THE 150TH ANNIVERSARY OF ROMEO Y JULIETA\" src=\"https:\/\/mma.prnewswire.com\/media\/2627239\/Habanos_XXV_Festival_del_Habano.jpg\" alt=\"HABANOS, S.A. WELCOMES THE XXV FESTIVAL DEL HABANO WITH THE CELEBRATION OF THE 150TH ANNIVERSARY OF ROMEO Y JULIETA\" align=\"middle\" \/><\/div>\n<p>\u00a0<\/p>\n<p>O grande momento da Noite chegou com a estreia mundial do <b> Romeu e Julieta Amantes (bitola 53 x 153 mm de comprimento)<\/b>, projetado exclusivamente para comemorar este anivers\u00e1rio significativo. Este novo lan\u00e7amento encapsula o legado e o estilo inconfund\u00edvel da marca, mantendo a tradi\u00e7\u00e3o viva enquanto mant\u00e9m a busca da excel\u00eancia em todos os lan\u00e7amentos da Habanos, S.A.<\/p>\n<p>O nome da f\u00e1brica Sobresalientes vitola apresenta dimens\u00f5es \u00fanicas dentro do portf\u00f3lio da marca, potencializando a exclusividade deste lan\u00e7amento. Com for\u00e7a m\u00e9dia e a mistura cl\u00e1ssica de Romeu e Julieta, o Amantes foi projetado para cativar tanto os aficionados experientes quanto aqueles que descobrem sua paix\u00e3o por Habanos.<\/p>\n<p>Como <b> Jorge P\u00e9rez Martel, vice-presidente de vendas da Habanos, S.A.<\/b>, explicou durante a apresenta\u00e7\u00e3o, Romeu e Julieta Amantes <i>&#8220;\u00e9 apresentado em dois formatos exclusivos: uma elegante caixa de 20 Habanos, ideal para colecionadores e aficionados, e uma edi\u00e7\u00e3o especial em caixas de 5 Habanos, perfeita como presente.&#8221;<\/i> Esta \u00faltima caixa foi oferecida em uma pr\u00e9-venda exclusiva para os participantes da Noite de Boas-Vindas do Festival del Habano.<\/p>\n<p>Antes de revelar a t\u00e3o esperada vitola Romeo y Julieta Amantes, os <b> copresidentes da Habanos, S.A., Maritza Carrillo Gonz\u00e1lez e Luis S\u00e1nchez-Harguindey Pardo de Vera<\/b>, compartilharam algumas palavras com os participantes, destacando a import\u00e2ncia deste 150\u00ba anivers\u00e1rio e expressando sua gratid\u00e3o aos aficionados, distribuidores e profissionais da ind\u00fastria por sua dedica\u00e7\u00e3o e compromisso com a marca e o universo Habanos.<\/p>\n<p>Durante a noite, os indicados ao Habanos Awards 2024 tamb\u00e9m foram anunciados, reconhecendo as figuras mais influentes da ind\u00fastria de Habanos. Na categoria Neg\u00f3cios, os indicados s\u00e3o <span class=\"xn-person\">Alain Proietto<\/span>, Sami Alrayhani e <span class=\"xn-person\">Luca Borla<\/span>. Na categoria Comunica\u00e7\u00e3o, os indicados s\u00e3o Jos\u00e9 Andr\u00e9s Colmena, Aleksandar Spitic e <span class=\"xn-person\">Alexandre Groom<\/span>. Por fim, na categoria Produ\u00e7\u00e3o, os indicados s\u00e3o Reynier L\u00e1zaro <span class=\"xn-person\">Rojas Medina<\/span>, Roberto S\u00e1nchez Esquivel e Linnel Marrero Turi\u00f1o. Os vencedores ser\u00e3o anunciados durante a Noite de Gala, o evento de encerramento do Festival.<\/p>\n<p>A m\u00fasica e a arte tiveram um papel fundamental nesta celebra\u00e7\u00e3o. O evento contou com um espet\u00e1culo excepcional que reuniu grandes expoentes do cen\u00e1rio art\u00edstico. Entre eles, Tr\u00edo Tradicional Feeling, Rakat\u00e1n com seu show de luzes negras, a talentosa <span class=\"xn-person\">Yarima Blanco<\/span>, uma figura de destaque na m\u00fasica tradicional cubana, <span class=\"xn-person\">Ernesto Oliva<\/span> e seu grupo, a empresa de m\u00edmica Cuerpo, e a lend\u00e1ria Orquestra Arag\u00f3n, um \u00edcone indiscut\u00edvel da m\u00fasica cubana.<\/p>\n<p>Para baixar imagens de alta resolu\u00e7\u00e3o do evento, clique <a href=\"https:\/\/drive.google.com\/drive\/folders\/1yioDPP54c-IK8OI5p2qq-p18MKRJFwW5?usp=sharing\" target=\"_blank\" rel=\"nofollow\"> aqui<\/a>.<\/p>\n<p>Foto: <a href=\"https:\/\/mma.prnewswire.com\/media\/2627239\/Habanos_XXV_Festival_del_Habano.jpg\" target=\"_blank\" rel=\"nofollow\"> https:\/\/mma.prnewswire.com\/media\/2627239\/Habanos_XXV_Festival_del_Habano.jpg<\/a><\/p>\n<p id=\"PURL\"><img loading=\"lazy\" decoding=\"async\" title=\"Cision\" width=\"12\" height=\"12\" alt=\"Cision\" src=\"https:\/\/c212.net\/c\/img\/favicon.png?sn=PT26703&amp;sd=2025-02-25\" \/> View original content:<a id=\"PRNURL\" rel=\"nofollow\" href=\"https:\/\/www.prnewswire.com\/br\/comunicados-para-a-imprensa\/a-habanos-sa-da-as-boas-vindas-ao-xxv-festival-del-habano-com-a-celebracao-do-150-aniversario-de-romeo-y-julieta-302384782.html\" target=\"_blank\">https:\/\/www.prnewswire.com\/br\/comunicados-para-a-imprensa\/a-habanos-sa-da-as-boas-vindas-ao-xxv-festival-del-habano-com-a-celebracao-do-150-aniversario-de-romeo-y-julieta-302384782.html<\/a><\/p>\n<p>FONTE  Habanos, S.A.<\/p>\n<\/div>\n<p><img decoding=\"async\" alt=\"\" src=\"https:\/\/rt.prnewswire.com\/rt.gif?NewsItemId=PT26703&amp;Transmission_Id=202502250934PR_NEWS_LATAM____PT26703&amp;DateId=20250225\" style=\"border:0px;width:1px;height:1px\" \/><\/p>\n<p>A <b>OESP<\/b> n\u00e3o \u00e9(s\u00e3o) respons\u00e1vel(is) por erros, incorre\u00e7\u00f5es, atrasos ou quaisquer decis\u00f5es tomadas por seus clientes com base nos Conte\u00fados ora disponibilizados, bem como tais Conte\u00fados n\u00e3o representam a opini\u00e3o da <b>OESP<\/b> e s\u00e3o de inteira responsabilidade da <b>PR Newswire Ltda<\/b><\/p>\n","protected":false},"excerpt":{"rendered":"O  XXV Festival del Habano come\u00e7ou com uma espetacular  Noite de Boas-Vindas , que nesta edi\u00e7\u00e3o homenageia o  150\u00ba anivers\u00e1rio de Romeu e Julieta, uma das mar","protected":false},"author":1,"featured_media":0,"comment_status":"open","ping_status":"closed","sticky":false,"template":"","format":"standard","meta":{"_acf_changed":false,"inline_featured_image":false,"_monsterinsights_skip_tracking":false,"_monsterinsights_sitenote_active":false,"_monsterinsights_sitenote_note":"","_monsterinsights_sitenote_category":0,"footnotes":""},"categories":[31],"tags":[],"class_list":["post-106597","post","type-post","status-publish","format-standard","hentry","category-prnewsinternacional"],"acf":[],"_links":{"self":[{"href":"https:\/\/bluestudio.estadao.com.br\/agencia-de-comunicacao\/wp-json\/wp\/v2\/posts\/106597","targetHints":{"allow":["GET"]}}],"collection":[{"href":"https:\/\/bluestudio.estadao.com.br\/agencia-de-comunicacao\/wp-json\/wp\/v2\/posts"}],"about":[{"href":"https:\/\/bluestudio.estadao.com.br\/agencia-de-comunicacao\/wp-json\/wp\/v2\/types\/post"}],"author":[{"embeddable":true,"href":"https:\/\/bluestudio.estadao.com.br\/agencia-de-comunicacao\/wp-json\/wp\/v2\/users\/1"}],"replies":[{"embeddable":true,"href":"https:\/\/bluestudio.estadao.com.br\/agencia-de-comunicacao\/wp-json\/wp\/v2\/comments?post=106597"}],"version-history":[{"count":0,"href":"https:\/\/bluestudio.estadao.com.br\/agencia-de-comunicacao\/wp-json\/wp\/v2\/posts\/106597\/revisions"}],"wp:attachment":[{"href":"https:\/\/bluestudio.estadao.com.br\/agencia-de-comunicacao\/wp-json\/wp\/v2\/media?parent=106597"}],"wp:term":[{"taxonomy":"category","embeddable":true,"href":"https:\/\/bluestudio.estadao.com.br\/agencia-de-comunicacao\/wp-json\/wp\/v2\/categories?post=106597"},{"taxonomy":"post_tag","embeddable":true,"href":"https:\/\/bluestudio.estadao.com.br\/agencia-de-comunicacao\/wp-json\/wp\/v2\/tags?post=106597"}],"curies":[{"name":"wp","href":"https:\/\/api.w.org\/{rel}","templated":true}]}}