{"id":106506,"date":"2025-02-24T12:12:00","date_gmt":"2025-02-24T15:12:00","guid":{"rendered":"https:\/\/bluestudio.estadao.com.br\/agencia-de-comunicacao\/prnewswire\/prnewseconomia\/da-pele-aos-looks-sabrina-sato-aposta-na-parceria-com-sculptra-e-restylane-para-brilhar-ainda-mais-no-carnaval-3\/"},"modified":"2025-02-24T12:12:00","modified_gmt":"2025-02-24T15:12:00","slug":"da-pele-aos-looks-sabrina-sato-aposta-na-parceria-com-sculptra-e-restylane-para-brilhar-ainda-mais-no-carnaval-3","status":"publish","type":"post","link":"https:\/\/bluestudio.estadao.com.br\/agencia-de-comunicacao\/prnewswire\/prnewseconomia\/da-pele-aos-looks-sabrina-sato-aposta-na-parceria-com-sculptra-e-restylane-para-brilhar-ainda-mais-no-carnaval-3\/","title":{"rendered":"Da pele aos looks: Sabrina Sato aposta na parceria com Sculptra&reg; e Restylane&reg; para brilhar ainda mais no Carnaval"},"content":{"rendered":"<p><b>PR NEWSWIRE<\/b><\/p>\n<div class=\"xn-content\">\n<p class=\"prntac\"><i>Procedimentos est\u00e9ticos injet\u00e1veis s\u00e3o a grande aposta da apresentadora para conquistar um visual deslumbrante neste ver\u00e3o e na maratona de desfiles<\/i><\/p>\n<div class=\"PRN_ImbeddedAssetReference\" id=\"DivAssetPlaceHolder2538\">\n<a href=\"https:\/\/mma.prnewswire.com\/media\/2626221\/Looks_Carnaval_Sabrina_Sato.html\" target=\"_blank\" rel=\"nofollow\"><img decoding=\"async\" src=\"https:\/\/mma.prnewswire.com\/media\/2626221\/Looks_Carnaval_Sabrina_Sato.jpg\" title=\"Fotos: Igor Melo\" alt=\"Fotos: Igor Melo\" \/><\/a><\/p>\n<\/div>\n<p><span class=\"legendSpanClass\">S\u00c3O PAULO<\/span>, <span class=\"legendSpanClass\">24 de fevereiro de 2025<\/span> \/PRNewswire\/ &#8212; <span class=\"xn-person\">Sabrina Sato<\/span>, musa da folia, j\u00e1 est\u00e1 em ritmo acelerado com os preparativos para brilhar desde agora at\u00e9 a maratona de desfiles do Carnaval. A apresentadora revela como sua rotina de cuidados com a pele traz o apoio necess\u00e1rio para esses dias intensos. Al\u00e9m de alimenta\u00e7\u00e3o balanceada e do skincare em dia, ela conta com procedimentos est\u00e9ticos da parceria de longa data com a Galderma, empresa de produtos para o cuidado com a pele, da qual \u00e9 embaixadora h\u00e1 mais de tr\u00eas anos.<\/p>\n<p>Recentemente, a musa participou de ensaios da Vila Isabel e da Gavi\u00f5es da Fiel, escolas de samba do <span class=\"xn-location\">Rio de Janeiro<\/span> (RJ) e S\u00e3o Paulo (SP), respectivamente, vestindo dois looks patrocinados por duas marcas do portf\u00f3lio de est\u00e9tica injet\u00e1vel da companhia, <a href=\"https:\/\/www.galdermaaesthetics.com.br\/bioestimulador-recuperacao-firmeza-cutanea\" target=\"_blank\" rel=\"nofollow\">Sculptra&reg;<\/a> e <a href=\"https:\/\/www.galdermaaesthetics.com.br\/tipos-de-restylane\" target=\"_blank\" rel=\"nofollow\">Restylane&reg;<\/a>.\u00a0 A parceria refor\u00e7a a import\u00e2ncia do cuidado com a pele ao longo de todo o ano, um dos segredos da apresentadora para manter o brilho na avenida.<\/p>\n<p>&#8220;Muita gente me pergunta como aguento a maratona do Carnaval. A resposta \u00e9 simples: autocuidado durante o ano todo, principalmente com a pele&#8221;, explica Sabrina. &#8220;A Galderma, minha parceira de longa data, \u00e9 fundamental nesse processo. Seus produtos me ajudam a manter a qualidade da pele, para que eu possa aproveitar ao m\u00e1ximo o ver\u00e3o, al\u00e9m dos desfiles&#8221;, comenta.<\/p>\n<p>Al\u00e9m do skincare di\u00e1rio, a apresentadora adota procedimentos est\u00e9ticos injet\u00e1veis para manter o visual impec\u00e1vel na avenida. &#8220;Sculptra foi um divisor de \u00e1guas para mim! Deixa minha pele mais firme e com um aspecto saud\u00e1vel &#8211; sou apaixonada por ele! Em conversas com o meu dermatologista, ele tamb\u00e9m me recomendou a aplica\u00e7\u00e3o de Restylane&reg; para real\u00e7ar pontos de beleza no meu rosto e melhorar a qualidade da minha pele. Esses procedimentos se tornaram parte essencial dos meus cuidados de beleza, junto com os hidrantes corporais e s\u00e9runs faciais de Cetaphil&reg;, pelos quais tamb\u00e9m sou apaixonada!&#8221;, explica a apresentadora.<\/p>\n<p>Assim como os looks usados pela apresentadora, os cuidados com a pele tamb\u00e9m s\u00e3o personalizados de acordo com a beleza de cada um.\u00a0O dermatologista <span class=\"xn-person\">Alberto Cordeiro<\/span> (CRM-SP 125757) acompanha Sabrina h\u00e1 anos e explica a escolha pelos procedimentos: &#8220;Considero fundamental conversar com o paciente sobre os seus desejos e ter os produtos mais seguros em m\u00e3os para adaptar o tratamento de acordo com cada hist\u00f3ria de pele. No caso da Sabrina, a combina\u00e7\u00e3o estrat\u00e9gica do bioestimulador de col\u00e1geno e \u00e1cido hialur\u00f4nico injet\u00e1vel promove um resultado completo, tratando tanto a flacidez quanto as linhas finas e hidrata\u00e7\u00e3o da pele, garantindo uma apar\u00eancia saud\u00e1vel e natural&#8221;, explica.<\/p>\n<p>Com mais de 65 milh\u00f5es de tratamentos realizados em todo o mundo, Restylane&reg; \u00e9 o \u00e1cido hialur\u00f4nico injet\u00e1vel n\u00famero 1 no Brasil<sup>1<\/sup>, que tem conquistado pacientes ao proporcionar resultados personalizados<sup>2-6,a<\/sup>\u00a0e mais naturais na opini\u00e3o dos especialistas<sup>7<\/sup>. J\u00e1 o bioestimulador de col\u00e1geno Sculptra&reg;\u00a0apresenta o melhor perfil de seguran\u00e7a do mercado<sup>8,b<\/sup> e \u00e9 o \u00fanico com a\u00e7\u00e3o regenerativa integral<sup>9,10c<\/sup>. Ele ainda estimula a produ\u00e7\u00e3o de col\u00e1geno na pele em 66,5%<sup>11 <\/sup>e aumenta a qualidade da elastina em 34%<sup>12,d<\/sup>, al\u00e9m de ter dura\u00e7\u00e3o comprovada de mais de 2 anos<sup>13<\/sup>.\u00a0<\/p>\n<p>Al\u00e9m dos injet\u00e1veis, conhe\u00e7a outros produtos da Galderma queridinhos da apresentadora:<\/p>\n<p><a href=\"https:\/\/www.cetaphil.com.br\/hidratacao\/creme-hidratante-cetaphil-453g\/7897930762052.html\" target=\"_blank\" rel=\"nofollow\"><b>Cetaphil<\/b>&reg;<b>\u00a0Creme Hidratante<\/b><\/a><b><u>\u00a0453g<\/u><\/b>\u00a0\u00e9 clinicamente testado para acelerar o reparo da barreira cut\u00e2nea danificada em 7 dias<sup>14<\/sup>, reduzindo imediatamente o ressecamento da pele<sup>e <\/sup>e promovendo hidrata\u00e7\u00e3o profunda e prolongada por 48h<sup>15<\/sup>.<\/p>\n<p><b><a href=\"https:\/\/www.cetaphil.com.br\/linhas\/healthy-renew\/serum-facial\/BR_3499320015769.html\" target=\"_blank\" rel=\"nofollow\">Cetaphil&reg; Healthy Renew S\u00e9rum Facial<\/a><\/b>, com pept\u00eddeos purificados em sua composi\u00e7\u00e3o, que promovem a\u00e7\u00e3o pr\u00f3-col\u00e1geno e antioxidante<sup>16<\/sup>, aumenta a elasticidade da pele em 52% ap\u00f3s 8 semanas<sup>17,f<\/sup> e ajuda na redu\u00e7\u00e3o de 23% das rugas ap\u00f3s 4 semanas<sup>18,g<\/sup>.<\/p>\n<p>Sculptra&reg; e Restylane&reg; s\u00e3o produtos que devem ser aplicados por um profissional de sa\u00fade habilitado \u00e0 pr\u00e1tica de est\u00e9tica injet\u00e1vel.<\/p>\n<p><b>Sobre a Galderma<\/b> <br \/>A Galderma \u00e9 uma das empresas l\u00edderes em dermatologia, presente em aproximadamente 90 pa\u00edses. Oferecemos um portf\u00f3lio inovador, embasado em ci\u00eancia, com marcas e servi\u00e7os premium que abrangem todo o universo do mercado dermatol\u00f3gico em r\u00e1pido crescimento, por meio dos neg\u00f3cios de Est\u00e9tica Injet\u00e1vel e Skincare Dermatol\u00f3gico &amp; Dermatologia Terap\u00eautica. Desde a nossa funda\u00e7\u00e3o, em 1981, dedicamos nosso foco e paix\u00e3o ao maior \u00f3rg\u00e3o do corpo humano &#8211; a pele &#8211; atendendo \u00e0s necessidades individuais de consumidores e pacientes com resultados superiores, em parceria com profissionais de sa\u00fade. Estamos avan\u00e7ando a dermatologia para cada hist\u00f3ria de pele, por entender que a pele em que estamos molda nossas vidas. Para mais informa\u00e7\u00f5es: <a href=\"http:\/\/www.galderma.com\/\" target=\"_blank\" rel=\"nofollow\">www.galderma.com<\/a><\/p>\n<p><i>Refer\u00eancias<\/i><\/p>\n<p><i>a.\u00a0 <\/i><i>G\u00e9is com flexibilidade e firmeza variadas que permitem a personaliza\u00e7\u00e3o do tratamento. <br \/><\/i><i>b.\u00a0 <\/i><i>Dados cl\u00ednicos de 55 pacientes com complica\u00e7\u00f5es por bioestimuladores de col\u00e1geno. <br \/><\/i><i>c.\u00a0 <\/i><i>\u00danico bioestimulador do mercado com a\u00e7\u00e3o comprovada sobre genes que modulam adip\u00f3citos (jovens (brancos)). Dados apurados at\u00e9 dezembro\/24. <br \/><\/i><i>d.\u00a0 <\/i><i>Sculptra&reg; estimula a produ\u00e7\u00e3o de col\u00e1geno e elastina e ativa genes associados \u00e0 modula\u00e7\u00e3o de adip\u00f3citos e repara\u00e7\u00e3o tecidual. <br \/><\/i><i>e.\u00a0 <\/i><i>Estudo de percep\u00e7\u00e3o realizado com 43 participantes.\u00a0<br \/><\/i><i>f.\u00a0 <\/i><i>Estudo realizado com 40 pessoas, ap\u00f3s 8 semanas-de uso\u00a0<br \/><\/i><i>g.\u00a0 <\/i><i>Estudo realizado com 32 participantes.<\/i><\/p>\n<p><i>1. Auditoria IQVIA &#8211; Painel de Harmoniza\u00e7\u00e3o Facial &#8211; Mercado de Preenchedores &#8211; Laborat\u00f3rios participantes Galderma, Allergan, Merz e Sinclair &#8211; Edi\u00e7\u00e3o Agosto\/24 &#8211; Per\u00edodo Analisado MAT Ago\/24. <br \/><\/i><i>2. Philipp-Dormston WG, Wong C, Schuster B, Larsson MK, Podda M. Evaluating Perceived Naturalness of Facial Expression After Fillers to the Nasolabial Folds and Lower Face With Standardized Video and Photography. Dermatol Surg. 2018 Jun;44(6):826-832. <br \/><\/i><i>3. Edsman K, Nord LI, Ohrlund A, L\u00e4rkner H, Kenne AH. Gel properties of hyaluronic acid dermal fillers. Dermatol Surg. 2012 Jul;38(7 Pt 2):1170-9. <br \/><\/i><i>4. Rzany B, Cartier H, Kestemont P, Trevidic P, Sattler G, Kerrouche N, Dhuin JC, Ma YM. Full-face rejuvenation using a range of hyaluronic acid fillers: efficacy, safety, and patient satisfaction over 6 months. Dermatol Surg. 2012 Jul;38(7 Pt 2):1153-61. <br \/><\/i><i>5. Segura S, Anthonioz L, Fuchez F, Herbage B. A complete range of hyaluronic acid filler with distinctive physical properties specifically designed for optimal tissue adaptations. J Drugs Dermatol. 2012 Jan;11(1 Suppl):s5-8. <br \/><\/i><i>6.Ohrlund A. New method to study the balance of firmness and flexibility for HA fillers. P\u00f4ster apresentado no AMWC 2019. <br \/><\/i><i>7. Data on File.\u00a0 Message Recall Aesthetics. HSR Health. <\/i><i>Maio 2021. *Pesquisa realizada pelo segundo ano consecutivo, 2021(n=141) e 2022 (n=150) <br \/><\/i><i>8. Ianhez M, Freire G, Sigrist RM, Colpas P, Faria I, Miot H. Complica\u00e7\u00f5es de bloestimuladores no Brasil: descritivo dos produtos, tratamentos e evolu\u00e7\u00e3o de 55 casos. <\/i><i>P\u00f4ster apresentado no CBCD 2023.<br \/><\/i><i>9. Waibel J, Ziegler M, Nguyen TQ, Le JHTD, Qureshi A, Widgerow A, Meckfessel M. Comparative Bulk RNA-Seq Analysis of Poly-l-Lactic Acid Versus Calcium Hydroxylapatite Reveals a Novel, Adipocyte-Mediated Regenerative Mechanism of Action Unique to PLLA. Dermatol Surg. 2024 <span class=\"xn-chron\">Nov 1<\/span>;50(11S):S166-S171. <br \/><\/i><i>10. Galderma. Data on file (MA-60875) <br \/><\/i><i>11. Goldberg D, Guana A, Volk A, Daro-Kaftan E. Single-arm study for the characterization of human tissue response to injectable poly-L-lactic acid. Dermatol Surg. 2013 Jun;39(6):915-22. <br \/><\/i><i>12. Galderma. Data on file (MA-60875) <br \/><\/i><i>13. Narins RS, Baumann L, Brandt FS, Fagien S, Glazer S, Lowe NJ, Monheit GD, Rendon MI, Rohrich RJ, Werschler WP. A randomized study of the ecacy and safety of injectable poly-L-lactic acid versus human-based collagen implant in the treatment of nasolabial fold wrinkles. <\/i><i>J Am Acad Dermatol. 2010 Mar;62(3):448-62.<br \/><\/i><i>14. GLI.04.SPR.US10402 <br \/><\/i><i>15.\u00a0GLI.04.SPR.US10403 Hidratacao Comparada 48h<br \/><\/i><i>16. Schagen, SK. Topical Peptide Treatments with Effective Anti-Aging Results Cosmetics 2017, 4, 16<br \/><\/i><i>17. RD.27.SPR.202958_Caucasian subjects (FIL 1710)\u00a0<br \/><\/i><i>18. RD.27.SPR.202958_Caucasian subjects (FIL 1710\u00a0 <\/i><\/p>\n<p><span>Foto &#8211;\u00a0<\/span><span><a href=\"https:\/\/mma.prnewswire.com\/media\/2626221\/Looks_Carnaval_Sabrina_Sato.jpg\" target=\"_blank\" rel=\"nofollow\">https:\/\/mma.prnewswire.com\/media\/2626221\/Looks_Carnaval_Sabrina_Sato.jpg<\/a><\/span><\/p>\n<div class=\"PRN_ImbeddedAssetReference\" id=\"DivAssetPlaceHolder0\"><\/div>\n<p id=\"PURL\"><img loading=\"lazy\" decoding=\"async\" title=\"Cision\" width=\"12\" height=\"12\" alt=\"Cision\" src=\"https:\/\/c212.net\/c\/img\/favicon.png?sn=PT25539&amp;sd=2025-02-24\" \/> View original content to download multimedia:<a id=\"PRNURL\" rel=\"nofollow\" href=\"https:\/\/www.prnewswire.com\/br\/comunicados-para-a-imprensa\/da-pele-aos-looks-sabrina-sato-aposta-na-parceria-com-sculptra-e-restylane-para-brilhar-ainda-mais-no-carnaval-302383474.html\" target=\"_blank\">https:\/\/www.prnewswire.com\/br\/comunicados-para-a-imprensa\/da-pele-aos-looks-sabrina-sato-aposta-na-parceria-com-sculptra-e-restylane-para-brilhar-ainda-mais-no-carnaval-302383474.html<\/a><\/p>\n<p>FONTE  Galderma<\/p>\n<\/div>\n<p><img decoding=\"async\" alt=\"\" src=\"https:\/\/rt.prnewswire.com\/rt.gif?NewsItemId=PT25539&amp;Transmission_Id=202502241007PR_NEWS_LATAM____PT25539&amp;DateId=20250224\" style=\"border:0px;width:1px;height:1px\" \/><\/p>\n<p>A <b>OESP<\/b> n\u00e3o \u00e9(s\u00e3o) respons\u00e1vel(is) por erros, incorre\u00e7\u00f5es, atrasos ou quaisquer decis\u00f5es tomadas por seus clientes com base nos Conte\u00fados ora disponibilizados, bem como tais Conte\u00fados n\u00e3o representam a opini\u00e3o da <b>OESP<\/b> e s\u00e3o de inteira responsabilidade da <b>PR Newswire Ltda<\/b><\/p>\n","protected":false},"excerpt":{"rendered":"Procedimentos est\u00e9ticos injet\u00e1veis s\u00e3o a grande aposta da apresentadora para conquistar um visual deslumbrante neste ver\u00e3o e na maratona de desfiles","protected":false},"author":1,"featured_media":0,"comment_status":"open","ping_status":"closed","sticky":false,"template":"","format":"standard","meta":{"_acf_changed":false,"inline_featured_image":false,"_monsterinsights_skip_tracking":false,"_monsterinsights_sitenote_active":false,"_monsterinsights_sitenote_note":"","_monsterinsights_sitenote_category":0,"footnotes":""},"categories":[29],"tags":[],"class_list":["post-106506","post","type-post","status-publish","format-standard","hentry","category-prnewseconomia"],"acf":[],"_links":{"self":[{"href":"https:\/\/bluestudio.estadao.com.br\/agencia-de-comunicacao\/wp-json\/wp\/v2\/posts\/106506","targetHints":{"allow":["GET"]}}],"collection":[{"href":"https:\/\/bluestudio.estadao.com.br\/agencia-de-comunicacao\/wp-json\/wp\/v2\/posts"}],"about":[{"href":"https:\/\/bluestudio.estadao.com.br\/agencia-de-comunicacao\/wp-json\/wp\/v2\/types\/post"}],"author":[{"embeddable":true,"href":"https:\/\/bluestudio.estadao.com.br\/agencia-de-comunicacao\/wp-json\/wp\/v2\/users\/1"}],"replies":[{"embeddable":true,"href":"https:\/\/bluestudio.estadao.com.br\/agencia-de-comunicacao\/wp-json\/wp\/v2\/comments?post=106506"}],"version-history":[{"count":0,"href":"https:\/\/bluestudio.estadao.com.br\/agencia-de-comunicacao\/wp-json\/wp\/v2\/posts\/106506\/revisions"}],"wp:attachment":[{"href":"https:\/\/bluestudio.estadao.com.br\/agencia-de-comunicacao\/wp-json\/wp\/v2\/media?parent=106506"}],"wp:term":[{"taxonomy":"category","embeddable":true,"href":"https:\/\/bluestudio.estadao.com.br\/agencia-de-comunicacao\/wp-json\/wp\/v2\/categories?post=106506"},{"taxonomy":"post_tag","embeddable":true,"href":"https:\/\/bluestudio.estadao.com.br\/agencia-de-comunicacao\/wp-json\/wp\/v2\/tags?post=106506"}],"curies":[{"name":"wp","href":"https:\/\/api.w.org\/{rel}","templated":true}]}}