{"id":106361,"date":"2025-02-19T10:27:00","date_gmt":"2025-02-19T13:27:00","guid":{"rendered":"https:\/\/bluestudio.estadao.com.br\/agencia-de-comunicacao\/prnewswire\/prnewsinternacional\/a-metlen-energy-metals-garante-acordos-estrategicos-de-longo-prazo-com-a-rio-tinto-em-bauxita-e-alumina\/"},"modified":"2025-02-19T10:27:00","modified_gmt":"2025-02-19T13:27:00","slug":"a-metlen-energy-metals-garante-acordos-estrategicos-de-longo-prazo-com-a-rio-tinto-em-bauxita-e-alumina","status":"publish","type":"post","link":"https:\/\/bluestudio.estadao.com.br\/agencia-de-comunicacao\/prnewswire\/prnewsinternacional\/a-metlen-energy-metals-garante-acordos-estrategicos-de-longo-prazo-com-a-rio-tinto-em-bauxita-e-alumina\/","title":{"rendered":"A METLEN Energy &amp; Metals garante acordos estrat\u00e9gicos de longo prazo com a Rio Tinto em bauxita e alumina"},"content":{"rendered":"<p><b>PR NEWSWIRE<\/b><\/p>\n<div class=\"xn-content\">\n<span class=\"legendSpanClass\">\u00a0ATENAS, Gr\u00e9cia<\/span>, <span class=\"legendSpanClass\">19 de fevereiro de 2025<\/span> \/PRNewswire\/ &#8212; A <b><a href=\"https:\/\/www.metlengroup.com\/\" target=\"_blank\" rel=\"nofollow\"> METLEN Energy &amp; Metals<\/a><\/b>\u00a0(<b> METLEN <\/b>) tem o prazer de anunciar que celebrou dois acordos estrat\u00e9gicos de longo prazo com a Rio Tinto, garantindo melhorias na cadeia de suprimentos de bauxita e alumina.<\/p>\n<div id=\"prni_dvprnejpg41ebleft\" dir=\"ltr\" style=\"width: 100%;text-align: left\"><img decoding=\"async\" id=\"prnejpg41ebleft\" style=\"width: 400px;height: 178px\" title=\"Metlen_Logo\" src=\"https:\/\/mma.prnewswire.com\/media\/2430163\/4913160\/Metlen_Logo.jpg\" alt=\"Metlen_Logo\" align=\"middle\" \/><\/div>\n<p>Mais especificamente, como anteriormente <a href=\"https:\/\/www.metlengroup.com\/news\/press-releases\/new-large-scale-mining-metallurgical-industrial-investment-by-metlen\/\" target=\"_blank\" rel=\"nofollow\"> anunciado<\/a>, a METLEN comprometeu-se com uma expans\u00e3o em larga escala da sua capacidade de produ\u00e7\u00e3o de Alumina com um investimento hist\u00f3rico na f\u00e1brica hist\u00f3rica &#8216;Alum\u00ednio da Gr\u00e9cia&#8217; em Agios Nikolaos, Viotia, Gr\u00e9cia. Este investimento aumentar\u00e1 significativamente a produ\u00e7\u00e3o de alumina da refinaria de 865.<span class=\"xn-chron\">000MT<\/span> para 1.265.000 toneladas anualmente.<\/p>\n<p>Para apoiar essa expans\u00e3o, a METLEN assinou dois contratos significativos e consider\u00e1veis de longo prazo com a Rio Tinto, nos quais:<\/p>\n<ul type=\"disc\">\n<li>Atrav\u00e9s do <u> Contrato de Fornecimento de Bauxita,<\/u> a Rio Tinto fornecer\u00e1 aproximadamente 14,9 milh\u00f5es de toneladas m\u00e9tricas de bauxita da mina CBG na Guin\u00e9 durante um per\u00edodo de 11 anos (2027-2037). Essas quantidades complementar\u00e3o a pr\u00f3pria produ\u00e7\u00e3o da METLEN nas minas locais.<\/li>\n<li><u> Apesar do Acordo de Compra de Alumina,<\/u> a METLEN fornecer\u00e1 \u00e0 Rio Tinto 3,9 milh\u00f5es de toneladas m\u00e9tricas de Alumina, provenientes de sua refinaria Agios Nikolaos expandida ao longo de um per\u00edodo de 8 anos (2027-2034) com uma extens\u00e3o opcional de 3 anos (2035-2037).<\/li>\n<\/ul>\n<p>Evangelos Mytilineos, Presidente e CEO da METLEN Energy &amp; Metals, comentou: &#8220;<i>Esta parceria estrat\u00e9gica com a Rio Tinto \u00e9 mais um marco para a METLEN, garantindo uma cadeia de suprimentos segura e competitiva para a nossa crescente produ\u00e7\u00e3o de alumina. Com esses acordos, fortalecemos nossa posi\u00e7\u00e3o competitiva e aprofundamos nossa presen\u00e7a no mercado global de alumina <\/i>.&#8221;<\/p>\n<p>Jerome P\u00e9cresse, CEO da Rio Tinto Aluminium, disse: &#8220;<i> A Rio Tinto tem o prazer de forjar esta parceria de longo prazo com a METLEN Energy and Metals, garantindo o fornecimento de alumina para nossas opera\u00e7\u00f5es na regi\u00e3o do Atl\u00e2ntico para continuar produzindo alum\u00ednio de alta qualidade e baixo carbono para nossos clientes, fortalecendo nossa posi\u00e7\u00e3o na Europa<\/i>.&#8221;<\/p>\n<p>Esses acordos fazem parte da estrat\u00e9gia da METLEN de refor\u00e7ar e expandir sua atua\u00e7\u00e3o no mercado global de alumina. Ao garantir o fornecimento de bauxita a longo prazo e um arranjo de consumo est\u00e1vel para sua produ\u00e7\u00e3o de alumina, a METLEN est\u00e1 estabelecendo sua posi\u00e7\u00e3o como um participante-chave na ind\u00fastria, ao mesmo tempo em que garante um crescimento sustent\u00e1vel.<\/p>\n<p><b> METLEN:<\/b><\/p>\n<p>A METLEN Energy &amp; Metals \u00e9 uma empresa multinacional do setor industrial e de energia, refer\u00eancia nos setores de metalurgia e energia, com foco em sustentabilidade e economia circular. A empresa est\u00e1 negociada na Bolsa de <span class=\"xn-person\">Valores de Atenas<\/span>, com um volume de neg\u00f3cios e EBITDA consolidados de ? 5,492 bilh\u00f5es e ? 1,014 bilh\u00e3o, respectivamente. A METLEN \u00e9 um referencial para a metalurgia sustent\u00e1vel competitiva em n\u00edvel europeu e global, ao mesmo tempo em que atua na \u00fanica unidade de produ\u00e7\u00e3o de bauxita, alumina e alum\u00ednio prim\u00e1rio com integra\u00e7\u00e3o vertical na Uni\u00e3o Europeia (UE) que conta com instala\u00e7\u00f5es portu\u00e1rias privadas. No setor de energia, a METLEN oferece solu\u00e7\u00f5es completas, que incluem projetos de energia t\u00e9rmica e renov\u00e1vel, distribui\u00e7\u00e3o e comercializa\u00e7\u00e3o de eletricidade, al\u00e9m de investimentos em infraestrutura de rede, armazenamento de baterias e outras tecnologias sustent\u00e1veis. A empresa atua nos mercados dos cinco continentes, em 40 pa\u00edses, adotando um modelo sin\u00e9rgico em grande escala entre os setores de metalurgia e energia, ao mesmo tempo em que desenvolve de ponta a ponta os principais projetos de infraestrutura de energia.<\/p>\n<p><b> <i>Para mais informa\u00e7\u00f5es, visite:<\/i> <\/b>\u00a0<b><a href=\"http:\/\/www.mytilineos.gr\/\" target=\"_blank\" rel=\"nofollow\"> www.metlengroup.com <\/a><\/b><b>\u00a0| <\/b><b><a href=\"https:\/\/www.facebook.com\/metlengroup\" target=\"_blank\" rel=\"nofollow\">Facebook<\/a><\/b><b>\u00a0| <\/b><b><a href=\"https:\/\/twitter.com\/MytilineosSA\" target=\"_blank\" rel=\"nofollow\">Twitter<\/a><\/b><b>\u00a0| <\/b><b><a href=\"https:\/\/www.youtube.com\/user\/MytilineosGroup\" target=\"_blank\" rel=\"nofollow\">YouTube<\/a><\/b><b>\u00a0| <\/b><b><a href=\"https:\/\/www.linkedin.com\/company\/6646293\/\" target=\"_blank\" rel=\"nofollow\">LinkedIn<\/a><\/b><\/p>\n<p><i> Se n\u00e3o quiser mais receber Comunicados \u00e0 Imprensa e Atualiza\u00e7\u00f5es da METLEN, clique <a href=\"mailto:communications@mytilineos.gr?subject=%CE%91%CF%86%CE%B1%CE%AF%CF%81%CE%B5%CF%83%CE%B7%20e-mail%20%CE%B1%CF%80%CF%8C%20%CF%84%CE%B7%20%CE%BB%CE%AF%CF%83%CF%84%CE%B1%20%CF%83%CE%B1%CF%82%20\/%20Remove%20me%20from%20your%20lists&amp;body=%CE%A0%CE%B1%CF%81%CE%B1%CE%BA%CE%B1%CE%BB%CF%8E,%20%CE%B4%CE%B5%CE%BD%20%CE%B5%CF%80%CE%B9%CE%B8%CF%85%CE%BC%CF%8E%20%CE%BD%CE%B1%20%CE%BB%CE%B1%CE%BC%CE%B2%CE%AC%CE%BD%CF%89%20e-mail%20%CE%BC%CE%B5%20%CE%94%CE%B5%CE%BB%CF%84%CE%AF%CE%B1%20%CE%A4%CF%8D%CF%80%CE%BF%CF%85%20%CE%BA%CE%B1%CE%B9%20%CE%95%CE%BD%CE%B7%CE%BC%CE%B5%CF%81%CF%8E%CF%83%CE%B5%CE%B9%CF%82%20%CE%B3%CE%B9%CE%B1%20%CF%84%CE%B7%CE%BD%20%CE%B5%CF%84%CE%B1%CE%B9%CF%81%CE%B5%CE%AF%CE%B1%20MYTILINEOS%20%CE%BA%CE%B1%CE%B9%20%CF%84%CE%B9%CF%82%20%CE%B8%CF%85%CE%B3%CE%B1%CF%84%CF%81%CE%B9%CE%BA%CE%AD%CF%82%20%CF%84%CE%B7%CF%82,%20%CE%B3%CE%B9%CE%B1%20%CF%84%CE%BF%20%CE%BB%CF%8C%CE%B3%CE%BF%20%CE%B1%CF%85%CF%84%CF%8C%20%CE%B5%CF%80%CE%B9%CE%B8%CF%85%CE%BC%CF%8E%20%CE%BD%CE%B1%20%CE%B1%CF%86%CE%B1%CE%B9%CF%81%CE%B5%CE%B8%CF%8E%20%CE%B1%CF%80%CF%8C%20%CF%84%CE%B7%20%CE%BB%CE%AF%CF%83%CF%84%CE%B1%20%CF%80%CE%B1%CF%81%CE%B1%CE%BB%CE%B7%CF%80%CF%84%CF%8E%CE%BD.%20Please,%20I%20would%20like%20you%20to%20remove%20my%20e-mail%20address%20from%20your%20list,%20since%20I%20do%20not%20want%20to%20receive%20Press%20Releases%20and%20Newsletters%20for%20MYTILINEOS%20Company.\" target=\"_blank\" rel=\"nofollow\"> aqui<\/a>.<\/i><\/p>\n<p>Logo: <a href=\"https:\/\/mma.prnewswire.com\/media\/2430163\/4913160\/Metlen_Logo.jp\" target=\"_blank\" rel=\"nofollow\"> https:\/\/mma.prnewswire.com\/media\/2430163\/4913160\/Metlen_Logo.jpg<\/a><\/p>\n<p>\u00a0<\/p>\n<p id=\"PURL\"><img loading=\"lazy\" decoding=\"async\" title=\"Cision\" width=\"12\" height=\"12\" alt=\"Cision\" src=\"https:\/\/c212.net\/c\/img\/favicon.png?sn=PT21965&amp;sd=2025-02-19\" \/> View original content:<a id=\"PRNURL\" rel=\"nofollow\" href=\"https:\/\/www.prnewswire.com\/br\/comunicados-para-a-imprensa\/a-metlen-energy--metals-garante-acordos-estrategicos-de-longo-prazo-com-a-rio-tinto-em-bauxita-e-alumina-302380222.html\" target=\"_blank\">https:\/\/www.prnewswire.com\/br\/comunicados-para-a-imprensa\/a-metlen-energy&#8211;metals-garante-acordos-estrategicos-de-longo-prazo-com-a-rio-tinto-em-bauxita-e-alumina-302380222.html<\/a><\/p>\n<p>FONTE  Metlen Energy &amp; Metals<\/p>\n<\/div>\n<p><img decoding=\"async\" alt=\"\" src=\"https:\/\/rt.prnewswire.com\/rt.gif?NewsItemId=PT21965&amp;Transmission_Id=202502190817PR_NEWS_LATAM____PT21965&amp;DateId=20250219\" style=\"border:0px;width:1px;height:1px\" \/><\/p>\n<p>A <b>OESP<\/b> n\u00e3o \u00e9(s\u00e3o) respons\u00e1vel(is) por erros, incorre\u00e7\u00f5es, atrasos ou quaisquer decis\u00f5es tomadas por seus clientes com base nos Conte\u00fados ora disponibilizados, bem como tais Conte\u00fados n\u00e3o representam a opini\u00e3o da <b>OESP<\/b> e s\u00e3o de inteira responsabilidade da <b>PR Newswire Ltda<\/b><\/p>\n","protected":false},"excerpt":{"rendered":"A  METLEN Energy &amp; Metals\u00a0( METLEN ) tem o prazer de anunciar que celebrou dois acordos estrat\u00e9gicos de longo prazo com a Rio Tinto, garantindo melhorias na cade","protected":false},"author":1,"featured_media":0,"comment_status":"open","ping_status":"closed","sticky":false,"template":"","format":"standard","meta":{"_acf_changed":false,"inline_featured_image":false,"_monsterinsights_skip_tracking":false,"_monsterinsights_sitenote_active":false,"_monsterinsights_sitenote_note":"","_monsterinsights_sitenote_category":0,"footnotes":""},"categories":[31],"tags":[],"class_list":["post-106361","post","type-post","status-publish","format-standard","hentry","category-prnewsinternacional"],"acf":[],"_links":{"self":[{"href":"https:\/\/bluestudio.estadao.com.br\/agencia-de-comunicacao\/wp-json\/wp\/v2\/posts\/106361","targetHints":{"allow":["GET"]}}],"collection":[{"href":"https:\/\/bluestudio.estadao.com.br\/agencia-de-comunicacao\/wp-json\/wp\/v2\/posts"}],"about":[{"href":"https:\/\/bluestudio.estadao.com.br\/agencia-de-comunicacao\/wp-json\/wp\/v2\/types\/post"}],"author":[{"embeddable":true,"href":"https:\/\/bluestudio.estadao.com.br\/agencia-de-comunicacao\/wp-json\/wp\/v2\/users\/1"}],"replies":[{"embeddable":true,"href":"https:\/\/bluestudio.estadao.com.br\/agencia-de-comunicacao\/wp-json\/wp\/v2\/comments?post=106361"}],"version-history":[{"count":0,"href":"https:\/\/bluestudio.estadao.com.br\/agencia-de-comunicacao\/wp-json\/wp\/v2\/posts\/106361\/revisions"}],"wp:attachment":[{"href":"https:\/\/bluestudio.estadao.com.br\/agencia-de-comunicacao\/wp-json\/wp\/v2\/media?parent=106361"}],"wp:term":[{"taxonomy":"category","embeddable":true,"href":"https:\/\/bluestudio.estadao.com.br\/agencia-de-comunicacao\/wp-json\/wp\/v2\/categories?post=106361"},{"taxonomy":"post_tag","embeddable":true,"href":"https:\/\/bluestudio.estadao.com.br\/agencia-de-comunicacao\/wp-json\/wp\/v2\/tags?post=106361"}],"curies":[{"name":"wp","href":"https:\/\/api.w.org\/{rel}","templated":true}]}}