{"id":106268,"date":"2025-02-18T08:12:00","date_gmt":"2025-02-18T11:12:00","guid":{"rendered":"https:\/\/bluestudio.estadao.com.br\/agencia-de-comunicacao\/prnewswire\/prnewsinternacional\/comeca-a-25a-edicao-do-festival-del-habano\/"},"modified":"2025-02-18T08:12:00","modified_gmt":"2025-02-18T11:12:00","slug":"comeca-a-25a-edicao-do-festival-del-habano","status":"publish","type":"post","link":"https:\/\/bluestudio.estadao.com.br\/agencia-de-comunicacao\/prnewswire\/prnewsinternacional\/comeca-a-25a-edicao-do-festival-del-habano\/","title":{"rendered":"COME\u00c7A A 25\u00aa EDI\u00c7\u00c3O DO FESTIVAL DEL HABANO"},"content":{"rendered":"<p><b>PR NEWSWIRE<\/b><\/p>\n<div class=\"xn-content\">\n<ul type=\"disc\">\n<li><b> <span class=\"xn-location\">Havana<\/span> se torna a capital mundial do tabaco premium de 24 a 28 de fevereiro <\/b><\/li>\n<li><b> Esta edi\u00e7\u00e3o do Festival\u00a0del Habano destaca 15 anos da Cohiba L\u00ednea Behike, ao lado das prestigiadas marcas H. Upmann e Romeo y Julieta <\/b><\/li>\n<\/ul>\n<p><span class=\"legendSpanClass\"><span class=\"xn-location\">HAVANA<\/span><\/span>, <span class=\"legendSpanClass\">18 de fevereiro de 2025<\/span> \/PRNewswire\/ &#8212;\u00a0 La Habana est\u00e1 se preparando para receber os principais especialistas e aficionados por Habanos do mundo para a <b> 25\u00aa edi\u00e7\u00e3o do Festival del Habano<\/b>, que acontecer\u00e1 de <b> 24 a 28 de fevereiro de 2025<\/b>. Realizado pela primeira vez em 1999 com o lan\u00e7amento do Cohiba Reserva del Milenio e o primeiro Leil\u00e3o de Caridade, com cinco umidificadores, o Festival continua sendo o evento mais significativo de seu tipo em todo o mundo. Mais uma vez, reunir\u00e1 distribuidores, profissionais e aficionados por uma semana repleta de exclusividade, tradi\u00e7\u00e3o e novos lan\u00e7amentos emocionantes. Nesta ocasi\u00e3o, o Festival prestar\u00e1 homenagem a tr\u00eas marcas ic\u00f4nicas do universo Habanos: <b> Cohiba, H. Upmann e Romeo y Julieta<\/b>.<\/p>\n<div id=\"prni_dvprnejpge69fleft\" dir=\"ltr\" style=\"width: 100%;text-align: left\"><img decoding=\"async\" id=\"prnejpge69fleft\" title=\"THE 25th EDITION OF THE FESTIVAL DEL HABANO BEGINS\" src=\"https:\/\/mma.prnewswire.com\/media\/2622064\/Festival_del_Habano_XXV.jpg\" alt=\"THE 25th EDITION OF THE FESTIVAL DEL HABANO BEGINS\" align=\"middle\" \/><\/div>\n<p><b> UM PROGRAMA DE ATIVIDADES EXCLUSIVAS <\/b><\/p>\n<p>O Festival come\u00e7ar\u00e1 com a <b> Feira<\/b>, um ponto de encontro essencial para fabricantes, profissionais do setor e artes\u00e3os, apresentando os produtos mais exclusivos e promovendo novas oportunidades de neg\u00f3cios. Este ano, mais de 61 empresas de 10 pa\u00edses participar\u00e3o, apresentando suas \u00faltimas inova\u00e7\u00f5es e compartilhando seus conhecimentos no setor de tabaco premium.<\/p>\n<p>O <b> Semin\u00e1rio Internacional <\/b> ser\u00e1 mais uma vez um encontro importante para especialistas e aficionados, onde os aficionados mais apaixonados por Habanos colocar\u00e3o seus conhecimentos \u00e0 prova no Habanos World Challenge e onde, pela primeira vez na hist\u00f3ria do Festival, os torcedores especialistas competir\u00e3o para serem coroados vencedores do Concurso Gran Torcedor 2025. Claro, tamb\u00e9m haver\u00e1 palestras excelentes explorando a hist\u00f3ria, a tradi\u00e7\u00e3o e a inova\u00e7\u00e3o no mundo dos Habanos. Nesta edi\u00e7\u00e3o, duas grandes confer\u00eancias se destacam: uma dedicada ao <b> 35\u00ba Anivers\u00e1rio da Rede de Franquias La Casa del Habano <\/b>, homenageando um legado que estabeleceu o padr\u00e3o de excel\u00eancia na distribui\u00e7\u00e3o e experi\u00eancia de varejo da Habanos, e outra que analisar\u00e1 a evolu\u00e7\u00e3o da <b> exclusiva Cohiba L\u00ednea Behike<\/b> ao longo de seus 15 anos de hist\u00f3ria.<\/p>\n<p>Al\u00e9m disso, o Festival oferecer\u00e1 experi\u00eancias \u00fanicas atrav\u00e9s de seus exclusivos <b> Habanos Moments<\/b>, que este ano assumir\u00e3o um formato especial em diferentes <b> La Casa del Habano na capital<\/b>. Esses encontros permitir\u00e3o que os participantes desfrutem de combina\u00e7\u00f5es excepcionais, combinando os melhores Habanos com produtos premium cuidadosamente selecionados.<\/p>\n<p>Como todos os anos, os participantes ter\u00e3o a oportunidade de mergulhar no mundo dos Habanos com <b> visitas a planta\u00e7\u00f5es e f\u00e1bricas<\/b>. Na regi\u00e3o de <b> Vuelta Abajo*<\/b>, reconhecida como o ber\u00e7o do melhor tabaco do mundo, eles experimentar\u00e3o de perto o meticuloso processo de cultivo por tr\u00e1s dos <b> Habanos<\/b> mais exclusivos. Al\u00e9m disso, visitas a f\u00e1bricas como <b> El Laguito, La Corona, Partag\u00e1s, H. Upmann e Carlos Bali\u00f1o<\/b> oferecer\u00e3o aos participantes a chance de descobrir a arte do <b> enrolamento &#8220;Totalmente artesanal&#8221;<\/b> e participar de uma <b> master class<\/b> onde eles podem criar seu pr\u00f3prio Habano.<\/p>\n<p><b> AS NOITES MAIS ESPERADAS DO FESTIVAL<\/b><\/p>\n<p>O Festival contar\u00e1 com tr\u00eas noites exclusivas que oferecem apresenta\u00e7\u00f5es inesquec\u00edveis, combina\u00e7\u00f5es \u00fanicas e surpresas especiais.<\/p>\n<p>Na segunda-feira, 24, a <b> Noite de Boas-Vindas <\/b> dar\u00e1 in\u00edcio \u00e0s celebra\u00e7\u00f5es em uma atmosfera &#8220;rom\u00e2ntica&#8221;, onde os participantes desfrutar\u00e3o de uma noite excepcional no <b> Sal\u00f3n de Protocolo Cubanac\u00e1n<\/b>. Esta noite comemorar\u00e1 o <b> 150\u00ba anivers\u00e1rio da marca Romeo y Julieta <\/b>.<\/p>\n<p>A <b> Noite de Eventos de Meio de Semana <\/b>acontecer\u00e1 em um cen\u00e1rio emblem\u00e1tico, o <b> Sal\u00f3n de los Pasos Perdidos<\/b> no <b> Capit\u00f3lio Nacional de <span class=\"xn-location\">Havana<\/span><\/b>, onde os participantes desfrutar\u00e3o de uma noite &#8220;reservada&#8221; para poucos privilegiados, centrada em torno de <b> H. Upmann<\/b>, uma das principais marcas apresentadas nesta edi\u00e7\u00e3o do Festival del Habano.<\/p>\n<p>A t\u00e3o esperada <b> Noite de Gala <\/b> encerrar\u00e1 o Festival, reunindo os maiores aficionados por Habanos para uma noite inigual\u00e1vel, celebrando o 15\u00ba anivers\u00e1rio da linha mais exclusiva da marca mais prestigiada da Habanos: <b> Cohiba L\u00ednea Behike<\/b>. Durante esta noite, os pr\u00eamios ser\u00e3o apresentados aos vencedores dos concursos Habanos World Challenge e Gran Torcedor, bem como aos <b> Habanos Awards<\/b>, que reconhecem aqueles que contribu\u00edram para a promo\u00e7\u00e3o e valoriza\u00e7\u00e3o global dos Habanos. Como manda a tradi\u00e7\u00e3o, a noite tamb\u00e9m contar\u00e1 com o Leil\u00e3o de Humidor de Caridade, com receitas que beneficiam o <b> Sistema de Sa\u00fade P\u00fablica de <span class=\"xn-location\">Cuba<\/span> <\/b>, recompensando os vencedores com o acesso \u00e0 <b> Sele\u00e7\u00e3o Privada de Habanos <\/b>, um programa exclusivo concebido para um grupo altamente exclusivo e privilegiado de aficionados por Habanos.<\/p>\n<p>A <b> Habanos Private Selection<\/b> \u00e9 um programa exclusivo projetado para um grupo altamente exclusivo e privilegiado de aficionados por Habanos, aqueles que adquirem um umidor nos leil\u00f5es de caridade realizados no Festival del Habano e nos Habanos World Days. Este programa Habanos, dispon\u00edvel para os vencedores dos leil\u00f5es Festival del Habano e Habanos World Days, oferece aos seus participantes tr\u00eas benef\u00edcios altamente atraentes:<\/p>\n<ul type=\"disc\">\n<li>Acesso priorit\u00e1rio a uma sele\u00e7\u00e3o de algumas das vitolas mais prestigiadas do portf\u00f3lio da Habanos, incluindo todas as linhas Cohiba, as vitolas mais ic\u00f4nicas de <span class=\"xn-location\">Trinidad<\/span> e todas as refer\u00eancias de Montecristo 1935, Romeo y Julieta L\u00ednea de Oro e Partag\u00e1s L\u00ednea Maestra, al\u00e9m de especialidades exclusivas e limitadas.<\/li>\n<li>Personaliza\u00e7\u00e3o de atributos selecionados, como faixas, selos e estojos, permitindo que os aficionados imprimam seu pr\u00f3prio estilo e criem uma cole\u00e7\u00e3o exclusiva com curadoria meticulosa.<\/li>\n<li>A oportunidade de personalizar um umidor de alta qualidade com capacidade para at\u00e9 300 Habanos, selecionando diferentes acabamentos de uma variedade de madeiras finas e materiais premium, al\u00e9m de desfrutar de uma s\u00e9rie de experi\u00eancias exclusivas.<\/li>\n<\/ul>\n<p>Para aqueles que atingiram o auge da cole\u00e7\u00e3o Habanos, o programa Habanos Private Selection representa a express\u00e3o m\u00e1xima da excel\u00eancia.<\/p>\n<p><i>*(P.A.O.) Denomina\u00e7\u00f5es de Origem Protegidas <\/i><\/p>\n<p>Foto: <a href=\"https:\/\/mma.prnewswire.com\/media\/2622064\/Festival_del_Habano_XXV.jpg\" target=\"_blank\" rel=\"nofollow\"> https:\/\/mma.prnewswire.com\/media\/2622064\/Festival_del_Habano_XXV.jpg<\/a><\/p>\n<p>\u00a0<\/p>\n<p id=\"PURL\"><img loading=\"lazy\" decoding=\"async\" title=\"Cision\" width=\"12\" height=\"12\" alt=\"Cision\" src=\"https:\/\/c212.net\/c\/img\/favicon.png?sn=PT21305&amp;sd=2025-02-18\" \/> View original content:<a id=\"PRNURL\" rel=\"nofollow\" href=\"https:\/\/www.prnewswire.com\/br\/comunicados-para-a-imprensa\/comeca-a-25-edicao-do-festival-del-habano-302378799.html\" target=\"_blank\">https:\/\/www.prnewswire.com\/br\/comunicados-para-a-imprensa\/comeca-a-25-edicao-do-festival-del-habano-302378799.html<\/a><\/p>\n<p>FONTE  Habanos, S.A.<\/p>\n<\/div>\n<p><img decoding=\"async\" alt=\"\" src=\"https:\/\/rt.prnewswire.com\/rt.gif?NewsItemId=PT21305&amp;Transmission_Id=202502180600PR_NEWS_LATAM____PT21305&amp;DateId=20250218\" style=\"border:0px;width:1px;height:1px\" \/><\/p>\n<p>A <b>OESP<\/b> n\u00e3o \u00e9(s\u00e3o) respons\u00e1vel(is) por erros, incorre\u00e7\u00f5es, atrasos ou quaisquer decis\u00f5es tomadas por seus clientes com base nos Conte\u00fados ora disponibilizados, bem como tais Conte\u00fados n\u00e3o representam a opini\u00e3o da <b>OESP<\/b> e s\u00e3o de inteira responsabilidade da <b>PR Newswire Ltda<\/b><\/p>\n","protected":false},"excerpt":{"rendered":"\u00a0 La Habana est\u00e1 se preparando para receber os principais especialistas e aficionados por Habanos do mundo para a  25\u00aa edi\u00e7\u00e3o do Festival del Habano, que acontecer\u00e1 de  2","protected":false},"author":1,"featured_media":0,"comment_status":"open","ping_status":"closed","sticky":false,"template":"","format":"standard","meta":{"_acf_changed":false,"inline_featured_image":false,"_monsterinsights_skip_tracking":false,"_monsterinsights_sitenote_active":false,"_monsterinsights_sitenote_note":"","_monsterinsights_sitenote_category":0,"footnotes":""},"categories":[31],"tags":[],"class_list":["post-106268","post","type-post","status-publish","format-standard","hentry","category-prnewsinternacional"],"acf":[],"_links":{"self":[{"href":"https:\/\/bluestudio.estadao.com.br\/agencia-de-comunicacao\/wp-json\/wp\/v2\/posts\/106268","targetHints":{"allow":["GET"]}}],"collection":[{"href":"https:\/\/bluestudio.estadao.com.br\/agencia-de-comunicacao\/wp-json\/wp\/v2\/posts"}],"about":[{"href":"https:\/\/bluestudio.estadao.com.br\/agencia-de-comunicacao\/wp-json\/wp\/v2\/types\/post"}],"author":[{"embeddable":true,"href":"https:\/\/bluestudio.estadao.com.br\/agencia-de-comunicacao\/wp-json\/wp\/v2\/users\/1"}],"replies":[{"embeddable":true,"href":"https:\/\/bluestudio.estadao.com.br\/agencia-de-comunicacao\/wp-json\/wp\/v2\/comments?post=106268"}],"version-history":[{"count":0,"href":"https:\/\/bluestudio.estadao.com.br\/agencia-de-comunicacao\/wp-json\/wp\/v2\/posts\/106268\/revisions"}],"wp:attachment":[{"href":"https:\/\/bluestudio.estadao.com.br\/agencia-de-comunicacao\/wp-json\/wp\/v2\/media?parent=106268"}],"wp:term":[{"taxonomy":"category","embeddable":true,"href":"https:\/\/bluestudio.estadao.com.br\/agencia-de-comunicacao\/wp-json\/wp\/v2\/categories?post=106268"},{"taxonomy":"post_tag","embeddable":true,"href":"https:\/\/bluestudio.estadao.com.br\/agencia-de-comunicacao\/wp-json\/wp\/v2\/tags?post=106268"}],"curies":[{"name":"wp","href":"https:\/\/api.w.org\/{rel}","templated":true}]}}