{"id":106138,"date":"2025-02-13T07:12:00","date_gmt":"2025-02-13T10:12:00","guid":{"rendered":"https:\/\/bluestudio.estadao.com.br\/agencia-de-comunicacao\/prnewswire\/prnewsinternacional\/grupo-ferrero-apresenta-as-demonstracoes-financeiras-consolidadas-para-o-exercicio-financeiro-do-ano-de-2023-2024\/"},"modified":"2025-02-13T07:12:00","modified_gmt":"2025-02-13T10:12:00","slug":"grupo-ferrero-apresenta-as-demonstracoes-financeiras-consolidadas-para-o-exercicio-financeiro-do-ano-de-2023-2024","status":"publish","type":"post","link":"https:\/\/bluestudio.estadao.com.br\/agencia-de-comunicacao\/prnewswire\/prnewsinternacional\/grupo-ferrero-apresenta-as-demonstracoes-financeiras-consolidadas-para-o-exercicio-financeiro-do-ano-de-2023-2024\/","title":{"rendered":"Grupo Ferrero apresenta as Demonstra\u00e7\u00f5es Financeiras Consolidadas para o exerc\u00edcio financeiro do ano de 2023\/2024"},"content":{"rendered":"<p><b>PR NEWSWIRE<\/b><\/p>\n<div class=\"xn-content\">\n<ul type=\"disc\">\n<li><i>O <span class=\"xn-person\">Grupo Ferrero<\/span> continua sua trajet\u00f3ria de crescimento apresentando um aumento de 8,9% no volume de neg\u00f3cios equivalente a 18,4 bilh\u00f5es de euros.<\/i><\/li>\n<li><i>Inova\u00e7\u00e3o cont\u00ednua em novos produtos e categorias, incluindo o lan\u00e7amento do sorvete Nutella no mesmo ano em que a marca completa 60 anos.<\/i><\/li>\n<li><i>O investimento total de capital para o ano fiscal registrou um aumento de 18%, chegando a 958 milh\u00f5es de euros, incluindo Estados Unidos, It\u00e1lia, Alemanha e <span class=\"xn-location\">Chile<\/span>.<\/i><\/li>\n<\/ul>\n<p><span class=\"legendSpanClass\">LUXEMBURGO<\/span>, <span class=\"legendSpanClass\">13 de fevereiro de 2025<\/span> \/PRNewswire\/ &#8212; O <span class=\"xn-person\">Grupo Ferrero<\/span>, por meio de sua holding Ferrero International S.A., aprovou as Demonstra\u00e7\u00f5es Financeiras Consolidadas para o ano fiscal de 2023\/2024, que terminou em 31 de agosto de 2024\u00b9. O Grupo encerrou o ano fiscal com um volume de neg\u00f3cios consolidado de 18,4 bilh\u00f5es de euros, um aumento de 8,9% em compara\u00e7\u00e3o com o ano anterior, dando continuidade \u00e0 estrat\u00e9gia de crescimento conduzida pelo Presidente Executivo Giovanni Ferrero e executada pelo Diretor Executivo Lapo Civiletti.<\/p>\n<p>O exerc\u00edcio financeiro de 2023\/2024 foi novamente marcado por um ambiente econ\u00f4mico desafiador, com pre\u00e7os de commodities vol\u00e1teis e press\u00f5es inflacion\u00e1rias cont\u00ednuas. Apesar disso, o <span class=\"xn-person\">Grupo Ferrero<\/span> continuou seu forte crescimento gra\u00e7as \u00e0 resili\u00eancia de sua equipe, marcas e modelo de neg\u00f3cio. A Ferrero mant\u00e9m sua presen\u00e7a global, com 37 f\u00e1bricas, e encerrou o ano fiscal com uma for\u00e7a de trabalho global que chegou a 47.517 colaboradores em 31 de agosto de 2024.<\/p>\n<p><span class=\"xn-person\">Daniel Martinez Carretero<\/span>, Diretor Financeiro do <span class=\"xn-person\">Grupo Ferrero<\/span>, disse: &#8220;<i>Temos o prazer de relatar outro ano de forte crescimento para o Grupo, apesar dos cont\u00ednuos ventos contr\u00e1rios que o setor tem enfrentado. Embora o ambiente econ\u00f4mico continue complexo, nossas marcas e produtos continuam a ter um bom desempenho. Isso \u00e9 prova de que continuamos a inovar em nossos produtos para atender \u00e0s necessidades em constante mudan\u00e7a dos consumidores. Para estimular essa inova\u00e7\u00e3o e aumentar nossa capacidade de fabrica\u00e7\u00e3o, neste ano fiscal, aumentamos o investimento total de capital em 18% em rela\u00e7\u00e3o ao per\u00edodo anterior.<\/i>&#8220;<\/p>\n<p>A inova\u00e7\u00e3o cont\u00ednua dos produtos do <span class=\"xn-person\">Grupo Ferrero<\/span> permitiu uma maior expans\u00e3o em todas as categorias, incluindo sorvetes e biscoitos. Os destaques do ano fiscal de 2023\/2024 incluem:<\/p>\n<ul type=\"disc\">\n<li>O lan\u00e7amento do sorvete Nutella, o primeiro produto desta natureza da marca, que impulsionou o crescimento cont\u00ednuo da categoria de sorvetes;<\/li>\n<li>Expans\u00e3o na categoria de biscoitos com o lan\u00e7amento de Kinderini nos principais mercados;<\/li>\n<li>Lan\u00e7amento bem-sucedido das marcas <i>Eat Natural<\/i> e <i>FULFIL<\/i> em mercados europeus, ilustrando como o Grupo est\u00e1 atendendo \u00e0s tend\u00eancias de consumo em constante mudan\u00e7a e ao crescimento da categoria &#8220;better-for-you&#8221;.<\/li>\n<\/ul>\n<p>Para apoiar seu portf\u00f3lio e expans\u00e3o geogr\u00e1fica, o Grupo est\u00e1 trabalhando arduamente para aumentar a sua capacidade de fabrica\u00e7\u00e3o. Os destaques incluem:<\/p>\n<ul type=\"disc\">\n<li>A inaugura\u00e7\u00e3o da primeira f\u00e1brica de processamento de chocolate do Grupo nos Estados Unidos. A nova instala\u00e7\u00e3o de 6.500 metros quadrados em <span class=\"xn-location\">Bloomington, Illinois<\/span>, produz chocolate para as marcas l\u00edderes da Ferrero na Am\u00e9rica do Norte, incluindo Kinder, <span class=\"xn-person\">Ferrero Rocher<\/span>, Butterfinger e CRUNCH. Agora tamb\u00e9m abriga uma nova instala\u00e7\u00e3o de produ\u00e7\u00e3o de <span class=\"xn-person\">Kinder Bueno<\/span>;<\/li>\n<li>Moderniza\u00e7\u00e3o de nossas instala\u00e7\u00f5es em Stadtallendorf (Alemanha);<\/li>\n<li>Constru\u00e7\u00e3o de nossa capacidade de fornecimento e processamento de avel\u00e3s no <span class=\"xn-location\">Chile<\/span>.<\/li>\n<\/ul>\n<p>A estrat\u00e9gia de crescimento de longo prazo do Grupo continua a ser orientada por nosso compromisso com a sustentabilidade e com o impacto positivo em toda a cadeia de valor.<\/p>\n<p><b>Sobre a Ferrero<\/b><\/p>\n<p>A Ferrero nasceu da paix\u00e3o de uma fam\u00edlia italiana por conceber ideias inovadoras e transform\u00e1-las em deliciosos produtos. Suas atividades tiveram in\u00edcio na cidade de Alba, na regi\u00e3o do Piemonte, norte da It\u00e1lia, em 1946 e atualmente o Grupo \u00e9 o terceiro maior produtor global de doces e chocolates. Os produtos Ferrero est\u00e3o presentes e s\u00e3o vendidos, diretamente ou por meio de revendedores autorizados, em mais de 170 pa\u00edses.<\/p>\n<p>No Brasil, a Ferrero est\u00e1 presente desde 1994. Tr\u00eas anos mais tarde, inaugurou sua f\u00e1brica em Po\u00e7os de Caldas (MG), que passou por um processo de amplia\u00e7\u00e3o para dobrar sua capacidade de produ\u00e7\u00e3o, conclu\u00eddo em 2016. Entre suas marcas presentes no Brasil destacam-se Kinder&reg;, Nutella&reg;, TicTac&reg;, Ferrero Rocher&reg;\u00a0e Raffaello&reg;.<\/p>\n<p>Mais informa\u00e7\u00f5es no site da <span class=\"xn-person\">Ferrero Brasil<\/span>: <a href=\"http:\/\/www.ferrero.com\/br\/pt\" target=\"_blank\" rel=\"nofollow\">www.ferrero.com\/br\/pt<\/a><\/p>\n<p id=\"PURL\"><img loading=\"lazy\" decoding=\"async\" title=\"Cision\" width=\"12\" height=\"12\" alt=\"Cision\" src=\"https:\/\/c212.net\/c\/img\/favicon.png?sn=PT17894&amp;sd=2025-02-13\" \/> View original content:<a id=\"PRNURL\" rel=\"nofollow\" href=\"https:\/\/www.prnewswire.com\/br\/comunicados-para-a-imprensa\/grupo-ferrero-apresenta-as-demonstracoes-financeiras-consolidadas-para-o-exercicio-financeiro-do-ano-de-20232024-302375325.html\" target=\"_blank\">https:\/\/www.prnewswire.com\/br\/comunicados-para-a-imprensa\/grupo-ferrero-apresenta-as-demonstracoes-financeiras-consolidadas-para-o-exercicio-financeiro-do-ano-de-20232024-302375325.html<\/a><\/p>\n<p>FONTE  Ferrero Group<\/p>\n<\/div>\n<p><img decoding=\"async\" alt=\"\" src=\"https:\/\/rt.prnewswire.com\/rt.gif?NewsItemId=PT17894&amp;Transmission_Id=202502130500PR_NEWS_LATAM____PT17894&amp;DateId=20250213\" style=\"border:0px;width:1px;height:1px\" \/><\/p>\n<p>A <b>OESP<\/b> n\u00e3o \u00e9(s\u00e3o) respons\u00e1vel(is) por erros, incorre\u00e7\u00f5es, atrasos ou quaisquer decis\u00f5es tomadas por seus clientes com base nos Conte\u00fados ora disponibilizados, bem como tais Conte\u00fados n\u00e3o representam a opini\u00e3o da <b>OESP<\/b> e s\u00e3o de inteira responsabilidade da <b>PR Newswire Ltda<\/b><\/p>\n","protected":false},"excerpt":{"rendered":"O Grupo Ferrero, por meio de sua holding Ferrero International S.A., aprovou as Demonstra\u00e7\u00f5es Financeiras Consolidadas para o ano fiscal de 2023\/2024, que terminou em 31 de agosto","protected":false},"author":1,"featured_media":0,"comment_status":"open","ping_status":"closed","sticky":false,"template":"","format":"standard","meta":{"_acf_changed":false,"inline_featured_image":false,"_monsterinsights_skip_tracking":false,"_monsterinsights_sitenote_active":false,"_monsterinsights_sitenote_note":"","_monsterinsights_sitenote_category":0,"footnotes":""},"categories":[31],"tags":[],"class_list":["post-106138","post","type-post","status-publish","format-standard","hentry","category-prnewsinternacional"],"acf":[],"_links":{"self":[{"href":"https:\/\/bluestudio.estadao.com.br\/agencia-de-comunicacao\/wp-json\/wp\/v2\/posts\/106138","targetHints":{"allow":["GET"]}}],"collection":[{"href":"https:\/\/bluestudio.estadao.com.br\/agencia-de-comunicacao\/wp-json\/wp\/v2\/posts"}],"about":[{"href":"https:\/\/bluestudio.estadao.com.br\/agencia-de-comunicacao\/wp-json\/wp\/v2\/types\/post"}],"author":[{"embeddable":true,"href":"https:\/\/bluestudio.estadao.com.br\/agencia-de-comunicacao\/wp-json\/wp\/v2\/users\/1"}],"replies":[{"embeddable":true,"href":"https:\/\/bluestudio.estadao.com.br\/agencia-de-comunicacao\/wp-json\/wp\/v2\/comments?post=106138"}],"version-history":[{"count":0,"href":"https:\/\/bluestudio.estadao.com.br\/agencia-de-comunicacao\/wp-json\/wp\/v2\/posts\/106138\/revisions"}],"wp:attachment":[{"href":"https:\/\/bluestudio.estadao.com.br\/agencia-de-comunicacao\/wp-json\/wp\/v2\/media?parent=106138"}],"wp:term":[{"taxonomy":"category","embeddable":true,"href":"https:\/\/bluestudio.estadao.com.br\/agencia-de-comunicacao\/wp-json\/wp\/v2\/categories?post=106138"},{"taxonomy":"post_tag","embeddable":true,"href":"https:\/\/bluestudio.estadao.com.br\/agencia-de-comunicacao\/wp-json\/wp\/v2\/tags?post=106138"}],"curies":[{"name":"wp","href":"https:\/\/api.w.org\/{rel}","templated":true}]}}