{"id":106040,"date":"2025-02-11T07:12:00","date_gmt":"2025-02-11T10:12:00","guid":{"rendered":"https:\/\/bluestudio.estadao.com.br\/agencia-de-comunicacao\/prnewswire\/prnewsinternacional\/dia-internacional-das-mulheres-e-meninas-na-ciencia-merz-aesthetics-latam-celebra-a-atuacao-feminina-na-medicina-estetica\/"},"modified":"2025-02-11T07:12:00","modified_gmt":"2025-02-11T10:12:00","slug":"dia-internacional-das-mulheres-e-meninas-na-ciencia-merz-aesthetics-latam-celebra-a-atuacao-feminina-na-medicina-estetica","status":"publish","type":"post","link":"https:\/\/bluestudio.estadao.com.br\/agencia-de-comunicacao\/prnewswire\/prnewsinternacional\/dia-internacional-das-mulheres-e-meninas-na-ciencia-merz-aesthetics-latam-celebra-a-atuacao-feminina-na-medicina-estetica\/","title":{"rendered":"Dia Internacional das Mulheres e Meninas na Ci\u00eancia: Merz Aesthetics&reg; Latam celebra a atua\u00e7\u00e3o feminina na medicina est\u00e9tica"},"content":{"rendered":"<p><b>PR NEWSWIRE<\/b><\/p>\n<div class=\"xn-content\">\n<p class=\"prntac\"><b><i>68.5% dos colaboradores da empresa s\u00e3o mulheres<\/i><\/b><\/p>\n<p><span class=\"legendSpanClass\">S\u00c3O PAULO<\/span>, <span class=\"legendSpanClass\">11 de fevereiro de 2025<\/span> \/PRNewswire\/ &#8212; Hoje \u00e9 celebrado o <span class=\"xn-person\">Dia Internacional<\/span> das Mulheres e Meninas na Ci\u00eancia, uma data dedicada a reconhecer as contribui\u00e7\u00f5es significativas das mulheres no campo cient\u00edfico e a promover a igualdade de g\u00eanero na ci\u00eancia. Na Merz Aesthetics&reg; Latam, a data tem um significado especial, pois 68,5% do quadro de colaboradores \u00e9 composto por mulheres que trabalham em prol da inova\u00e7\u00e3o e do avan\u00e7o da medicina est\u00e9tica.<\/p>\n<p>O <b><span class=\"xn-person\">Dia Internacional<\/span> das Mulheres e Meninas na Ci\u00eancia foi estabelecido pela <\/b>Assembleia Geral das Na\u00e7\u00f5es Unidas em 2015, visando n\u00e3o apenas homenagear as cientistas do passado e do presente, mas tamb\u00e9m inspirar as futuras gera\u00e7\u00f5es de meninas a seguir carreiras cient\u00edficas.<\/p>\n<p>Historicamente, as mulheres enfrentaram in\u00fameros desafios e barreiras para ingressar e prosperar no campo cient\u00edfico. Desde a falta de acesso \u00e0 educa\u00e7\u00e3o at\u00e9 a discrimina\u00e7\u00e3o no local de trabalho, muitas pioneiras da ci\u00eancia tiveram que lutar arduamente para serem reconhecidas. No entanto, suas contribui\u00e7\u00f5es foram fundamentais para o avan\u00e7o do conhecimento humano. O dia de hoje serve como um lembrete da import\u00e2ncia de continuar a luta pela igualdade de g\u00eanero e de criar um ambiente inclusivo onde todos possam prosperar.<\/p>\n<p><b>Atua\u00e7\u00e3o feminina na Merz Aesthetics&reg; <br \/><\/b><span class=\"xn-person\">Monalisa Bocchi<\/span>, Senior Medical Manager, Medical Affairs Latam na Merz Aesthetics, \u00e9 m\u00e9dica formada e p\u00f3s-graduada pela UNICAMP e atua na \u00e1rea desde 2002. Para ela, comemorar a data de hoje \u00e9 uma das diversas a\u00e7\u00f5es que ajudam na conscientiza\u00e7\u00e3o sobre a atua\u00e7\u00e3o feminina na ci\u00eancia. &#8220;A \u00e1rea de pesquisa cient\u00edfica infelizmente n\u00e3o difere das demais \u00e1reas de trabalho em rela\u00e7\u00e3o a estere\u00f3tipos de g\u00eanero. No entanto, a\u00e7\u00f5es de conscientiza\u00e7\u00e3o, espa\u00e7os para o di\u00e1logo aberto, grupos de mentoria, buscar inspira\u00e7\u00f5es femininas e inspirar novas profissionais, e celebra\u00e7\u00f5es como o <span class=\"xn-person\">Dia Internacional da Menina<\/span> e Mulher na Ci\u00eancia s\u00e3o pequenos, mas significativos avan\u00e7os na busca pela igualdade de g\u00eanero na ci\u00eancia e no mundo&#8221;, afirma a m\u00e9dica.<\/p>\n<p>Com mais de 11 anos de atua\u00e7\u00e3o na ind\u00fastria farmac\u00eautica, sendo os \u00faltimos tr\u00eas na Merz Aeshetics, Monalisa conta que tem visto um crescente avan\u00e7o na atua\u00e7\u00e3o feminina no mercado de pesquisa cl\u00ednica gra\u00e7as a grandes esfor\u00e7os de mulheres brilhantes que v\u00eam trabalhando, inspirando, contratando e mentorando novas profissionais mulheres.<\/p>\n<p>Para garantir um futuro em que mais mulheres possam contribuir para a ci\u00eancia, \u00e9 crucial investir na educa\u00e7\u00e3o e no apoio \u00e0s meninas desde cedo. Programas de mentoria, bolsas de estudo e iniciativas que promovam a ci\u00eancia entre as jovens s\u00e3o essenciais para quebrar os estere\u00f3tipos de g\u00eanero e encorajar mais meninas a seguir carreiras cient\u00edficas.<\/p>\n<p>Sheini S\u00e1nchez, Medical Affairs Specialist na Merz Aesthetics M\u00e9xico trilhou um caminho focado em educa\u00e7\u00e3o, mostrando o quanto \u00e9 importante incentivar a forma\u00e7\u00e3o de meninas que almejam uma carreira no campo da ci\u00eancia. &#8220;Eu estudei para ser Qu\u00edmica Farmac\u00eautica Bi\u00f3loga. Depois, fiz um Mestrado em Ci\u00eancias em Neurometabolismo, uma Especializa\u00e7\u00e3o em Instrumenta\u00e7\u00e3o Anal\u00edtica e um Doutorado em Ci\u00eancias em Biomedicina. Eu fui bolsista do CONACyT durante os seis anos que cursei minha p\u00f3s-gradua\u00e7\u00e3o&#8221;, conta Sheini.<\/p>\n<p>Ap\u00f3s se formar, Sheini come\u00e7ou a atuar com pesquisa cl\u00ednica e hoje, na Merz, ela continua a trabalhar na \u00e1rea que escolheu seguir carreira. &#8220;Adoro o cargo que ocupo atualmente, pois sou respons\u00e1vel por gerar as evid\u00eancias cient\u00edficas dos produtos Merz. O que fa\u00e7o \u00e9 dar suporte aos nossos palestrantes para que todas as informa\u00e7\u00f5es que eles coletaram (ou coletar\u00e3o) de seus pacientes sejam publicadas em revistas cient\u00edficas para que os produtos do nosso portf\u00f3lio continuem tendo esse respaldo cient\u00edfico que \u00e9 um dos pilares fundamentais da empresa&#8221;, explica.<\/p>\n<p>Assim como Monalisa e Sheini, existem diversas outras profissionais tanto na Merz Aesthetics&reg;, quanto em outros locais que servem de exemplo para as novas gera\u00e7\u00f5es. Destacar modelos femininos na ci\u00eancia compartilhando suas hist\u00f3rias de sucesso \u00e9 um passo importante para expandir o acesso a essa \u00e1rea de atua\u00e7\u00e3o. Quando as meninas veem mulheres bem-sucedidas em campos cient\u00edficos, elas podem se imaginar seguindo caminhos semelhantes. A visibilidade e a representa\u00e7\u00e3o s\u00e3o ferramentas poderosas para inspirar e motivar.<\/p>\n<p><b>Sobre Merz Aesthetics&reg;<\/b> \u00a0<br \/>A Merz Aesthetics&reg; atua no segmento de medicina est\u00e9tica com uma longa hist\u00f3ria de empoderamento de profissionais de sa\u00fade, pacientes e colaboradores para viverem todos os dias com confian\u00e7a. Nosso objetivo \u00e9 ajudar as pessoas ao redor do mundo a se verem, se sentirem e viverem como as melhores vers\u00f5es de si mesmas ? seja qual for a defini\u00e7\u00e3o delas. Clinicamente comprovado, seu portf\u00f3lio de produtos inclui injet\u00e1veis, dispositivos e tratamentos de cuidados com a pele projetados para atender \u00e0s necessidades de cada paciente com altos padr\u00f5es de seguran\u00e7a e efic\u00e1cia. Sendo propriedade familiar h\u00e1 mais de 115 anos, a Merz Aesthetics&reg; \u00e9 conhecida por construir conex\u00f5es \u00fanicas com clientes que se sentem em fam\u00edlia. A sede global da Merz Aesthetics&reg; fica em <span class=\"xn-location\">Raleigh, N.C.<\/span>, EUA, com presen\u00e7a comercial em 90 pa\u00edses em todo o mundo. Tamb\u00e9m faz parte do Merz Group, fundado em 1908 e sediado em <span class=\"xn-location\">Frankfurt<\/span>, na Alemanha. Saiba mais em merzaesthetics.com.??\u00a0<\/p>\n<p id=\"PURL\"><img loading=\"lazy\" decoding=\"async\" title=\"Cision\" width=\"12\" height=\"12\" alt=\"Cision\" src=\"https:\/\/c212.net\/c\/img\/favicon.png?sn=PT15767&amp;sd=2025-02-11\" \/> View original content:<a id=\"PRNURL\" rel=\"nofollow\" href=\"https:\/\/www.prnewswire.com\/br\/comunicados-para-a-imprensa\/dia-internacional-das-mulheres-e-meninas-na-ciencia-merz-aesthetics-latam-celebra-a-atuacao-feminina-na-medicina-estetica-302372633.html\" target=\"_blank\">https:\/\/www.prnewswire.com\/br\/comunicados-para-a-imprensa\/dia-internacional-das-mulheres-e-meninas-na-ciencia-merz-aesthetics-latam-celebra-a-atuacao-feminina-na-medicina-estetica-302372633.html<\/a><\/p>\n<p>FONTE  Merz Aesthetics Latam<\/p>\n<\/div>\n<p><img decoding=\"async\" alt=\"\" src=\"https:\/\/rt.prnewswire.com\/rt.gif?NewsItemId=PT15767&amp;Transmission_Id=202502110500PR_NEWS_LATAM____PT15767&amp;DateId=20250211\" style=\"border:0px;width:1px;height:1px\" \/><\/p>\n<p>A <b>OESP<\/b> n\u00e3o \u00e9(s\u00e3o) respons\u00e1vel(is) por erros, incorre\u00e7\u00f5es, atrasos ou quaisquer decis\u00f5es tomadas por seus clientes com base nos Conte\u00fados ora disponibilizados, bem como tais Conte\u00fados n\u00e3o representam a opini\u00e3o da <b>OESP<\/b> e s\u00e3o de inteira responsabilidade da <b>PR Newswire Ltda<\/b><\/p>\n","protected":false},"excerpt":{"rendered":"68.5% dos colaboradores da empresa s\u00e3o mulheres","protected":false},"author":1,"featured_media":0,"comment_status":"open","ping_status":"closed","sticky":false,"template":"","format":"standard","meta":{"_acf_changed":false,"inline_featured_image":false,"_monsterinsights_skip_tracking":false,"_monsterinsights_sitenote_active":false,"_monsterinsights_sitenote_note":"","_monsterinsights_sitenote_category":0,"footnotes":""},"categories":[31],"tags":[],"class_list":["post-106040","post","type-post","status-publish","format-standard","hentry","category-prnewsinternacional"],"acf":[],"_links":{"self":[{"href":"https:\/\/bluestudio.estadao.com.br\/agencia-de-comunicacao\/wp-json\/wp\/v2\/posts\/106040","targetHints":{"allow":["GET"]}}],"collection":[{"href":"https:\/\/bluestudio.estadao.com.br\/agencia-de-comunicacao\/wp-json\/wp\/v2\/posts"}],"about":[{"href":"https:\/\/bluestudio.estadao.com.br\/agencia-de-comunicacao\/wp-json\/wp\/v2\/types\/post"}],"author":[{"embeddable":true,"href":"https:\/\/bluestudio.estadao.com.br\/agencia-de-comunicacao\/wp-json\/wp\/v2\/users\/1"}],"replies":[{"embeddable":true,"href":"https:\/\/bluestudio.estadao.com.br\/agencia-de-comunicacao\/wp-json\/wp\/v2\/comments?post=106040"}],"version-history":[{"count":0,"href":"https:\/\/bluestudio.estadao.com.br\/agencia-de-comunicacao\/wp-json\/wp\/v2\/posts\/106040\/revisions"}],"wp:attachment":[{"href":"https:\/\/bluestudio.estadao.com.br\/agencia-de-comunicacao\/wp-json\/wp\/v2\/media?parent=106040"}],"wp:term":[{"taxonomy":"category","embeddable":true,"href":"https:\/\/bluestudio.estadao.com.br\/agencia-de-comunicacao\/wp-json\/wp\/v2\/categories?post=106040"},{"taxonomy":"post_tag","embeddable":true,"href":"https:\/\/bluestudio.estadao.com.br\/agencia-de-comunicacao\/wp-json\/wp\/v2\/tags?post=106040"}],"curies":[{"name":"wp","href":"https:\/\/api.w.org\/{rel}","templated":true}]}}