{"id":105362,"date":"2025-01-22T18:28:00","date_gmt":"2025-01-22T21:28:00","guid":{"rendered":"https:\/\/bluestudio.estadao.com.br\/agencia-de-comunicacao\/prnewswire\/prnewseconomia\/pele-acneica-no-verao-como-curtir-o-calor-sem-deixar-de-lado-o-skincare-3\/"},"modified":"2025-01-22T18:28:00","modified_gmt":"2025-01-22T21:28:00","slug":"pele-acneica-no-verao-como-curtir-o-calor-sem-deixar-de-lado-o-skincare-3","status":"publish","type":"post","link":"https:\/\/bluestudio.estadao.com.br\/agencia-de-comunicacao\/prnewswire\/prnewseconomia\/pele-acneica-no-verao-como-curtir-o-calor-sem-deixar-de-lado-o-skincare-3\/","title":{"rendered":"Pele acneica no ver\u00e3o: como curtir o calor sem deixar de lado o skincare?"},"content":{"rendered":"<p><b>PR NEWSWIRE<\/b><\/p>\n<div class=\"xn-content\">\n<p class=\"prntac\"><i>Aprenda a cuidar da pele para evitar oleosidade, poros obstru\u00eddos, espinhas e manchas<\/i><\/p>\n<div class=\"PRN_ImbeddedAssetReference\" id=\"DivAssetPlaceHolder2992\">\n<a href=\"https:\/\/mma.prnewswire.com\/media\/2603980\/LINHA_OIL_CONTROL.html\" target=\"_blank\" rel=\"nofollow\"><img decoding=\"async\" src=\"https:\/\/mma.prnewswire.com\/media\/2603980\/LINHA_OIL_CONTROL.jpg\" title=\"\" alt=\"\" \/><\/a><\/p>\n<\/div>\n<p class=\"prntac\">\u00a0<\/p>\n<p><span class=\"legendSpanClass\">S\u00c3O PAULO<\/span>, <span class=\"legendSpanClass\">22 de janeiro de 2025<\/span> \/PRNewswire\/ &#8212; O ver\u00e3o \u00e9 uma das \u00e9pocas mais aguardadas do ano. Por\u00e9m, para quem tem pele com tend\u00eancia \u00e0 acne, \u00e9 essencial adotar cuidados espec\u00edficos. Segundo a Sociedade Brasileira de Dermatologia (SBD)<sup>1<\/sup>, deve-se dar uma aten\u00e7\u00e3o especial \u00e0 chamada acne solar, uma condi\u00e7\u00e3o provocada pela combina\u00e7\u00e3o de fatores como o aumento da oleosidade da pele, sudorese, uso inadequado de filtros solares e a pr\u00f3pria exposi\u00e7\u00e3o \u00e0 radia\u00e7\u00e3o solar.<\/p>\n<p>Sendo assim, com a chegada do ver\u00e3o, \u00e9 essencial seguir alguns cuidados para manter a sa\u00fade da pele acneica. A Dra. <span class=\"xn-person\">Juliana Martins<\/span> (CRMO-PA10187), m\u00e9dica dermatologista e membro da SBD, refor\u00e7a que os cuidados devem ser redobrados nesta \u00e9poca do ano. &#8220;O calor e a umidade podem intensificar a produ\u00e7\u00e3o de sebo, levando ao surgimento de cravos e espinhas. Uma rotina de skincare pr\u00e1tica e eficaz \u00e9 indispens\u00e1vel para evitar problemas&#8221;, afirma a especialista.<\/p>\n<p>Veja abaixo algumas dicas da Dra. Juliana sobre ter uma rotina de skincare adequada para pele acneica durante o ver\u00e3o:<\/p>\n<p><b>1\u00a0&#8211; Limpeza suave e eficaz<\/b><\/p>\n<p>Inicie e termine o dia lavando o rosto com um sabonete espec\u00edfico para peles oleosas, preferencialmente com ativos como \u00e1cido salic\u00edlico. &#8220;Esse ingrediente \u00e9 um excelente aliado no controle da oleosidade, pois tem a capacidade de penetrar nos poros e dissolver os cravos e impurezas acumuladas, evitando obstru\u00e7\u00f5es. Al\u00e9m disso, o \u00e1cido salic\u00edlico possui propriedades anti-inflamat\u00f3rias que ajudam a reduzir a vermelhid\u00e3o e a inflama\u00e7\u00e3o das les\u00f5es acneicas, sem causar ressecamento ou irrita\u00e7\u00e3o&#8221;, explica a m\u00e9dica.<\/p>\n<p><b>2 &#8211; Hidrata\u00e7\u00e3o leve<\/b><\/p>\n<p>De acordo com Dra. Juliana, mesmo peles oleosas precisam de hidrata\u00e7\u00e3o, pois a falta de \u00e1gua pode levar ao aumento da produ\u00e7\u00e3o de sebo, agravando problemas como acne. Por isso, \u00e9 essencial usar hidratantes espec\u00edficos para pele oleosa, que ofere\u00e7am hidrata\u00e7\u00e3o sem sobrecarregar a pele. Optar por produtos matificantes \u00e9 uma boa escolha, j\u00e1 que eles ajudam a controlar a oleosidade ao longo do dia, mantendo a pele com aspecto fresco e equilibrado.<\/p>\n<p><b>3 &#8211; Prote\u00e7\u00e3o solar indispens\u00e1vel<\/b><\/p>\n<p>Ao escolher o protetor solar para pele acneica, evite f\u00f3rmulas que possam obstruir os poros. Optar por protetores com toque seco ou base aquosa \u00e9 fundamental, pois esses tipos de produtos s\u00e3o mais leves e menos propensos a causar acne. Prefira vers\u00f5es n\u00e3o comedog\u00eanicas, ou seja, que n\u00e3o bloqueiem os poros, para prevenir o surgimento de espinhas.<\/p>\n<p><b>4 &#8211; Cuidados pontuais<\/b><\/p>\n<p>Para cuidar de les\u00f5es de acne de forma eficaz, a dermatologista recomenda apostar em produtos com ingredientes como per\u00f3xido de benzo\u00edla, que possui forte a\u00e7\u00e3o anti-inflamat\u00f3ria e antibacteriana. &#8220;Esse ativo penetra nos poros e combate as bact\u00e9rias causadoras da acne, ajudando a reduzir a inflama\u00e7\u00e3o e a quantidade de espinhas ativas. Al\u00e9m disso, o per\u00f3xido de benzo\u00edla auxilia na preven\u00e7\u00e3o de novas les\u00f5es ao desobstruir os poros e controlar a oleosidade excessiva&#8221;, afirma a dermatologista.<\/p>\n<p><b>5 &#8211; Esfolia\u00e7\u00e3o com modera\u00e7\u00e3o<\/b><\/p>\n<p>A esfolia\u00e7\u00e3o pode ser realizada uma ou duas vezes por semana, utilizando produtos com microesferas de s\u00edlica, que ajudam a remover as c\u00e9lulas mortas da pele de forma suave, sem causar irrita\u00e7\u00f5es. Esse processo \u00e9 fundamental para prevenir a obstru\u00e7\u00e3o dos poros, promovendo uma pele mais limpa e renovada. &#8220;No entanto, \u00e9 importante evitar esfoliar a pele antes da exposi\u00e7\u00e3o ao sol, pois a esfolia\u00e7\u00e3o pode tornar a pele mais sens\u00edvel e vulner\u00e1vel aos danos causados pelos raios UV&#8221;, alerta Dra. Juliana.<\/p>\n<p>Seguir essa rotina proposta pela especialista ajuda a proteger a pele acneica dos efeitos do calor e da umidade no ver\u00e3o. Para personalizar os cuidados, consulte um dermatologista que possa indicar os melhores ativos e concentra\u00e7\u00f5es para a sua pele.<\/p>\n<p>Conhe\u00e7a abaixo alguns produtos que podem ajudar no passo a passo sugerido acima:<\/p>\n<p><a href=\"https:\/\/www.cetaphil.com.br\/linhas\/oil-control\/sabonete-facial-antiacne-250ml\/7897930778160.html\" target=\"_blank\" rel=\"nofollow\"><b>Cetaphil&reg; Oil Control Sabonete de Limpeza Profunda <\/b><\/a>apresenta uma f\u00f3rmula avan\u00e7ada, que oferece 81% de redu\u00e7\u00e3o da oleosidade da pele imediatamente ap\u00f3s o uso<sup>2*<\/sup>, controlando-a por 14 horas<sup>3<\/sup>. Al\u00e9m do \u00e1cido salic\u00edlico, a f\u00f3rmula apresenta ingredientes como extrato de ch\u00e1 branco e aloe vera.<\/p>\n<p><a href=\"https:\/\/www.cetaphil.com.br\/linhas\/oil-control\/gel-de-limpeza-facial-250ml\/7897930778146.html\" target=\"_blank\" rel=\"nofollow\"><b>Cetaphil<\/b><b>&reg;<\/b>\u00a0<b>Oil Control Gel de Limpeza Facial<\/b><\/a>\u00a0possui f\u00f3rmula inovadora, com uma combina\u00e7\u00e3o de niacinamida (vitamina B3) e pantenol (pr\u00f3-vitamina B5), que limpa profundamente a pele oleosa e reduz os poros sem retirar a hidrata\u00e7\u00e3o natural da pele<sup>4<\/sup>. Clinicamente testado, traz uma redu\u00e7\u00e3o na apar\u00eancia dos poros ap\u00f3s 28 dias de uso<sup>5<\/sup>.<\/p>\n<p><a href=\"https:\/\/www.cetaphil.com.br\/linhas\/oil-control\/hidratante-facial\/7897930778177.html\" target=\"_blank\" rel=\"nofollow\"><b>Cetaphil&reg; Oil Control Hidratante Matificante Antimanchas<\/b><\/a>\u00a0possui uma f\u00f3rmula avan\u00e7ada que contribui para o controle da oleosidade. Al\u00e9m de 98% dos usu\u00e1rios sentirem al\u00edvio no ressecamento imediatamente ap\u00f3s o uso<sup>6**<\/sup>, oferece 48 horas<sup>7<\/sup> de hidrata\u00e7\u00e3o e 95% dos usu\u00e1rios perceberam o tom da pele mais uniforme e menos vermelho ap\u00f3s 7 dias de uso<sup>8**<\/sup>.<\/p>\n<p><a href=\"https:\/\/www.cetaphil.com.br\/linhas\/oil-control\/serum-facial-antiacne\/7897930778184.html\" target=\"_blank\" rel=\"nofollow\"><b>Cetaphil&reg; Oil Control S\u00e9rum Tripla A\u00e7\u00e3o para Controle de Oleosidade<\/b><\/a>\u00a0combina ingredientes que ajudam a reduzir as manchas causadas pela acne e acalmam a pele<sup>9<\/sup>. Em apenas 7 dias<sup>10<\/sup>, o s\u00e9rum demonstra resultados not\u00e1veis, melhorando significativamente a textura da pele, reduzindo a vermelhid\u00e3o e a apar\u00eancia dos poros<sup>11<\/sup>.<\/p>\n<p><a href=\"https:\/\/www.dermotivin.com.br\/products\/salix\" target=\"_blank\" rel=\"nofollow\"><b>Dermotivin&reg; Salix Sabonete<\/b><\/a>, com \u00e1cido salic\u00edlico em sua f\u00f3rmula, possui uma a\u00e7\u00e3o secativa antiacne<sup>***<\/sup>, combate cravos e espinhas e promove a desobstru\u00e7\u00e3o dos poros<sup>12<\/sup>, ideal para quem possui a pele muito oleosa e acneica, controla a oleosidade por at\u00e9 9 horas<sup>13<\/sup>.<\/p>\n<p><a href=\"https:\/\/www.dermotivin.com.br\/benzac\/produtos\/dermotivin-benzac-oil-control-sabonete-liquido-facial-70ml\" target=\"_blank\" rel=\"nofollow\"><b>Dermotivin&reg; Benzac Oil Control<\/b>\u00a0<b>Sabonete L\u00edquido<\/b><\/a>\u00a0tem efeito adstringente<sup>14<\/sup>, evita cravos e espinhas<sup>15<\/sup> e reduz a oleosidade e o excesso de brilho<sup>16****<\/sup>. Uma op\u00e7\u00e3o interessante que pode contribuir com a rotina dos adolescentes.<\/p>\n<p><a href=\"https:\/\/www.dermotivin.com.br\/benzac\/produtos\/oil-control-hidratante-matificante-50ml\" target=\"_blank\" rel=\"nofollow\"><b>Dermotivin&reg; Benzac Oil Control<\/b><\/a><b>\u00a0Hidratante Matificante<\/b>\u00a0promove hidrata\u00e7\u00e3o por 24 horas<sup>17<\/sup>, enquanto reduz a oleosidade por 12 horas<sup>18*****.<\/sup> Al\u00e9m disso, 89,7% dos usu\u00e1rios notaram que o produto \u00e9 rapidamente absorvido pela pele<sup>19******<\/sup>, \u00f3timo para quem gosta de manter a pele mais sequinha.<\/p>\n<p>Os <b>G\u00e9is de Tratamento Antiacne Dermotivin&reg; Benzac<\/b> podem ser op\u00e7\u00f5es para esses casos. Eles est\u00e3o dispon\u00edveis nas vers\u00f5es <a href=\"https:\/\/www.dermotivin.com.br\/benzac\/produtos\/gel-tratamento-antiacne-5\" target=\"_blank\" rel=\"nofollow\"><b>5%<\/b><\/a>\u00a0e <a href=\"https:\/\/www.dermotivin.com.br\/benzac\/produtos\/gel-tratamento-antiacne-10\" target=\"_blank\" rel=\"nofollow\"><b>10%<\/b><\/a>, e oferecem a\u00e7\u00e3o anti-inflamat\u00f3ria, diminuindo as espinhas<sup>20-22<\/sup>. Al\u00e9m disso, tamb\u00e9m eliminam 94% das bact\u00e9rias que causam acne, em 1 semana<sup>23*******<\/sup>.<\/p>\n<p><i>DERMOTIVIN BENZAC 5% e 10% (per\u00f3xido de benzo\u00edla) \u00e9 indicado para o tratamento t\u00f3pico da acne. SE PERSISTIREM OS SINTOMAS, O M\u00c9DICO DEVER\u00c1 SER CONSULTADO. DERMOTIVIN&reg; 5% e 10% S\u00c3O MEDICAMENTOS. SEU USO PODE TRAZER RISCOS. PROCURE O M\u00c9DICO E O FARMAC\u00caUTICO. LEIA A BULA (Rotulagem). MEDICAMENTO DE NOTIFICA\u00c7\u00c3O SIMPLIFICADA RDC N\u00ba 199\/2006. AFE N\u00ba 1.02916.7<\/i><\/p>\n<p><a href=\"https:\/\/www.dermotivin.com.br\/dermotivin\/produtos\/scrub-esfoliante-60g\" target=\"_blank\" rel=\"nofollow\"><b>Dermotivin&reg; Scrub Sabonete Esfoliante Facial<\/b><\/a>\u00a0\u00e9 indicado para todos os tipos de pele. Cont\u00e9m microesferas de s\u00edlica, que esfoliam a pele e removem as c\u00e9lulas mortas<sup>24<\/sup>. Em sua f\u00f3rmula, tamb\u00e9m h\u00e1 bisabolol, um composto que acalma a pele<sup>24<\/sup>. Como resultado, proporciona uma pele mais uniforme, deixando uma agrad\u00e1vel sensa\u00e7\u00e3o de limpeza profunda<sup>********<\/sup>. Al\u00e9m disso, Dermotivin Scrub \u00e9 o esfoliante facial mais prescrito por dermatologistas<sup>*********<\/sup>.<\/p>\n<p>Vale ressaltar que, antes de iniciar os cuidados com qualquer ativo, \u00e9 essencial seguir as orienta\u00e7\u00f5es de um m\u00e9dico dermatologista.<\/p>\n<p><b><i>Refer\u00eancias:<\/i><\/b><\/p>\n<p><i>*Estudo cl\u00ednico de sebumetria feito com 40 pessoas<\/i><\/p>\n<p><i>** Estudo de autopercep\u00e7\u00e3o feito com 40 pessoas<\/i><\/p>\n<p><i>***estudo de percep\u00e7\u00e3o realizado com 30 participantes<\/i><\/p>\n<p><i>****Estudo de percep\u00e7\u00e3o realizado com 32 participantes ap\u00f3s 28 dias de uso<\/i><\/p>\n<p><i>*****Avalia\u00e7\u00e3o feita imediatamente (30 minutos), 2, 4, 6, 8, 10 e 12 horas ap\u00f3s a aplica\u00e7\u00e3o do produto, N=29<\/i><\/p>\n<p><i>******Avalia\u00e7\u00e3o feita imediatamente (30 minutos) ap\u00f3s a aplica\u00e7\u00e3o do produto, N=29<\/i><\/p>\n<p><i>*******Avalia\u00e7\u00e3o realizada com gel PBO 5%, atividade bactericida equivalente demonstrada in vitro<\/i><\/p>\n<p><i>*********Estudo de autopercep\u00e7\u00e3o feito com 72 pessoas<\/i><\/p>\n<p><i>*********Pesquisa realizada com 200 dermatologistas &copy; Inception | Dezembro de 2022<\/i><\/p>\n<p><i>1. <\/i>Dispon\u00edvel em:\u00a0<a href=\"https:\/\/www.sbd.org.br\/cuidados\/cuidados-com-a-pele-no-verao\/\" target=\"_blank\" rel=\"nofollow\">https:\/\/www.sbd.org.br\/cuidados\/cuidados-com-a-pele-no-verao\/<\/a>, consulta em: <span class=\"xn-chron\">09\/11\/2024<\/span><br \/><i>2. RD.53.SPR.205696 (1773)\u00a0<br \/><\/i><i>3. RE-GAL019-23-A-1-R2 (FIL 1773)<br \/><\/i><i>4-5. RD.27.SPR.203742 (FIL 1744)<br \/><\/i><i>6. RD.53.SPR.205957 (1753)\u00a0<br \/><\/i><i>7. RD.53.SPR.204539 (1753)<br \/><\/i><i>8. RD.53.SPR.205957 (1753)\u00a0<br \/><\/i><i>9-11. RD.53.SPR.204919 &#8211; P3017-2 (FIL 1822) <br \/><\/i><i>12. All-S-EP-ACN-UDO-32145-<span class=\"xn-chron\">03-03-12<\/span> ESTUDO CL\u00cdNICO, ABERTO, DA TOLERABILIDADE CUTANEA E OCULAR, DO POTE<\/i>\u00a0<br \/><i>13. EN21-0540-01 (FIL 1636)<\/i>\u00a0<br \/><i>14. Per-E-EP-29574-<span class=\"xn-chron\">03-09-11<\/span> ESTUDO CL\u00cdNICO DA EFIC\u00c1CIA PERCEBIDA DO PRODUTO COSM\u00c9TICO FACIAL SABONETE L\u00cd <\/i>\u00a0<br \/><i>15. Data On File Oil Control Liquido All-S-ACN-29574-<span class=\"xn-chron\">03-09-11<\/span> &#8211; Acnegenico Comedogenico<\/i>\u00a0<br \/><i>16.Per-E-EP-29574-<span class=\"xn-chron\">03-09-11<\/span> ESTUDO CL\u00cdNICO DA EFIC\u00c1CIA PERCEBIDA DO PRODUTO COSM\u00c9TICO FACIAL SABONETE L\u00cd<\/i>\u00a0<br \/><i>17. ESTUDO CL\u00cdNICO, ABERTO, ALEATORIZADO, CONTROLADO DO EFEITO HIDRATANTE (CORNEOMETRIA) DO PRODUTO DE U; N= 27<\/i>\u00a0<br \/><i>18-19. ESTUDO CL\u00cdNICO DO POTENCIAL ACNEG\u00caNICO E COMEDOG\u00caNICO E DA; 7.17706174 Knackstedt R et al. Exp Dermatol. 2020 Jan;29(1):15-21<\/i>\u00a0<br \/><i>20. A Current Review of Topical Benzoyl Peroxide<br \/>21. A comparative study of benzoyl peroxide and clindamycin phosphate for treating acne vulgaris \/ Combination of benzoyl peroxide 5% gel with liquid cleanser and moisturizer SPF 30 in acne treatment<br \/>22. 19541592 Boonchaya P,et al. Clin Cosmet Investig Dermatol. 2022 Mar 10;15:403-409 \/ 19541592 Boonchaya P,et al. Clin Cosmet Investig Dermatol. 2022 Mar 10;15:403-409 <\/i>\u00a0<br \/><i>23. 11-26146-01-04-11-V01 AVALIA\u00c7\u00c3O SENSORIAL. HOME USE TEST SABONETE L\u00cdQUIDO FACIAL DERMOTIVIN SCRUB<br \/>24. #10?-(-)-bisabolol reduces pro-inflammatory cytokine production and ameliorates skin inflammation<\/i><\/p>\n<p><b>Sobre a Galderma<\/b><\/p>\n<p>A Galderma \u00e9 uma das empresas l\u00edderes em dermatologia, presente em aproximadamente 90 pa\u00edses. Oferecemos um portf\u00f3lio inovador, embasado em ci\u00eancia, com marcas e servi\u00e7os premium que abrangem todo o universo do mercado dermatol\u00f3gico em r\u00e1pido crescimento, por meio dos neg\u00f3cios de Est\u00e9tica Injet\u00e1vel e Skincare Dermatol\u00f3gico &amp; Dermatologia Terap\u00eautica. Desde a nossa funda\u00e7\u00e3o, em 1981, dedicamos nosso foco e paix\u00e3o ao maior \u00f3rg\u00e3o do corpo humano &#8211; a pele &#8211; atendendo \u00e0s necessidades individuais de consumidores e pacientes com resultados superiores, em parceria com profissionais de sa\u00fade. Estamos avan\u00e7ando a dermatologia para cada hist\u00f3ria de pele, por entender que a pele em que estamos molda nossas vidas. Para mais informa\u00e7\u00f5es: <a href=\"https:\/\/www.cetaphil.com.br\/\" target=\"_blank\" rel=\"nofollow\">https:\/\/www.cetaphil.com.br\/<\/a>\u00a0e <a href=\"https:\/\/www.dermotivin.com.br\/\" target=\"_blank\" rel=\"nofollow\">https:\/\/www.dermotivin.com.br\/<\/a>\u00a0<\/p>\n<p>Foto &#8211; <a href=\"https:\/\/mma.prnewswire.com\/media\/2603980\/LINHA_OIL_CONTROL.jpg\" target=\"_blank\" rel=\"nofollow\">https:\/\/mma.prnewswire.com\/media\/2603980\/LINHA_OIL_CONTROL.jpg<\/a><\/p>\n<div class=\"PRN_ImbeddedAssetReference\" id=\"DivAssetPlaceHolder0\"><\/div>\n<p id=\"PURL\"><img loading=\"lazy\" decoding=\"async\" title=\"Cision\" width=\"12\" height=\"12\" alt=\"Cision\" src=\"https:\/\/c212.net\/c\/img\/favicon.png?sn=PT02156&amp;sd=2025-01-22\" \/> View original content to download multimedia:<a id=\"PRNURL\" rel=\"nofollow\" href=\"https:\/\/www.prnewswire.com\/br\/comunicados-para-a-imprensa\/pele-acneica-no-verao-como-curtir-o-calor-sem-deixar-de-lado-o-skincare-302357887.html\" target=\"_blank\">https:\/\/www.prnewswire.com\/br\/comunicados-para-a-imprensa\/pele-acneica-no-verao-como-curtir-o-calor-sem-deixar-de-lado-o-skincare-302357887.html<\/a><\/p>\n<p>FONTE  Galderma<\/p>\n<\/div>\n<p><img decoding=\"async\" alt=\"\" src=\"https:\/\/rt.prnewswire.com\/rt.gif?NewsItemId=PT02156&amp;Transmission_Id=202501221622PR_NEWS_LATAM____PT02156&amp;DateId=20250122\" style=\"border:0px;width:1px;height:1px\" \/><\/p>\n<p>A <b>OESP<\/b> n\u00e3o \u00e9(s\u00e3o) respons\u00e1vel(is) por erros, incorre\u00e7\u00f5es, atrasos ou quaisquer decis\u00f5es tomadas por seus clientes com base nos Conte\u00fados ora disponibilizados, bem como tais Conte\u00fados n\u00e3o representam a opini\u00e3o da <b>OESP<\/b> e s\u00e3o de inteira responsabilidade da <b>PR Newswire Ltda<\/b><\/p>\n","protected":false},"excerpt":{"rendered":"Aprenda a cuidar da pele para evitar oleosidade, poros obstru\u00eddos, espinhas e manchas","protected":false},"author":1,"featured_media":0,"comment_status":"open","ping_status":"closed","sticky":false,"template":"","format":"standard","meta":{"_acf_changed":false,"inline_featured_image":false,"_monsterinsights_skip_tracking":false,"_monsterinsights_sitenote_active":false,"_monsterinsights_sitenote_note":"","_monsterinsights_sitenote_category":0,"footnotes":""},"categories":[29],"tags":[],"class_list":["post-105362","post","type-post","status-publish","format-standard","hentry","category-prnewseconomia"],"acf":[],"_links":{"self":[{"href":"https:\/\/bluestudio.estadao.com.br\/agencia-de-comunicacao\/wp-json\/wp\/v2\/posts\/105362","targetHints":{"allow":["GET"]}}],"collection":[{"href":"https:\/\/bluestudio.estadao.com.br\/agencia-de-comunicacao\/wp-json\/wp\/v2\/posts"}],"about":[{"href":"https:\/\/bluestudio.estadao.com.br\/agencia-de-comunicacao\/wp-json\/wp\/v2\/types\/post"}],"author":[{"embeddable":true,"href":"https:\/\/bluestudio.estadao.com.br\/agencia-de-comunicacao\/wp-json\/wp\/v2\/users\/1"}],"replies":[{"embeddable":true,"href":"https:\/\/bluestudio.estadao.com.br\/agencia-de-comunicacao\/wp-json\/wp\/v2\/comments?post=105362"}],"version-history":[{"count":0,"href":"https:\/\/bluestudio.estadao.com.br\/agencia-de-comunicacao\/wp-json\/wp\/v2\/posts\/105362\/revisions"}],"wp:attachment":[{"href":"https:\/\/bluestudio.estadao.com.br\/agencia-de-comunicacao\/wp-json\/wp\/v2\/media?parent=105362"}],"wp:term":[{"taxonomy":"category","embeddable":true,"href":"https:\/\/bluestudio.estadao.com.br\/agencia-de-comunicacao\/wp-json\/wp\/v2\/categories?post=105362"},{"taxonomy":"post_tag","embeddable":true,"href":"https:\/\/bluestudio.estadao.com.br\/agencia-de-comunicacao\/wp-json\/wp\/v2\/tags?post=105362"}],"curies":[{"name":"wp","href":"https:\/\/api.w.org\/{rel}","templated":true}]}}