{"id":105318,"date":"2025-01-21T11:27:00","date_gmt":"2025-01-21T14:27:00","guid":{"rendered":"https:\/\/bluestudio.estadao.com.br\/agencia-de-comunicacao\/releases\/releases-geral\/neoviva-a-primeira-clinica-de-tratamento-de-dependencia-quimica-da-suica-a-oferecer-garantia\/"},"modified":"2025-01-21T11:27:00","modified_gmt":"2025-01-21T14:27:00","slug":"neoviva-a-primeira-clinica-de-tratamento-de-dependencia-quimica-da-suica-a-oferecer-garantia","status":"publish","type":"post","link":"https:\/\/bluestudio.estadao.com.br\/agencia-de-comunicacao\/releases\/releases-geral\/neoviva-a-primeira-clinica-de-tratamento-de-dependencia-quimica-da-suica-a-oferecer-garantia\/","title":{"rendered":"Neoviva, a primeira cl\u00ednica de tratamento de depend\u00eancia qu\u00edmica da Su\u00ed\u00e7a a oferecer garantia"},"content":{"rendered":"<p><b>NEOVIVA AG<\/b><\/p>\n<p>LUCERNA, Su\u00ed\u00e7a, Jan.  21, 2025  (GLOBE NEWSWIRE) &#8212; Neoviva, um centro de reabilita\u00e7\u00e3o l\u00edder de luxo, lan\u00e7a o primeiro e \u00fanico programa da Su\u00ed\u00e7a com garantia no tratamento de depend\u00eancia qu\u00edmica. Com uma abordagem estruturada e personalizada, o programa da Neoviva responde \u00e0s necessidades exclusivas de cada cliente, combinando m\u00e9todos terap\u00eauticos de ponta com cuidados p\u00f3s-tratamento integrais. A Garantia Neoviva \u00e9 uma prova da efic\u00e1cia do seu programa personalizado, Programa Signature, e reflete a confian\u00e7a na capacidade do programa de ajudar os clientes a alcan\u00e7ar uma recupera\u00e7\u00e3o sustent\u00e1vel.<\/p>\n<p>&#8220;Nosso hist\u00f3rico fala por si, com in\u00fameras hist\u00f3rias de sucesso de recupera\u00e7\u00e3o duradoura. A Garantia Neoviva \u00e9 a nossa forma de transformar palavras em a\u00e7\u00f5es. Estamos t\u00e3o convencidos da efic\u00e1cia do nosso programa que estamos dispostos a apoiar nossos clientes mesmo depois de eles deixarem nossas instala\u00e7\u00f5es. N\u00e3o se trata apenas de um tratamento, mas de uma parceria vital\u00edcia na recupera\u00e7\u00e3o&#8221;, afirma Fenina Erpf, CEO e Cofundadora da NEOVIVA, ao lado de Oliver Neubert, Fundador da NEOVIVA.<\/p>\n<p>Os clientes que completarem no m\u00ednimo seis semanas do programa Signature da Neoviva e aderirem ao plano de cuidados cont\u00ednuos de 30 semanas s\u00e3o eleg\u00edveis para a Garantia. Caso o cliente tenha uma reca\u00edda em at\u00e9 um ano ap\u00f3s concluir o programa, ele pode retornar por at\u00e9 quatro semanas de tratamento intensivo adicional, sem custo adicional.<sup>*<\/sup><\/p>\n<p>Localizada nas tranquilas margens do Lago de Lucerna, a unidade de reabilita\u00e7\u00e3o de luxo da NEOVIVA combina cuidados de alto n\u00edvel com um ambiente \u00fanico e sereno. Situada em um ambiente real de hotel, nossa cl\u00ednica oferece o equil\u00edbrio perfeito entre conforto, privacidade e discri\u00e7\u00e3o, garantindo um espa\u00e7o de apoio para a recupera\u00e7\u00e3o. Este ambiente exclusivo oferece aos clientes as ferramentas e estrat\u00e9gias essenciais para superar os desafios da vida p\u00f3s-tratamento, enquanto desfrutam da deslumbrante beleza dos Alpes su\u00ed\u00e7os.<\/p>\n<p>Sobre a Neoviva:<\/p>\n<p>A Neoviva \u00e9 um centro de reabilita\u00e7\u00e3o de luxo na Su\u00ed\u00e7a que oferece planos de tratamento personalizados para sa\u00fade mental e tratamento de depend\u00eancia qu\u00edmica. Com metodologias pioneiras, uma alta propor\u00e7\u00e3o de funcion\u00e1rios por cliente e um compromisso com a profunda transforma\u00e7\u00e3o pessoal, a Neoviva \u00e9 mais do que um centro de reabilita\u00e7\u00e3o: \u00e9 uma experi\u00eancia transformadora para quem busca uma recupera\u00e7\u00e3o duradoura.<\/p>\n<p><sup>*<\/sup>Aplicam-se termos e condi\u00e7\u00f5es.<\/p>\n<p>Uma foto acompanhando este an\u00fancio est\u00e1 dispon\u00edvel em <a href=\"https:\/\/www.globenewswire.com\/Tracker?data=N5MLFFh5sHHETCU-x_b1zaVwXBGHftguyBa0stenc-wgrsY1vOcckB_wzKoQZNhGGdrPFUageH5efQeeBg37mPefIzqAdxYmUImZ5w3BefFGmKMPsPB0dlFKLVMsQRpjeHWAtZIwOlJftc2jQjwjbXGUC_mo4UCoOWtEESg06XIsLAK-hSUh0RVteY2bYMBb3ucScxs8c2cAptSgpRdy5Dxq9DOCrUlJDWRivicjztJS1bzBVvvtepkI_q3YNCyKipg61wMbFzY0wGWTO6AKDw==\" rel=\"nofollow\" target=\"_blank\"><u>http:\/\/www.globenewswire.com\/NewsRoom\/AttachmentNg\/22e5d7be-00e5-4d4c-9f88-fde0ffc48718<\/u><\/a><\/p>\n<p> <img decoding=\"async\" alt=\"\" class=\"__GNW8366DE3E__IMG\" src=\"https:\/\/www.globenewswire.com\/newsroom\/ti?nf=MTAwMTA0NDIwMyM0MDIwNDc1MDEjMjI5Nzc0MA==\" \/> <br \/><img decoding=\"async\" alt=\"\" src=\"https:\/\/ml-eu.globenewswire.com\/media\/NmQ5ZDM5MGQtYTkxNi00NzZlLTlkODQtNzhkNzcyOTAzNjI4LTEzMDkyOTA=\/tiny\/NEOVIVA-AG.png\" \/><\/p>\n<pre>Para mais informa\u00e7\u00f5es, entre em contato com:\n\nFenina Erpf\nCEO e Cofundadora\nfenina.erpf@neoviva.com\n6354 Vitznau\nSu\u00ed\u00e7a\nTelefone: +41 58 100 08 00<\/pre>\n<p><a href=\"https:\/\/www.globenewswire.com\/NewsRoom\/AttachmentNg\/d3805328-b91c-4723-b385-32192f562f9e\"><img loading=\"lazy\" decoding=\"async\" src=\"https:\/\/ml-eu.globenewswire.com\/media\/d3805328-b91c-4723-b385-32192f562f9e\/small\/logo-neoviva-rgb-mint-jpg.jpg\" border=\"0\" width=\"150\" height=\"107\" alt=\"Primary Logo\" \/><\/a><\/p>\n<p>A <b>OESP<\/b> nao e(sao) responsavel(is) por erros, incorrecoes, atrasos ou quaisquer decisoes tomadas por seus clientes com base nos Conteudos ora disponibilizados, bem como tais Conteudos nao representam a opiniao da <b>OESP<\/b> e sao de inteira responsabilidade da <b>GlobeNewswire<\/b><\/p>\n","protected":false},"excerpt":{"rendered":"LUCERNA, Su\u00ed\u00e7a, Jan.  21, 2025  (GLOBE NEWSWIRE) &#8212; Neoviva, um centro de reabilita\u00e7\u00e3o l\u00edder de luxo, lan\u00e7a o primeiro e \u00fanico programa da Su\u00ed\u00e7a com garantia no tratamento","protected":false},"author":1,"featured_media":0,"comment_status":"open","ping_status":"closed","sticky":false,"template":"","format":"standard","meta":{"_acf_changed":false,"inline_featured_image":false,"_monsterinsights_skip_tracking":false,"_monsterinsights_sitenote_active":false,"_monsterinsights_sitenote_note":"","_monsterinsights_sitenote_category":0,"footnotes":""},"categories":[34],"tags":[],"class_list":["post-105318","post","type-post","status-publish","format-standard","hentry","category-releases-geral"],"acf":[],"_links":{"self":[{"href":"https:\/\/bluestudio.estadao.com.br\/agencia-de-comunicacao\/wp-json\/wp\/v2\/posts\/105318","targetHints":{"allow":["GET"]}}],"collection":[{"href":"https:\/\/bluestudio.estadao.com.br\/agencia-de-comunicacao\/wp-json\/wp\/v2\/posts"}],"about":[{"href":"https:\/\/bluestudio.estadao.com.br\/agencia-de-comunicacao\/wp-json\/wp\/v2\/types\/post"}],"author":[{"embeddable":true,"href":"https:\/\/bluestudio.estadao.com.br\/agencia-de-comunicacao\/wp-json\/wp\/v2\/users\/1"}],"replies":[{"embeddable":true,"href":"https:\/\/bluestudio.estadao.com.br\/agencia-de-comunicacao\/wp-json\/wp\/v2\/comments?post=105318"}],"version-history":[{"count":0,"href":"https:\/\/bluestudio.estadao.com.br\/agencia-de-comunicacao\/wp-json\/wp\/v2\/posts\/105318\/revisions"}],"wp:attachment":[{"href":"https:\/\/bluestudio.estadao.com.br\/agencia-de-comunicacao\/wp-json\/wp\/v2\/media?parent=105318"}],"wp:term":[{"taxonomy":"category","embeddable":true,"href":"https:\/\/bluestudio.estadao.com.br\/agencia-de-comunicacao\/wp-json\/wp\/v2\/categories?post=105318"},{"taxonomy":"post_tag","embeddable":true,"href":"https:\/\/bluestudio.estadao.com.br\/agencia-de-comunicacao\/wp-json\/wp\/v2\/tags?post=105318"}],"curies":[{"name":"wp","href":"https:\/\/api.w.org\/{rel}","templated":true}]}}