{"id":105164,"date":"2025-01-15T15:15:00","date_gmt":"2025-01-15T18:15:00","guid":{"rendered":"https:\/\/bluestudio.estadao.com.br\/agencia-de-comunicacao\/releases\/releases-geral\/seminario-internacional-de-maes-traz-novidades-em-sua-11-a-edicao\/"},"modified":"2025-01-20T12:44:17","modified_gmt":"2025-01-20T15:44:17","slug":"seminario-internacional-de-maes-traz-novidades-em-sua-11-a-edicao","status":"publish","type":"post","link":"https:\/\/bluestudio.estadao.com.br\/agencia-de-comunicacao\/releases\/releases-geral\/seminario-internacional-de-maes-traz-novidades-em-sua-11-a-edicao\/","title":{"rendered":"Semin\u00e1rio Internacional de M\u00e3es traz novidades em sua 11.\u00aa edi\u00e7\u00e3o"},"content":{"rendered":"<p><b><\/b><\/p>\n<p><i>Principal evento dedicado \u00e0s m\u00e3es no Brasil ser\u00e1 realizado em maio, no Centro de Conven\u00e7\u00f5es Frei Caneca, em S\u00e3o Paulo<\/i><\/p>\n<p>Principal evento brasileiro dedicado \u00e0 maternidade, o <a href=\"https:\/\/seminariodemaes.com.br\/\" target=\"_blank\"><u>Semin\u00e1rio Internacional de M\u00e3es<\/u><\/a> chega a sua 11.\u00aa edi\u00e7\u00e3o com novidades. O evento ser\u00e1 no dia 3 de maio, no Centro de Conven\u00e7\u00f5es Frei Caneca, em S\u00e3o Paulo.<\/p>\n<p>Com um formato din\u00e2mico e acolhedor, o evento re\u00fane especialistas renomados, influenciadores e m\u00e3es de diferentes perfis para debater temas essenciais da maternidade e abordar quest\u00f5es como educa\u00e7\u00e3o infantil, sa\u00fade emocional, tecnologia e seu impacto na cria\u00e7\u00e3o dos filhos, al\u00e9m de como equilibrar carreira e vida pessoal. <\/p>\n<p>Entre as participantes confirmadas para esta edi\u00e7\u00e3o est\u00e1 Mary Nelsen, prestigiada terapeuta infantil e de fam\u00edlias da Calif\u00f3rnia e autora de livros sobre o tema.<\/p>\n<p>A proposta do encontro \u00e9 criar um ambiente acolhedor onde as m\u00e3es possam adquirir ferramentas pr\u00e1ticas, compartilhar experi\u00eancias e se sentirem fortalecidas para lidar com os desafios da maternidade moderna. De forma din\u00e2mica, o semin\u00e1rio conta com palestras e workshops, al\u00e9m de um espa\u00e7o de reflex\u00e3o, aprendizado e conex\u00e3o para m\u00e3es de todos os perfis. <\/p>\n<p><b>Evolu\u00e7\u00e3o do Semin\u00e1rio Internacional de M\u00e3es<\/b><\/p>\n<p>Embora a maternidade tenha sido sempre um aspecto central da vida de muitas mulheres, atualmente o tema \u00e9 discutido sob novas perspectivas, considerando as transforma\u00e7\u00f5es sociais, culturais e econ\u00f4micas que impactam diretamente a experi\u00eancia de ser m\u00e3e. Isto est\u00e1 relacionado, principalmente, com o aumento da inser\u00e7\u00e3o das mulheres no mercado de trabalho, o que traz \u00e0 tona o desafio de equilibrar carreira e maternidade.<\/p>\n<p>Desta forma, o semin\u00e1rio se tornou um ponto de apoio para m\u00e3es que buscam n\u00e3o apenas superar os desafios di\u00e1rios de criar filhos, mas tamb\u00e9m se preparar para as complexidades de um mundo em constante transforma\u00e7\u00e3o.<\/p>\n<p>\u0093O que percebemos \u00e9 uma evolu\u00e7\u00e3o do assunto maternidade nos \u00faltimos dez anos. O tema ganhou for\u00e7a e destaque n\u00e3o s\u00f3 para as m\u00e3es, mas tamb\u00e9m para aqueles que est\u00e3o em volta e ajudam as mulheres nessa jornada, a t\u00e3o conhecida rede de apoio\u0094, afirma o cofundador e CCO do Semin\u00e1rio de M\u00e3es, Marcelo Rom\u00e3o.<\/p>\n<p>Desde sua primeira edi\u00e7\u00e3o, o Semin\u00e1rio Internacional de M\u00e3es j\u00e1 impactou milhares de mulheres, promovendo mudan\u00e7as significativas em suas vidas pessoais e familiares. Muitas participantes relatam que saem do evento mais seguras, confiantes e preparadas para lidar com os desafios da maternidade, principalmente nos dias de hoje.<\/p>\n<p>Portanto, a import\u00e2ncia de eventos como o semin\u00e1rio est\u00e1 na oportunidade de promover um debate aberto e inclusivo sobre os dilemas que envolvem a maternidade. <\/p>\n<p>Em um mundo onde as expectativas sobre a maternidade s\u00e3o frequentemente altas e o julgamento cada vez mais escancarado, muitas mulheres sentem a press\u00e3o de corresponder aos padr\u00f5es sociais, enquanto buscam afirmar sua identidade individual e profissional. A ideia \u00e9 oferecer uma plataforma para que essas quest\u00f5es sejam discutidas de forma aut\u00eantica, permitindo \u00e0s participantes enxergar que \u00e9 poss\u00edvel encontrar caminhos equilibrados.<\/p>\n<p>A cada edi\u00e7\u00e3o, o evento refor\u00e7a seu compromisso de transformar a maneira como a maternidade \u00e9 vivida e percebida. Quer saber mais? Ent\u00e3o, acompanhe as novidades sobre o Semin\u00e1rio Internacional de M\u00e3es nas <a href=\"https:\/\/www.instagram.com\/seminariodemaes\/?hl=pt-br\" target=\"_blank\"><u>redes sociais<\/u><\/a>. Aproveite e acesse o site. <\/p>\n<p><b>Servi\u00e7o<\/b><\/p>\n<p>Evento: Semin\u00e1rio Internacional de M\u00e3es.<br \/>\nData: 3 de maio.<br \/>\nLocal: Centro de Conven\u00e7\u00f5es Frei Caneca.<br \/>\nEndere\u00e7o: Rua Frei Caneca, 569, Bela Vista, S\u00e3o Paulo<br \/>\nSite: <a href=\"https:\/\/seminariodemaes.com.br\" target=\"_blank\"><u>https:\/\/seminariodemaes.com.br<\/u><\/a><\/p>\n","protected":false},"excerpt":{"rendered":"Principal evento dedicado \u00e0s m\u00e3es no Brasil ser\u00e1 realizado em maio, no Centro de Conven\u00e7\u00f5es Frei Caneca, em S\u00e3o Paulo\nPrincipal evento brasileiro dedicado \u00e0 maternidade, o","protected":false},"author":1,"featured_media":0,"comment_status":"open","ping_status":"closed","sticky":false,"template":"","format":"standard","meta":{"_acf_changed":false,"inline_featured_image":false,"_monsterinsights_skip_tracking":false,"_monsterinsights_sitenote_active":false,"_monsterinsights_sitenote_note":"","_monsterinsights_sitenote_category":0,"footnotes":""},"categories":[34],"tags":[],"class_list":["post-105164","post","type-post","status-publish","format-standard","hentry","category-releases-geral"],"acf":[],"_links":{"self":[{"href":"https:\/\/bluestudio.estadao.com.br\/agencia-de-comunicacao\/wp-json\/wp\/v2\/posts\/105164","targetHints":{"allow":["GET"]}}],"collection":[{"href":"https:\/\/bluestudio.estadao.com.br\/agencia-de-comunicacao\/wp-json\/wp\/v2\/posts"}],"about":[{"href":"https:\/\/bluestudio.estadao.com.br\/agencia-de-comunicacao\/wp-json\/wp\/v2\/types\/post"}],"author":[{"embeddable":true,"href":"https:\/\/bluestudio.estadao.com.br\/agencia-de-comunicacao\/wp-json\/wp\/v2\/users\/1"}],"replies":[{"embeddable":true,"href":"https:\/\/bluestudio.estadao.com.br\/agencia-de-comunicacao\/wp-json\/wp\/v2\/comments?post=105164"}],"version-history":[{"count":1,"href":"https:\/\/bluestudio.estadao.com.br\/agencia-de-comunicacao\/wp-json\/wp\/v2\/posts\/105164\/revisions"}],"predecessor-version":[{"id":105267,"href":"https:\/\/bluestudio.estadao.com.br\/agencia-de-comunicacao\/wp-json\/wp\/v2\/posts\/105164\/revisions\/105267"}],"wp:attachment":[{"href":"https:\/\/bluestudio.estadao.com.br\/agencia-de-comunicacao\/wp-json\/wp\/v2\/media?parent=105164"}],"wp:term":[{"taxonomy":"category","embeddable":true,"href":"https:\/\/bluestudio.estadao.com.br\/agencia-de-comunicacao\/wp-json\/wp\/v2\/categories?post=105164"},{"taxonomy":"post_tag","embeddable":true,"href":"https:\/\/bluestudio.estadao.com.br\/agencia-de-comunicacao\/wp-json\/wp\/v2\/tags?post=105164"}],"curies":[{"name":"wp","href":"https:\/\/api.w.org\/{rel}","templated":true}]}}