{"id":105134,"date":"2025-01-15T10:12:00","date_gmt":"2025-01-15T13:12:00","guid":{"rendered":"https:\/\/bluestudio.estadao.com.br\/agencia-de-comunicacao\/prnewswire\/prnewsinternacional\/contagem-regressiva-para-fitur-2025-o-principal-evento-global-para-a-industria-do-turismo\/"},"modified":"2025-01-15T10:12:00","modified_gmt":"2025-01-15T13:12:00","slug":"contagem-regressiva-para-fitur-2025-o-principal-evento-global-para-a-industria-do-turismo","status":"publish","type":"post","link":"https:\/\/bluestudio.estadao.com.br\/agencia-de-comunicacao\/prnewswire\/prnewsinternacional\/contagem-regressiva-para-fitur-2025-o-principal-evento-global-para-a-industria-do-turismo\/","title":{"rendered":"Contagem regressiva para FITUR 2025: o principal evento global para a ind\u00fastria do turismo"},"content":{"rendered":"<p><b>PR NEWSWIRE<\/b><\/p>\n<div class=\"xn-content\">\n<b> O Brasil ocupa o centro do palco como pa\u00eds parceiro em uma edi\u00e7\u00e3o crescente com 9.500 empresas de 156 pa\u00edses e 884 expositores principais <\/b><\/p>\n<p><span class=\"legendSpanClass\">MADRI<\/span>, <span class=\"legendSpanClass\">15 de janeiro de 2025<\/span> \/PRNewswire\/ &#8212;\u00a0Organizada pela <b> IFEMA MADRI,<\/b>\u00a0a Feira Internacional de Turismo (FITUR) reunir\u00e1 o mercado global de turismo para sua 45\u00aa edi\u00e7\u00e3o, que acontecer\u00e1 de <b> 22 a 26 de janeiro <\/b>. O evento destacar\u00e1 o desempenho excepcional da ind\u00fastria do turismo em 2024 e suas perspectivas promissoras para 2025. Um contexto de for\u00e7a no qual a ind\u00fastria, unida sob a FITUR, busca destacar <b> seu orgulho em pertencer ao setor, seu papel transformador <\/b>\u00a0e seu compromisso com a <b> sustentabilidade e inova\u00e7\u00e3o<\/b>.<\/p>\n<p>\u00a0<\/p>\n<div id=\"prni_dvprnejpgecffleft\" dir=\"ltr\" style=\"width: 100%;text-align: left\"><img decoding=\"async\" id=\"prnejpgecffleft\" title=\"From left to right: Mar\u00eda Valcarce, Director of FITUR; Almudena Ma\u00edllo del Valle, Head of the Madrid City Council?s Tourism Delegation; Daniel Mart\u00ednez, Executive Vice President of IFEMA MADRID; Marco Sansavini, President of Iberia and Chairman of the FITUR Organizing Committee; Jos\u00e9 Vicente de los Mozos, Chairman of the Executive Committee of IFEMA MADRID; Rosario S\u00e1nchez, Secretary of State for Tourism; Orlando Leite Ribeiro, Ambassador of Brazil; Mariano de Paco, Deputy Minister of Culture, Tourism, and Sports of the Community of Madrid; and Arancha Priede, General Director of Trade Fairs and Congresses at IFEMA MADRID.\" src=\"https:\/\/mma.prnewswire.com\/media\/2597596\/FITUR_2025.jpg\" alt=\"From left to right: Mar\u00eda Valcarce, Director of FITUR; Almudena Ma\u00edllo del Valle, Head of the Madrid City Council?s Tourism Delegation; Daniel Mart\u00ednez, Executive Vice President of IFEMA MADRID; Marco Sansavini, President of Iberia and Chairman of the FITUR Organizing Committee; Jos\u00e9 Vicente de los Mozos, Chairman of the Executive Committee of IFEMA MADRID; Rosario S\u00e1nchez, Secretary of State for Tourism; Orlando Leite Ribeiro, Ambassador of Brazil; Mariano de Paco, Deputy Minister of Culture, Tourism, and Sports of the Community of Madrid; and Arancha Priede, General Director of Trade Fairs and Congresses at IFEMA MADRID.\" align=\"middle\" \/><\/div>\n<p>\u00a0<\/p>\n<p>A <b> FITUR<\/b> mais uma vez abre o calend\u00e1rio internacional de feiras de turismo, reafirmando sua lideran\u00e7a como o principal evento em volume de participantes e participantes, com o apoio de todas as partes interessadas p\u00fablicas e privadas da cadeia de valor. Isso \u00e9 apoiado pelos n\u00fameros apresentados durante a confer\u00eancia de imprensa:<b> 9.500 empresas participantes, 156 pa\u00edses e 884 expositores principais <\/b>apresentando suas ofertas em <b> nove sal\u00f5es<\/b>, incluindo <b> 101 pa\u00edses com representa\u00e7\u00e3o oficial <\/b>.<\/p>\n<p>Al\u00e9m disso, espera-se que a excelente resposta da ind\u00fastria ao <b> FITUR 2025<\/b> se reflita nos n\u00fameros de p\u00fablico, com proje\u00e7\u00f5es superiores a <b> 150.000 profissionais<\/b>\u00a0de quarta a sexta-feira e cerca de <b> 100.000 visitantes do p\u00fablico em geral <\/b> no fim de semana. Estima-se que esse influxo gere um impacto econ\u00f4mico de ? 445 milh\u00f5es para Madri, afetando positivamente setores como transporte, hotelaria, gastronomia, cultura e entretenimento.<\/p>\n<p><b> FITUR: um encontro global fundamental para a ind\u00fastria do turismo <\/b><\/p>\n<p>Ap\u00f3s um ano de recupera\u00e7\u00e3o p\u00f3s-pandemia em 2024, a FITUR \u00e9 mais uma vez definida pelo crescimento. A participa\u00e7\u00e3o direta dos principais expositores atingiu 884, marcando um aumento geral de 10% e um aumento de 19% na representa\u00e7\u00e3o internacional.<\/p>\n<p>Esse foco internacional, central para os objetivos da FITUR, se reflete nas 101 representa\u00e7\u00f5es oficiais dos pa\u00edses &#8211; cinco a mais do que na edi\u00e7\u00e3o anterior &#8211; e na adi\u00e7\u00e3o de <b> onze novos pa\u00edses \u00e0 FITUR 2025<\/b>, principalmente da \u00c1frica e da \u00c1sia.<\/p>\n<p>Destacando o papel da inova\u00e7\u00e3o, a \u00e1rea de <b> Tecnologia de Viagens <\/b> cresceu 6%, apresentando tend\u00eancias globais em tecnologias de reservas de turismo e <b> com mais de 100 empresas em todo o mundo<\/b>.<\/p>\n<p>Entre os destaques para 2025 est\u00e1 a participa\u00e7\u00e3o do <b> Brasil <\/b> como <b> Pa\u00eds Parceiro <\/b>, com uma presen\u00e7a significativa para mostrar suas diversas ofertas de turismo e fortalecer seu posicionamento global. De acordo com dados do <b> Minist\u00e9rio do Turismo do Brasil <\/b>\u00a0e da <b> Embratur<\/b>, 2024 foi um ano recorde para o turismo internacional, com 6.657.377 visitantes estrangeiros, um aumento de 12,6% em rela\u00e7\u00e3o ao ano anterior.<\/p>\n<p><b> O futuro do turismo: neg\u00f3cios, conhecimento e sustentabilidade<\/b><\/p>\n<p>A <b> FITUR <\/b>renovou <b> suas dez se\u00e7\u00f5es tem\u00e1ticas <\/b>, enfatizando a sustentabilidade e os neg\u00f3cios, conectando a ind\u00fastria do turismo com outros setores para gerar novos nichos de viajantes.<\/p>\n<p><b> <a href=\"https:\/\/www.ifema.es\/en\/fitur\/areas\/fitur-cruises\" target=\"_blank\" rel=\"nofollow\">FITUR Cruises,<\/a> <\/b>\u00a0desenvolvido com CRUCEROADICTO, destacar\u00e1 o compromisso da ind\u00fastria de cruzeiros com a sustentabilidade.<b>\u00a0<a href=\"https:\/\/www.ifema.es\/en\/fitur\/areas\/fitur-lgbt\" target=\"_blank\" rel=\"nofollow\"> A FITUR LGTB+<\/a><\/b>\u00a0promover\u00e1 a diversidade e a inclus\u00e3o, enquanto a <b><a href=\"https:\/\/www.ifema.es\/en\/fitur\/areas\/fitur-lingua\" target=\"_blank\" rel=\"nofollow\">FITUR l\u00edngua<\/a><\/b>\u00a0explorar\u00e1 as oportunidades do turismo lingu\u00edstico em parceria com a FEDELE. <b><a href=\"https:\/\/www.ifema.es\/en\/fitur\/areas\/fitur-screentourism\" target=\"_blank\" rel=\"nofollow\">FITUR Screen<\/a><\/b><b>,<\/b>\u00a0em colabora\u00e7\u00e3o com a <span class=\"xn-location\">SPAIN<\/span> FILM COMMISSION, conectar\u00e1 os setores de cinema e turismo. Enquanto isso, a <b><a href=\"https:\/\/www.ifema.es\/en\/fitur\/areas\/fitur-sports\" target=\"_blank\" rel=\"nofollow\">FITUR Sports,<\/a><\/b>\u00a0em parceria com a AFYDAD, demonstrar\u00e1 como o turismo esportivo promove o turismo respons\u00e1vel.<\/p>\n<p><b> <a href=\"https:\/\/www.ifema.es\/en\/fitur\/areas\/fitur-techy\" target=\"_blank\" rel=\"nofollow\">FITUR Techy<\/a> <\/b>, criada COM a Ith, ir\u00e1 explorar como a IA est\u00e1 a revolucionar a gest\u00e3o de viagens. <b><a href=\"https:\/\/www.ifema.es\/en\/fitur\/areas\/fitur-talent\" target=\"_blank\" rel=\"nofollow\"> O FITUR Talent<\/a><\/b> se concentrar\u00e1 nos desafios de talento e treinamento. <b><a href=\"https:\/\/www.ifema.es\/en\/fitur\/areas\/fitur-woman\" target=\"_blank\" rel=\"nofollow\">FITUR Woman<\/a><\/b>, em colabora\u00e7\u00e3o com MULHERES QUE LIDERAM O TURISMO, promover\u00e1 a lideran\u00e7a feminina. <b><a href=\"https:\/\/www.ifema.es\/en\/fitur\/areas\/fitur-know-how-export\" target=\"_blank\" rel=\"nofollow\"> O Know How e Exporta\u00e7\u00e3o da FITUR <\/a><\/b><b>,<\/b>\u00a0desenvolvido com a SEGITTUR em parceria com o ICEX, mostrar\u00e1 o potencial das empresas de turismo espanholas. Por \u00faltimo, <b><a href=\"https:\/\/www.ifema.es\/en\/fitur\/areas\/4all\" target=\"_blank\" rel=\"nofollow\">FITUR 4all<\/a><\/b>, em colabora\u00e7\u00e3o com a impulso IGUALDAD, promover\u00e1 o turismo acess\u00edvel atrav\u00e9s de iniciativas como o segundo FITUR 4all Awards e o primeiro Guia de Melhores Pr\u00e1ticas.<\/p>\n<p>O <b> Observat\u00f3rio de Sustentabilidade, <a href=\"https:\/\/www.ifema.es\/en\/fitur-next\" target=\"_blank\" rel=\"nofollow\"> FITURNEXT<\/a><\/b> abordar\u00e1 como o turismo pode contribuir para a gest\u00e3o sustent\u00e1vel de alimentos.<\/p>\n<p>Mais informa\u00e7\u00f5es em <a href=\"https:\/\/www.ifema.es\/en\/fitur\" target=\"_blank\" rel=\"nofollow\"> https:\/\/www.ifema.es\/en\/fitur<\/a>.<\/p>\n<p>Foto: <a href=\"https:\/\/mma.prnewswire.com\/media\/2597596\/FITUR_2025.jpg\" target=\"_blank\" rel=\"nofollow\"> https:\/\/mma.prnewswire.com\/media\/2597596\/FITUR_2025.jpg<\/a><br \/>Logo: <a href=\"https:\/\/mma.prnewswire.com\/media\/2580825\/5114973\/FITUR_Logo.jpg\" target=\"_blank\" rel=\"nofollow\"> https:\/\/mma.prnewswire.com\/media\/2580825\/5114973\/FITUR_Logo.jpg<\/a><\/p>\n<p>\u00a0<\/p>\n<div id=\"prni_dvprnejpg4ddbleft\" dir=\"ltr\" style=\"width: 100%;text-align: left\"><img decoding=\"async\" id=\"prnejpg4ddbleft\" title=\"FITUR\/IFEMA MADRID\" src=\"https:\/\/mma.prnewswire.com\/media\/2580825\/5114973\/FITUR_Logo.jpg\" alt=\"FITUR\/IFEMA MADRID\" align=\"middle\" \/><\/div>\n<p>\u00a0<\/p>\n<p id=\"PURL\"><img loading=\"lazy\" decoding=\"async\" title=\"Cision\" width=\"12\" height=\"12\" alt=\"Cision\" src=\"https:\/\/c212.net\/c\/img\/favicon.png?sn=PT95851&amp;sd=2025-01-15\" \/> View original content:<a id=\"PRNURL\" rel=\"nofollow\" href=\"https:\/\/www.prnewswire.com\/br\/comunicados-para-a-imprensa\/contagem-regressiva-para-fitur-2025-o-principal-evento-global-para-a-industria-do-turismo-302350730.html\" target=\"_blank\">https:\/\/www.prnewswire.com\/br\/comunicados-para-a-imprensa\/contagem-regressiva-para-fitur-2025-o-principal-evento-global-para-a-industria-do-turismo-302350730.html<\/a><\/p>\n<p>FONTE  FITUR; IFEMA <span class=\"xn-location\">MADRID<\/span><\/p>\n<\/div>\n<p><img decoding=\"async\" alt=\"\" src=\"https:\/\/rt.prnewswire.com\/rt.gif?NewsItemId=PT95851&amp;Transmission_Id=202501150800PR_NEWS_LATAM____PT95851&amp;DateId=20250115\" style=\"border:0px;width:1px;height:1px\" \/><\/p>\n<p>A <b>OESP<\/b> n\u00e3o \u00e9(s\u00e3o) respons\u00e1vel(is) por erros, incorre\u00e7\u00f5es, atrasos ou quaisquer decis\u00f5es tomadas por seus clientes com base nos Conte\u00fados ora disponibilizados, bem como tais Conte\u00fados n\u00e3o representam a opini\u00e3o da <b>OESP<\/b> e s\u00e3o de inteira responsabilidade da <b>PR Newswire Ltda<\/b><\/p>\n","protected":false},"excerpt":{"rendered":"\u00a0Organizada pela  IFEMA MADRI,\u00a0a Feira Internacional de Turismo (FITUR) reunir\u00e1 o mercado global de turismo para sua 45\u00aa edi\u00e7\u00e3o, que acontecer\u00e1 de  22 a 26 de janeiro &lt;\/b","protected":false},"author":1,"featured_media":0,"comment_status":"open","ping_status":"closed","sticky":false,"template":"","format":"standard","meta":{"_acf_changed":false,"inline_featured_image":false,"_monsterinsights_skip_tracking":false,"_monsterinsights_sitenote_active":false,"_monsterinsights_sitenote_note":"","_monsterinsights_sitenote_category":0,"footnotes":""},"categories":[31],"tags":[],"class_list":["post-105134","post","type-post","status-publish","format-standard","hentry","category-prnewsinternacional"],"acf":[],"_links":{"self":[{"href":"https:\/\/bluestudio.estadao.com.br\/agencia-de-comunicacao\/wp-json\/wp\/v2\/posts\/105134","targetHints":{"allow":["GET"]}}],"collection":[{"href":"https:\/\/bluestudio.estadao.com.br\/agencia-de-comunicacao\/wp-json\/wp\/v2\/posts"}],"about":[{"href":"https:\/\/bluestudio.estadao.com.br\/agencia-de-comunicacao\/wp-json\/wp\/v2\/types\/post"}],"author":[{"embeddable":true,"href":"https:\/\/bluestudio.estadao.com.br\/agencia-de-comunicacao\/wp-json\/wp\/v2\/users\/1"}],"replies":[{"embeddable":true,"href":"https:\/\/bluestudio.estadao.com.br\/agencia-de-comunicacao\/wp-json\/wp\/v2\/comments?post=105134"}],"version-history":[{"count":0,"href":"https:\/\/bluestudio.estadao.com.br\/agencia-de-comunicacao\/wp-json\/wp\/v2\/posts\/105134\/revisions"}],"wp:attachment":[{"href":"https:\/\/bluestudio.estadao.com.br\/agencia-de-comunicacao\/wp-json\/wp\/v2\/media?parent=105134"}],"wp:term":[{"taxonomy":"category","embeddable":true,"href":"https:\/\/bluestudio.estadao.com.br\/agencia-de-comunicacao\/wp-json\/wp\/v2\/categories?post=105134"},{"taxonomy":"post_tag","embeddable":true,"href":"https:\/\/bluestudio.estadao.com.br\/agencia-de-comunicacao\/wp-json\/wp\/v2\/tags?post=105134"}],"curies":[{"name":"wp","href":"https:\/\/api.w.org\/{rel}","templated":true}]}}