{"id":104935,"date":"2025-01-09T11:27:00","date_gmt":"2025-01-09T14:27:00","guid":{"rendered":"https:\/\/bluestudio.estadao.com.br\/agencia-de-comunicacao\/prnewswire\/prnewsbrasil\/a-comissao-de-musica-saudita-apresenta-maravilhas-da-orquestra-saudita-uma-mistura-unica-de-tradicao-e-inovacao-em-riade\/"},"modified":"2025-01-09T11:27:00","modified_gmt":"2025-01-09T14:27:00","slug":"a-comissao-de-musica-saudita-apresenta-maravilhas-da-orquestra-saudita-uma-mistura-unica-de-tradicao-e-inovacao-em-riade","status":"publish","type":"post","link":"https:\/\/bluestudio.estadao.com.br\/agencia-de-comunicacao\/prnewswire\/prnewsbrasil\/a-comissao-de-musica-saudita-apresenta-maravilhas-da-orquestra-saudita-uma-mistura-unica-de-tradicao-e-inovacao-em-riade\/","title":{"rendered":"A Comiss\u00e3o de M\u00fasica Saudita apresenta &#8220;Maravilhas da Orquestra Saudita&#8221;: uma mistura \u00fanica de tradi\u00e7\u00e3o e inova\u00e7\u00e3o em Riade"},"content":{"rendered":"<p><b>PR NEWSWIRE<\/b><\/p>\n<div class=\"xn-content\">\n<span class=\"legendSpanClass\">RIAD, Ar\u00e1bia Saudita<\/span>, <span class=\"legendSpanClass\">9 de janeiro de 2025<\/span> \/PRNewswire\/ &#8212; A Comiss\u00e3o de M\u00fasica da Ar\u00e1bia Saudita, no \u00e2mbito do Minist\u00e9rio da Cultura, organizar\u00e1 tr\u00eas concertos extraordin\u00e1rios com as Maravilhas da Orquestra Saudita nos dias 16, 17 e 18 \u00a0 de janeiro de 2025. Estes grandes eventos ter\u00e3o lugar no Centro Cultural Rei Fahad em Riade e s\u00e3o orgulhosamente realizados sob o patroc\u00ednio de <span class=\"xn-person\">Sua Alteza<\/span> o Pr\u00edncipe <span class=\"xn-person\">Bader bin Abdullah bin Farhan Al Saud<\/span>, Ministro da Cultura e Presidente do Conselho da Comiss\u00e3o de M\u00fasica.<\/p>\n<div id=\"prni_dvprnejpg98c0left\" dir=\"ltr\" style=\"width: 100%;text-align: left\"><img decoding=\"async\" id=\"prnejpg98c0left\" title=\"From global stages to Riyadh: The ?Marvels of Saudi Orchestra? returns home for a unique musical experience.\" src=\"https:\/\/mma.prnewswire.com\/media\/2594725\/Saudi_Orchestra.jpg\" alt=\"From global stages to Riyadh: The ?Marvels of Saudi Orchestra? returns home for a unique musical experience.\" align=\"middle\" data-name=\"url$https%3A%2F%2Fmma.prnewswire.com%2Fmedia%2F2594725%2FSaudi_Orchestra.jpg\" \/><\/div>\n<p>Com base em seu sucesso internacional anterior, a Music Commission j\u00e1 mostrou o talento da orquestra em palcos de prest\u00edgio em cinco cidades globais: <span class=\"xn-location\">Paris<\/span>, Cidade do M\u00e9xico, <span class=\"xn-person\">Nova York<\/span>, Londres e T\u00f3quio. Cada uma dessas apari\u00e7\u00f5es internacionais foi recebida com aclama\u00e7\u00e3o, destacando a riqueza cultural e a excel\u00eancia art\u00edstica da Ar\u00e1bia Saudita no cen\u00e1rio mundial.<\/p>\n<p>Os pr\u00f3ximos concertos em Riade visam elevar ainda mais a paisagem cultural nacional, oferecendo ao p\u00fablico uma experi\u00eancia musical excepcional que combina tradi\u00e7\u00e3o com inova\u00e7\u00e3o. Com uma reputa\u00e7\u00e3o cada vez maior, a Orquestra e o Coro Nacional Saudita continuam a incorporar a vis\u00e3o do <span class=\"xn-person\">Reino de<\/span> promover o di\u00e1logo intercultural atrav\u00e9s da linguagem universal da m\u00fasica.<\/p>\n<p>Os participantes podem esperar um repert\u00f3rio cativante de m\u00fasica e can\u00e7\u00f5es tradicionais sauditas, apresentadas de uma forma inovadora com instrumentos orquestrais e executadas por m\u00fasicos sauditas altamente qualificados. O evento servir\u00e1 n\u00e3o apenas como um marco cultural, mas tamb\u00e9m como um reflexo do compromisso cont\u00ednuo da Ar\u00e1bia Saudita em nutrir as artes e apoiar o talento local.<\/p>\n<p>Foto &#8211; <a href=\"https:\/\/mma.prnewswire.com\/media\/2594725\/Saudi_Orchestra.jpg\" target=\"_blank\" rel=\"nofollow\"> https:\/\/mma.prnewswire.com\/media\/2594725\/Saudi_Orchestra.jpg<\/a><\/p>\n<p id=\"PURL\"><img loading=\"lazy\" decoding=\"async\" title=\"Cision\" width=\"12\" height=\"12\" alt=\"Cision\" src=\"https:\/\/c212.net\/c\/img\/favicon.png?sn=PT91767&amp;sd=2025-01-09\" \/> View original content:<a id=\"PRNURL\" rel=\"nofollow\" href=\"https:\/\/www.prnewswire.com\/br\/comunicados-para-a-imprensa\/a-comissao-de-musica-saudita-apresenta-maravilhas-da-orquestra-saudita-uma-mistura-unica-de-tradicao-e-inovacao-em-riade-302347070.html\" target=\"_blank\">https:\/\/www.prnewswire.com\/br\/comunicados-para-a-imprensa\/a-comissao-de-musica-saudita-apresenta-maravilhas-da-orquestra-saudita-uma-mistura-unica-de-tradicao-e-inovacao-em-riade-302347070.html<\/a><\/p>\n<p>FONTE  KSA Ministry of Culture<\/p>\n<\/div>\n<p><img decoding=\"async\" alt=\"\" src=\"https:\/\/rt.prnewswire.com\/rt.gif?NewsItemId=PT91767&amp;Transmission_Id=202501090914PR_NEWS_LATAM____PT91767&amp;DateId=20250109\" style=\"border:0px;width:1px;height:1px\" \/><\/p>\n<p>A <b>OESP<\/b> n\u00e3o \u00e9(s\u00e3o) respons\u00e1vel(is) por erros, incorre\u00e7\u00f5es, atrasos ou quaisquer decis\u00f5es tomadas por seus clientes com base nos Conte\u00fados ora disponibilizados, bem como tais Conte\u00fados n\u00e3o representam a opini\u00e3o da <b>OESP<\/b> e s\u00e3o de inteira responsabilidade da <b>PR Newswire Ltda<\/b><\/p>\n","protected":false},"excerpt":{"rendered":"A Comiss\u00e3o de M\u00fasica da Ar\u00e1bia Saudita, no \u00e2mbito do Minist\u00e9rio da Cultura, organizar\u00e1 tr\u00eas concertos extraordin\u00e1rios com as Maravilhas da Orquestra Saudita nos dias 16, 17 e 18 \u00a0","protected":false},"author":1,"featured_media":0,"comment_status":"open","ping_status":"closed","sticky":false,"template":"","format":"standard","meta":{"_acf_changed":false,"inline_featured_image":false,"_monsterinsights_skip_tracking":false,"_monsterinsights_sitenote_active":false,"_monsterinsights_sitenote_note":"","_monsterinsights_sitenote_category":0,"footnotes":""},"categories":[28],"tags":[],"class_list":["post-104935","post","type-post","status-publish","format-standard","hentry","category-prnewsbrasil"],"acf":[],"_links":{"self":[{"href":"https:\/\/bluestudio.estadao.com.br\/agencia-de-comunicacao\/wp-json\/wp\/v2\/posts\/104935","targetHints":{"allow":["GET"]}}],"collection":[{"href":"https:\/\/bluestudio.estadao.com.br\/agencia-de-comunicacao\/wp-json\/wp\/v2\/posts"}],"about":[{"href":"https:\/\/bluestudio.estadao.com.br\/agencia-de-comunicacao\/wp-json\/wp\/v2\/types\/post"}],"author":[{"embeddable":true,"href":"https:\/\/bluestudio.estadao.com.br\/agencia-de-comunicacao\/wp-json\/wp\/v2\/users\/1"}],"replies":[{"embeddable":true,"href":"https:\/\/bluestudio.estadao.com.br\/agencia-de-comunicacao\/wp-json\/wp\/v2\/comments?post=104935"}],"version-history":[{"count":0,"href":"https:\/\/bluestudio.estadao.com.br\/agencia-de-comunicacao\/wp-json\/wp\/v2\/posts\/104935\/revisions"}],"wp:attachment":[{"href":"https:\/\/bluestudio.estadao.com.br\/agencia-de-comunicacao\/wp-json\/wp\/v2\/media?parent=104935"}],"wp:term":[{"taxonomy":"category","embeddable":true,"href":"https:\/\/bluestudio.estadao.com.br\/agencia-de-comunicacao\/wp-json\/wp\/v2\/categories?post=104935"},{"taxonomy":"post_tag","embeddable":true,"href":"https:\/\/bluestudio.estadao.com.br\/agencia-de-comunicacao\/wp-json\/wp\/v2\/tags?post=104935"}],"curies":[{"name":"wp","href":"https:\/\/api.w.org\/{rel}","templated":true}]}}