{"id":104876,"date":"2025-01-08T10:12:00","date_gmt":"2025-01-08T13:12:00","guid":{"rendered":"https:\/\/bluestudio.estadao.com.br\/agencia-de-comunicacao\/prnewswire\/prnewsinternacional\/a-revolucao-da-tecnologia-de-viagens-definida-na-fitur-2025\/"},"modified":"2025-01-08T10:12:00","modified_gmt":"2025-01-08T13:12:00","slug":"a-revolucao-da-tecnologia-de-viagens-definida-na-fitur-2025","status":"publish","type":"post","link":"https:\/\/bluestudio.estadao.com.br\/agencia-de-comunicacao\/prnewswire\/prnewsinternacional\/a-revolucao-da-tecnologia-de-viagens-definida-na-fitur-2025\/","title":{"rendered":"A revolu\u00e7\u00e3o da tecnologia de viagens definida na FITUR 2025"},"content":{"rendered":"<p><b>PR NEWSWIRE<\/b><\/p>\n<div class=\"xn-content\">\n<b>Organizada pela IFEMA <span class=\"xn-location\">MADRID<\/span>, a Feira Internacional de Turismo re\u00fane mais de 100 empresas pioneiras em tecnologia de gest\u00e3o de reservas de todo o mundo, de 22 a 26 de janeiro.<\/b><\/p>\n<p><span class=\"legendSpanClass\"><span class=\"xn-location\">MADRID<\/span><\/span>, <span class=\"legendSpanClass\">8 de janeiro de 2025<\/span> \/PRNewswire\/ &#8212;\u00a0Em um mundo em constante transforma\u00e7\u00e3o, o setor de viagens incorporou a tecnologia como sua maior aliada. A gest\u00e3o de reservas, um componente essencial da experi\u00eancia do cliente, \u00e9 uma \u00e1rea que est\u00e1 passando por uma revolu\u00e7\u00e3o significativa. Movidas pela inova\u00e7\u00e3o tecnol\u00f3gica, as tend\u00eancias atuais n\u00e3o apenas otimizam a efici\u00eancia operacional, mas tamb\u00e9m reformulam a forma como as pessoas planejam suas jornadas.<\/p>\n<p>\u00a0<\/p>\n<div id=\"prni_dvprnejpg3ff2left\" dir=\"ltr\" style=\"width: 100%;text-align: left\"><img decoding=\"async\" id=\"prnejpg3ff2left\" title=\"FITUR\/IFEMA MADRID\" src=\"https:\/\/mma.prnewswire.com\/media\/2590186\/FITUR_IFEMA_MADRID.jpg\" alt=\"FITUR\/IFEMA MADRID\" align=\"middle\" \/><\/div>\n<p>\u00a0<\/p>\n<p>Em meio a essa transforma\u00e7\u00e3o digital, a <b>FITUR 2025<\/b>, organizada pela <b>IFEMA <span class=\"xn-location\">MADRID<\/span><\/b>, receber\u00e1 as empresas mais inovadoras do setor sob o tema <b>TECNOLOGIA DE VIAGENS<\/b> de <b>22 a 26 de janeiro.<\/b> Este evento revelar\u00e1 as principais tend\u00eancias tecnol\u00f3gicas que est\u00e3o redefinindo a forma como os viajantes pesquisam, decidem, reservam e avaliam suas experi\u00eancias. Ap\u00f3s um crescimento recorde de 23% em 2024, a <b>Travel Technology 2025<\/b> est\u00e1 se expandindo em quase <b>10%, ultrapassando 100 empresas expositoras.<\/b><\/p>\n<p>Localizadas no <b>Pavilh\u00e3o 8<\/b>, empresas de pa\u00edses como Espanha, It\u00e1lia, Fran\u00e7a, Pa\u00edses Baixos, Reino Unido, Alemanha, Estados Unidos, Brasil, Singapura e Marrocos, entre outros, apresentar\u00e3o solu\u00e7\u00f5es inovadoras para o mercado global de turismo. Isso inclui solu\u00e7\u00f5es de software, plataformas de reserva on-line, tecnologia <i>blockchain<\/i> para gest\u00e3o segura e transparente, gerenciadores de pre\u00e7os, sistemas de pagamento inovadores, realidade virtual e aumentada para inspirar decis\u00f5es de viagem, e assistentes de voz com intelig\u00eancia artificial para um atendimento personalizado. Essas tecnologias ajudam as empresas de turismo a atingir seus objetivos, aumentam a efici\u00eancia automatizando e centralizando opera\u00e7\u00f5es e tarefas administrativas e economizam tempo e custos.<\/p>\n<p>A converg\u00eancia dessas tecnologias aponta para um futuro em que a gest\u00e3o de reservas se tornar\u00e1 cada vez mais conectada e integrada. Tudo isso e muito mais ser\u00e1 revelado na \u00e1rea de <b>Tecnologia de viagens<\/b>, o epicentro de um segmento vital do setor de viagens que est\u00e1 passando por uma r\u00e1pida transforma\u00e7\u00e3o. O setor de <i>tecnologia de viagens<\/i> n\u00e3o est\u00e1 apenas se adaptando \u00e0s expectativas dos viajantes modernos, mas tamb\u00e9m est\u00e1 liderando o caminho para uma experi\u00eancia de viagem mais eficiente, personalizada e sustent\u00e1vel.<\/p>\n<p>De 22 a 26 de janeiro de 2025, no Pavilh\u00e3o 8 da IFEMA <span class=\"xn-location\">MADRID<\/span>, a <b>FITUR Travel Technology<\/b> apresentar\u00e1 as solu\u00e7\u00f5es mais avan\u00e7adas para a gest\u00e3o de reservas. Descubra os mais recentes desenvolvimentos em tecnologia projetados especificamente para atender \u00e0s necessidades do setor de turismo em: <a href=\"https:\/\/www.ifema.es\/en\/fitur\" target=\"_blank\" rel=\"nofollow\">Fitur 2025 | Feira Internacional de Turismo<\/a><\/p>\n<p>Foto: <a href=\"https:\/\/mma.prnewswire.com\/media\/2590186\/FITUR_IFEMA_MADRID.jpg\" target=\"_blank\" rel=\"nofollow\">https:\/\/mma.prnewswire.com\/media\/2590186\/FITUR_IFEMA_MADRID.jpg<\/a><br \/>Logotipo: <a href=\"https:\/\/mma.prnewswire.com\/media\/2580825\/FITUR_Logo.jpg\" target=\"_blank\" rel=\"nofollow\">https:\/\/mma.prnewswire.com\/media\/2580825\/FITUR_Logo.jpg<\/a><\/p>\n<p>\u00a0<\/p>\n<div id=\"prni_dvprnejpgeb3bleft\" dir=\"ltr\" style=\"width: 100%;text-align: left\"><img decoding=\"async\" id=\"prnejpgeb3bleft\" style=\"width: 400px;height: 296px\" title=\"Logotipo da FITUR\" src=\"https:\/\/mma.prnewswire.com\/media\/2580825\/FITUR_Logo.jpg\" alt=\"Logotipo da FITUR\" align=\"middle\" \/><\/div>\n<p>\u00a0<\/p>\n<p id=\"PURL\"><img loading=\"lazy\" decoding=\"async\" title=\"Cision\" width=\"12\" height=\"12\" alt=\"Cision\" src=\"https:\/\/c212.net\/c\/img\/favicon.png?sn=PT88478&amp;sd=2025-01-08\" \/> View original content:<a id=\"PRNURL\" rel=\"nofollow\" href=\"https:\/\/www.prnewswire.com\/br\/comunicados-para-a-imprensa\/a-revolucao-da-tecnologia-de-viagens-definida-na-fitur-2025-302342378.html\" target=\"_blank\">https:\/\/www.prnewswire.com\/br\/comunicados-para-a-imprensa\/a-revolucao-da-tecnologia-de-viagens-definida-na-fitur-2025-302342378.html<\/a><\/p>\n<p>FONTE  FITUR\/IFEMA <span class=\"xn-location\">MADRID<\/span><\/p>\n<\/div>\n<p><img decoding=\"async\" alt=\"\" src=\"https:\/\/rt.prnewswire.com\/rt.gif?NewsItemId=PT88478&amp;Transmission_Id=202501080800PR_NEWS_LATAM____PT88478&amp;DateId=20250108\" style=\"border:0px;width:1px;height:1px\" \/><\/p>\n<p>A <b>OESP<\/b> n\u00e3o \u00e9(s\u00e3o) respons\u00e1vel(is) por erros, incorre\u00e7\u00f5es, atrasos ou quaisquer decis\u00f5es tomadas por seus clientes com base nos Conte\u00fados ora disponibilizados, bem como tais Conte\u00fados n\u00e3o representam a opini\u00e3o da <b>OESP<\/b> e s\u00e3o de inteira responsabilidade da <b>PR Newswire Ltda<\/b><\/p>\n","protected":false},"excerpt":{"rendered":"\u00a0Em um mundo em constante transforma\u00e7\u00e3o, o setor de viagens incorporou a tecnologia como sua maior aliada. A gest\u00e3o de reservas, um componente essencial da experi\u00eancia do cliente,","protected":false},"author":1,"featured_media":0,"comment_status":"open","ping_status":"closed","sticky":false,"template":"","format":"standard","meta":{"_acf_changed":false,"inline_featured_image":false,"_monsterinsights_skip_tracking":false,"_monsterinsights_sitenote_active":false,"_monsterinsights_sitenote_note":"","_monsterinsights_sitenote_category":0,"footnotes":""},"categories":[31],"tags":[],"class_list":["post-104876","post","type-post","status-publish","format-standard","hentry","category-prnewsinternacional"],"acf":[],"_links":{"self":[{"href":"https:\/\/bluestudio.estadao.com.br\/agencia-de-comunicacao\/wp-json\/wp\/v2\/posts\/104876","targetHints":{"allow":["GET"]}}],"collection":[{"href":"https:\/\/bluestudio.estadao.com.br\/agencia-de-comunicacao\/wp-json\/wp\/v2\/posts"}],"about":[{"href":"https:\/\/bluestudio.estadao.com.br\/agencia-de-comunicacao\/wp-json\/wp\/v2\/types\/post"}],"author":[{"embeddable":true,"href":"https:\/\/bluestudio.estadao.com.br\/agencia-de-comunicacao\/wp-json\/wp\/v2\/users\/1"}],"replies":[{"embeddable":true,"href":"https:\/\/bluestudio.estadao.com.br\/agencia-de-comunicacao\/wp-json\/wp\/v2\/comments?post=104876"}],"version-history":[{"count":0,"href":"https:\/\/bluestudio.estadao.com.br\/agencia-de-comunicacao\/wp-json\/wp\/v2\/posts\/104876\/revisions"}],"wp:attachment":[{"href":"https:\/\/bluestudio.estadao.com.br\/agencia-de-comunicacao\/wp-json\/wp\/v2\/media?parent=104876"}],"wp:term":[{"taxonomy":"category","embeddable":true,"href":"https:\/\/bluestudio.estadao.com.br\/agencia-de-comunicacao\/wp-json\/wp\/v2\/categories?post=104876"},{"taxonomy":"post_tag","embeddable":true,"href":"https:\/\/bluestudio.estadao.com.br\/agencia-de-comunicacao\/wp-json\/wp\/v2\/tags?post=104876"}],"curies":[{"name":"wp","href":"https:\/\/api.w.org\/{rel}","templated":true}]}}