{"id":104092,"date":"2024-12-09T10:12:00","date_gmt":"2024-12-09T13:12:00","guid":{"rendered":"https:\/\/bluestudio.estadao.com.br\/agencia-de-comunicacao\/releases\/releases-geral\/de-combustiveis-fosseis-a-futuros-verdes-oxford-e-ebc-financial-group-falam-sobre-o-que-esta-nos-segurando\/"},"modified":"2024-12-09T10:12:00","modified_gmt":"2024-12-09T13:12:00","slug":"de-combustiveis-fosseis-a-futuros-verdes-oxford-e-ebc-financial-group-falam-sobre-o-que-esta-nos-segurando","status":"publish","type":"post","link":"https:\/\/bluestudio.estadao.com.br\/agencia-de-comunicacao\/releases\/releases-geral\/de-combustiveis-fosseis-a-futuros-verdes-oxford-e-ebc-financial-group-falam-sobre-o-que-esta-nos-segurando\/","title":{"rendered":"De Combust\u00edveis F\u00f3sseis a Futuros Verdes: Oxford e EBC Financial Group Falam Sobre o Que Est\u00e1 Nos Segurando"},"content":{"rendered":"<p><b>EBC Financial Group<\/b><\/p>\n<p align=\"justify\">OXFORD, Reino Unido, Dec.  09, 2024  (GLOBE NEWSWIRE) &#8212; Em um mundo cada vez mais moldado pela dupla crise das mudan\u00e7as clim\u00e1ticas e da instabilidade econ\u00f4mica, o Oxford Department of Economics, em colabora\u00e7\u00e3o com o EBC Financial Group (EBC), organizou uma importante sess\u00e3o da s\u00e9rie &#8220;What Economists Really Do?&#8221; (WERD). O evento reuniu as principais mentes da academia e das finan\u00e7as para explorar estrat\u00e9gias acion\u00e1veis para alinhar os sistemas econ\u00f4micos com a sustentabilidade ambiental e, ao mesmo tempo, abordar as preocupa\u00e7\u00f5es sociais urgentes.<\/p>\n<p align=\"justify\">O evento, intitulado &#8220;Macroeconomics and Climate (Macroeconomia e Clima), contou com uma palestra da Professora Associada Andrea Chiavari e um painel de discuss\u00e3o intitulado &#8220;Sustaining Sustainability: Balancing Economic Growth and Climate Resilience (Sustentando a Sustentabilidade: Equil\u00edbrio Entre o Crescimento Econ\u00f4mico e a Resili\u00eancia Clim\u00e1tica), moderada pela Professora Associada Banu Demir Pakel. Os membros do painel inclu\u00edram a Dra. Nicola Ranger, Diretora do Global Finance Group of the Environmental Change Institute e Pesquisadora S\u00eanior de Oxford, e David Barrett, CEO do EBC Financial Group (UK) Ltd. Juntos, eles dissecaram a interse\u00e7\u00e3o entre pol\u00edtica, finan\u00e7as e impacto humano, oferecendo insights e recomenda\u00e7\u00f5es pr\u00e1ticas que v\u00e3o al\u00e9m do discurso te\u00f3rico.<\/p>\n<p align=\"center\"><img decoding=\"async\" alt=\"\" height=\"416.07px\" src=\"https:\/\/ml.globenewswire.com\/Resource\/Download\/52a3146b-821b-4306-a8fd-306b8295cd79\/image1.jpg\" width=\"624.0px\" \/><\/p>\n<p align=\"justify\"><strong><em>Da esquerda para a direita: Dra. Nicola Ranger (Diretora do Global Finance Group of the Environmental Change Institute e Pesquisadora S\u00eanior), Professor Associado Andrea Chiavari (Department of Economics), David Barrett (CEO do EBC Financial Group (UK) Ltd), e Professora Associada Banu Demir Pakel (Department of Economics)<\/em><\/strong><\/p>\n<p align=\"justify\"><strong>Sobre o EBC Financial Group: Capacita\u00e7\u00e3o do Com\u00e9rcio Respons\u00e1vel e da Inova\u00e7\u00e3o Sustent\u00e1vel<\/strong><br \/>O EBC Financial Group, uma presen\u00e7a crescente nos mercados financeiros globais, conecta clientes em todo o mundo a oportunidades de negocia\u00e7\u00e3o em forex, commodities, \u00edndices e muito mais com suas solu\u00e7\u00f5es abrangentes de corretagem. Operando nos principais centros financeiros e mercados emergentes, o EBC equipa os traders com ferramentas inovadoras e promove a colabora\u00e7\u00e3o para que possam enfrentar os desafios em evolu\u00e7\u00e3o das finan\u00e7as globais. Como Parceiro Oficial de C\u00e2mbio do FC Barcelona e parceiro da campanha Unidos para Combater a Mal\u00e1ria das Na\u00e7\u00f5es Unidas, o EBC est\u00e1 empenhado em moldar um futuro definido pela sustentabilidade, equidade e pr\u00e1ticas comerciais respons\u00e1veis.<\/p>\n<p align=\"justify\">A participa\u00e7\u00e3o do EBC no WERD reflete a crescente urg\u00eancia da uni\u00e3o dos mercados financeiros e a pesquisa acad\u00eamica para o enfrentamento dos desafios clim\u00e1ticos e econ\u00f4micos. Ao contribuir para um di\u00e1logo compartilhado sobre estrat\u00e9gias acion\u00e1veis, o EBC juntou-se a uma comunidade de l\u00edderes de pensamento para destacar passos pr\u00e1ticos para o alinhamento dos sistemas financeiros com os objetivos de desenvolvimento sustent\u00e1vel.<\/p>\n<p align=\"justify\"><strong>Podemos Aumentar a Economia e Salvar o Planeta?<\/strong><\/p>\n<p align=\"justify\">As discuss\u00f5es foram focadas no reconhecimento de que a seguran\u00e7a financeira e ambiental s\u00e3o preocupa\u00e7\u00f5es universalmente compartilhadas. O Dr. Chiavari fez uma palestra reveladora sobre os custos econ\u00f4micos das mudan\u00e7as clim\u00e1ticas. Ele ilustrou o crescimento dram\u00e1tico do PIB global desde a revolu\u00e7\u00e3o industrial, justapondo isso com o impacto ambiental do consumo de combust\u00edveis f\u00f3sseis e o aumento das emiss\u00f5es de CO2. Chiavari destacou a import\u00e2ncia cr\u00edtica do custo social do carbono na formula\u00e7\u00e3o de pol\u00edticas eficazes.<\/p>\n<p align=\"center\"><img decoding=\"async\" alt=\"\" height=\"416.07px\" src=\"https:\/\/ml.globenewswire.com\/Resource\/Download\/3cb0eea8-2916-4526-aba3-723aa160ca4d\/image2.jpg\" width=\"624.0px\" \/><\/p>\n<p align=\"justify\">O ponto central da sua mensagem foi o conceito do custo social do carbono, que quantifica os custos sociais mais amplos das emiss\u00f5es. Al\u00e9m de ser uma necessidade ambiental, a tributa\u00e7\u00e3o do carbono tamb\u00e9m \u00e9 uma necessidade econ\u00f4mica, disse ele. O Dr. Chiavari explicou como tais medidas podem criar os incentivos econ\u00f4micos necess\u00e1rios para orientar corpora\u00e7\u00f5es e indiv\u00edduos em dire\u00e7\u00e3o a escolhas sustent\u00e1veis. &#8220;Bem, pense novamente&#8221;, acrescentou Chiavari. O uso do aquecimento tem o mesmo benef\u00edcio de antes &#8211; aquecer um ambiente. Mas agora seu custo \u00e9 muito maior.<\/p>\n<p align=\"justify\">Expandindo este ponto, o Dr. Chiavari enfatizou que a tributa\u00e7\u00e3o do carbono est\u00e1 voltada para as emiss\u00f5es de carbono e n\u00e3o para o consumo de energia. A tributa\u00e7\u00e3o do carbono tributa o carbono, n\u00e3o tributa a energia, explicou ele. E isso cria enormes incentivos para o setor privado, para as pessoas, para voc\u00ea, para n\u00f3s, para mim, passar dos combust\u00edveis f\u00f3sseis para fontes alternativas de energia. N\u00e3o se trata apenas de reduzir a energia ou a sua produ\u00e7\u00e3o; cria enormes incentivos para a mudan\u00e7a para fontes alternativas de energia.<\/p>\n<p align=\"justify\">Com base nisso, o painel de discuss\u00e3o detalhou os aspectos pr\u00e1ticos do alinhamento do crescimento econ\u00f4mico com a resili\u00eancia clim\u00e1tica, moderado pela Dra. Banu Demir Pakel.<\/p>\n<p align=\"justify\"><strong>Conex\u00e3o da Pol\u00edtica, Finan\u00e7as e A\u00e7\u00e3o em um Painel de Perspectivas<\/strong><\/p>\n<p align=\"justify\">O painel de discuss\u00e3o explorou a complexa intera\u00e7\u00e3o entre p crescimento econ\u00f4mico e a resili\u00eancia clim\u00e1tica. Cada painelista contribuiu com conhecimentos distintos para a conversa, oferecendo novas perspectivas sobre como os sistemas globais podem se adaptar a esses dois pontos essenciais.<\/p>\n<p align=\"center\"><img decoding=\"async\" alt=\"\" height=\"416.07px\" src=\"https:\/\/ml.globenewswire.com\/Resource\/Download\/5142fbd8-58bd-468f-a497-dc1cf3b5391d\/image3.jpg\" width=\"624.0px\" \/><\/p>\n<p align=\"justify\">O Dr. Chiavari enfatizou a natureza global do combate \u00e0s mudan\u00e7as clim\u00e1ticas, destacando que as emiss\u00f5es transcendem as fronteiras e exigem uma resposta internacional coordenada. Ele falou sobre os riscos de vazamento de carbono, onde pol\u00edticas clim\u00e1ticas rigorosas em um pa\u00eds podem levar ao deslocamento de emiss\u00f5es para regi\u00f5es com regulamenta\u00e7\u00f5es mais fracas, prejudicando o progresso global. Para mitigar isso, Chiavari defendeu pol\u00edticas que promovam a colabora\u00e7\u00e3o e a inova\u00e7\u00e3o internacionais, garantindo que as transi\u00e7\u00f5es para pr\u00e1ticas sustent\u00e1veis sejam equitativas e abrangentes.<\/p>\n<p align=\"justify\">A Dra. Ranger destacou as oportunidades econ\u00f4micas que podem surgir da a\u00e7\u00e3o clim\u00e1tica, afirmando: &#8220;N\u00e3o se trata apenas de custos, mas tamb\u00e9m de oportunidades&#8221;. Articulando o potencial da cria\u00e7\u00e3o de empregos e est\u00edmulo ao crescimento econ\u00f4mico, e abordagem dos riscos clim\u00e1ticos, a Dra. Ranger tamb\u00e9m enfatizou a import\u00e2ncia da reformula\u00e7\u00e3o das narrativas p\u00fablicas. Ela ressaltou que uma a\u00e7\u00e3o clim\u00e1tica eficaz pode promover a inova\u00e7\u00e3o e o progresso sem impor um \u00f4nus financeiro significativo. Ela tamb\u00e9m defende o redirecionamento de combust\u00edveis f\u00f3sseis e outros subs\u00eddios prejudiciais ao meio ambiente, que globalmente chegam a US $ 7 trilh\u00f5es ao ano, para investimentos verdes, como energia renov\u00e1vel.<\/p>\n<p align=\"center\"><img decoding=\"async\" alt=\"\" height=\"416.4px\" src=\"https:\/\/ml.globenewswire.com\/Resource\/Download\/e83052bb-6710-4340-b1db-1a61dd950240\/image4.jpg\" width=\"624.0px\" \/><\/p>\n<p align=\"justify\">Aproveitando sua vasta experi\u00eancia nos mercados financeiros, Barrett enfatizou a import\u00e2ncia de alinhar os incentivos de mercado com as metas de sustentabilidade. Ele compartilhou uma avalia\u00e7\u00e3o franca dos desafios do setor na ado\u00e7\u00e3o da sustentabilidade, ressaltando a natureza lucrativa das institui\u00e7\u00f5es financeiras: O mercado financeiro \u00e9 impulsionado pela necessidade de ganhar dinheiro &#8211; seja para seus acionistas ou para os investidores. Barrett destacou a necessidade cr\u00edtica de os governos criarem estruturas regulat\u00f3rias aplic\u00e1veis, observando que esse alinhamento \u00e9 essencial para canalizar a influ\u00eancia do setor para a\u00e7\u00f5es clim\u00e1ticas significativas.<\/p>\n<p align=\"justify\">Sobre o tema das estruturas Environmental, Social, and Governance (ESG &#8211; Ambientais, Sociais e de Governan\u00e7a), Barrett expressou preocupa\u00e7\u00e3o com sua implementa\u00e7\u00e3o atual, observando que &#8220;a ESG simplesmente se tornou uma burocracia&#8221;. Ele pediu pol\u00edticas mais fortes que garantam a presta\u00e7\u00e3o de contas e proporcionem um impacto mensur\u00e1vel, em vez de simplesmente atender aos padr\u00f5es de conformidade superficiais.<\/p>\n<p align=\"center\"><img decoding=\"async\" alt=\"\" height=\"416.4px\" src=\"https:\/\/ml.globenewswire.com\/Resource\/Download\/5bda47cb-c633-4cb1-9972-a5f526ff49ab\/image5.jpg\" width=\"624.0px\" \/><\/p>\n<p align=\"justify\">Durante uma discuss\u00e3o sobre clubes clim\u00e1ticos, Barrett destacou os riscos de esfor\u00e7os globais fragmentados. Ele advertiu: Para que essas iniciativas tenham sucesso, elas precisam incluir todos os principais participantes. Caso contr\u00e1rio, as redu\u00e7\u00f5es de emiss\u00f5es alcan\u00e7adas em algumas regi\u00f5es poderiam ser canceladas pelo aumento das emiss\u00f5es em outros lugares. Isso, ele alertou, poderia minar o progresso coletivo necess\u00e1rio para o enfrentamento dos desafios clim\u00e1ticos.<\/p>\n<p align=\"justify\"><strong>Que Medidas Pr\u00e1ticas os Governos, Empresas e Indiv\u00edduos Devem Adotar para a Cria\u00e7\u00e3o de um Futuro Econ\u00f4mico Sustent\u00e1vel que Seja Alcan\u00e7\u00e1vel e Seguro Para Todos?<\/strong><\/p>\n<p align=\"justify\">Separadamente, o moderador e os painelistas foram entrevistados quanto a essa quest\u00e3o crucial, e apresentaram diversas perspectivas sobre os pap\u00e9is colaboradores de governos, empresas e indiv\u00edduos na abordagem dos desafios clim\u00e1ticos.<\/p>\n<p align=\"justify\"><strong>O Papel dos Governos: Pol\u00edticas e Planejamento<\/strong><\/p>\n<p align=\"justify\">A Dra. Demir Pakel enfatizou a import\u00e2ncia da educa\u00e7\u00e3o e da conscientiza\u00e7\u00e3o no combate \u00e0s mudan\u00e7as clim\u00e1ticas, particularmente sobre o papel dos governos na condu\u00e7\u00e3o das mudan\u00e7as. O papel do governos \u00e9 come\u00e7ar com uma maior conscientiza\u00e7\u00e3o, explicou ela, enfatizando a necessidade da divulga\u00e7\u00e3o das consequ\u00eancias das mudan\u00e7as clim\u00e1ticas. Ela destacou a necessidade de pol\u00edticas que n\u00e3o apenas incentivem o setor privado, mas tamb\u00e9m orientem o comportamento do consumidor, observando: &#8220;\u00c9 uma rede complexa onde os governos t\u00eam a responsabilidade prim\u00e1ria de planejar e orientar a\u00e7\u00f5es em todos os n\u00edveis&#8221;.<\/p>\n<p align=\"justify\">O setor privado precisa de incentivos para poder agir, porque eles definitivamente parecer\u00e3o de curto prazo em compara\u00e7\u00e3o com os governos. Portanto, seu comportamento precisa ser mudado, e os governos t\u00eam outro papel: implementar pol\u00edticas para mudar o comportamento do setor privado e dos consumidores , ela acrescentou.<\/p>\n<p align=\"justify\"><strong>Incentivos de Mercado e Tributa\u00e7\u00e3o do Carbono<\/strong><\/p>\n<p align=\"justify\">O Dr. Chiavari refor\u00e7ou a necessidade de interven\u00e7\u00f5es lideradas pelos governos, particularmente por meio da tributa\u00e7\u00e3o do carbono, como meio de corrigir as falhas do mercado. Ele explicou que, ao incorporar o custo social das emiss\u00f5es nos pre\u00e7os da energia, os governos podem incentivar decis\u00f5es de consumo e investimento mais respons\u00e1veis.<\/p>\n<p align=\"justify\"><strong>Mudan\u00e7a da Narrativa: Uma Transi\u00e7\u00e3o Positiva<\/strong><\/p>\n<p align=\"justify\">A Dra. Ranger refletiu sobre os desafios atuais da a\u00e7\u00e3o clim\u00e1tica, ressaltando que uma parte significativa do problema est\u00e1 na conscientiza\u00e7\u00e3o. Algo est\u00e1 errado e acho que o grande problema \u00e9 a conscientiza\u00e7\u00e3o, observou ela. Os governos desempenham um papel, mas eles fundamentalmente fazem o que o p\u00fablico vai aprovar por meio dos votos. E a falta de conscientiza\u00e7\u00e3o dos benef\u00edcios imediatos de uma transi\u00e7\u00e3o para uma energia verde &#8211; para a seguran\u00e7a energ\u00e9tica e a sa\u00fade p\u00fablica &#8211; \u00e9 um problema fundamental no momento.<\/p>\n<p align=\"justify\">A Dra. Ranger criticou a narrativa em torno das mudan\u00e7as clim\u00e1ticas que falhou nos \u00faltimos anos, por ser um desafio caro e pesado. Particularmente, a narrativa \u00e9 que vai ser muito caro. N\u00e3o concordo com essa vis\u00e3o e isso n\u00e3o \u00e9 apoiado pelas evid\u00eancias. Temos que tomar decis\u00f5es dif\u00edceis, mas a maneira como isso est\u00e1 sendo feito est\u00e1 dificultando muito todo o processo &#8211; especificamente, a falta de certeza dos governos sobre suas pol\u00edticas impede o investimento e aumenta os custos. Todas as evid\u00eancias mostram que, a implementa\u00e7\u00e3o de pol\u00edticas certas e o estabelecimento de um caminho claro para os investidores, uma transi\u00e7\u00e3o justa seria o caminho de menor custo e mais ben\u00e9fico , disse ela.<\/p>\n<p align=\"justify\">Apontando para os subs\u00eddios aos combust\u00edveis f\u00f3sseis, ela destacou como seu redirecionamento poderia catalisar uma transi\u00e7\u00e3o positiva. Injetamos muito dinheiro em subs\u00eddios aos combust\u00edveis f\u00f3sseis em todo o mundo &#8211; as estimativas variam de cinco a sete trilh\u00f5es de d\u00f3lares ao ano. Se ao inv\u00e9s disso o dinheiro tivesse sido aplicado em tecnologias limpas, ter\u00edamos resolvido o problema.<\/p>\n<p align=\"justify\">Para resolver isso, a Dra. Ranger pediu uma mudan\u00e7a no discurso p\u00fablico, enfatizando as oportunidades econ\u00f4micas inerentes \u00e0 a\u00e7\u00e3o clim\u00e1tica. Ela enfatizou o papel dos acad\u00eamicos e especialistas na reformula\u00e7\u00e3o da narrativa, dizendo: Precisamos que as pessoas entendam que essa transi\u00e7\u00e3o \u00e9 positiva. Um boa pol\u00edtica governamental n\u00e3o afetaria substancialmente as pessoas e, na verdade, impulsionaria o crescimento do emprego e da inova\u00e7\u00e3o.<\/p>\n<p align=\"justify\">A Dra. Ranger concluiu pedindo aos governos que assumam a lideran\u00e7a na mudan\u00e7a dessa narrativa, dizendo: O que eu realmente gostaria de ver \u00e9 o apoio dos governos, dizendo: Isso \u00e9 o que vai acontecer. Vai ajudar voc\u00eas. Aqui est\u00e1 o caminho. \u00c9 disso que os investidores e o p\u00fablico precisam.<\/p>\n<p align=\"justify\"><strong>O Papel das Empresas e dos Indiv\u00edduos: Responsabilidade e Inova\u00e7\u00e3o<\/strong><\/p>\n<p align=\"justify\">Barrett forneceu uma perspectiva franca sobre o papel das empresas e dos indiv\u00edduos na a\u00e7\u00e3o clim\u00e1tica. Ele destacou a natureza lucrativa do setor financeiro, alertando que sem estruturas regulat\u00f3rias claras a sustentabilidade n\u00e3o ser\u00e1 uma prioridade. Os mercados financeiros n\u00e3o far\u00e3o isso sozinhos. Eles precisam ser incentivados a agir, disse. Quando o setor financeiro \u00e9 direcionado e se entusiasma com um t\u00f3pico, ele pode realizar coisas incr\u00edveis. Mas isso requer pol\u00edticas e incentivos claros.<\/p>\n<p align=\"justify\">Barrett tamb\u00e9m refletiu sobre o papel dos indiv\u00edduos como eleitores e consumidores, enfatizando que suas escolhas podem influenciar significativamente a pol\u00edtica e o comportamento corporativo. A pol\u00edtica precisa ser muito melhor em educar o eleitor sobre o que ele quer e como deve esperar que isso aconte\u00e7a, observou ele. Ao priorizar pr\u00e1ticas sustent\u00e1veis e responsabilizar os formuladores de pol\u00edticas, os indiv\u00edduos podem impulsionar mudan\u00e7as sist\u00eamicas.<\/p>\n<p align=\"justify\">Embora critique medidas superficiais, como as estruturas ESG burocr\u00e1ticas, Barrett manteve uma perspectiva otimista sobre o potencial do setor financeiro. O setor financeiro pode ser incrivelmente inovador, observou ele. Ele pode mover montanhas e resolver problemas reais, mas precisa dos incentivos certos e de conversas honestas sobre o que est\u00e1 em jogo. Ele pediu uma mudan\u00e7a de ciclos pol\u00edticos de curto prazo para estrat\u00e9gias voltadas para o futuro, exortando todas as partes interessadas a abra\u00e7ar o esfor\u00e7o de longo prazo necess\u00e1rio para enfrentar a crise clim\u00e1tica de forma eficaz.<\/p>\n<p align=\"justify\">Para assistir \u00e0 sess\u00e3o completa do epis\u00f3dio Macroeconomics and Climate da WERD, incluindo a palestra e o painel de discuss\u00e3o, visite <a href=\"https:\/\/www.globenewswire.com\/Tracker?data=azL8qHRmiALL94IyhoEWoimTHyTjTqhLHeh2YOC3RaAocD1weuo6l90ONtgw4TTf5BvxcxXfh_hG5wuu_TL8l77tjeHEAgqt98Qg_5Qn8F_dGcE6VLOidwGYRETJq2avDr-Xf55KZlvhdFcqbP43P0hs6esgVUUE6JogLNZb0VLttslm4RqteWHksxsgXqEumYcBEnk-SmKKdQ6m7s59EAZJ83JzPpYqqQWQ-0vSw4TLknlqQaw47OUb_7pfe20h3x0UlXonlRZUzIafJREeCvDuZFESsU8-1mOLM7CgQ1MbfyNJROKZ0J2b7Ghgm-sdgwqTm1fwkg_ok6YIm_S1ZmP7jQnWrZOGRYcK6nJ8Z3sWn08lXLUrhmJezqKVcxbmIroUVrSg9Qj-Sf02VbcUofy5WgwjTLKLmY7sfytratmahXeZf3nidpRqPwMrADm4XQXgG0t89pZBzdE1FnK8vxPw5_le6O4bopbI0WuzfXm_j0PGAFqisqlBKUQ1HlbguA_Sdj-zd_SjB-uMEPiWUE_mBNOaut1bP9iayFDQQMgB1UEKGvhm7UiHOqCSK-Dpz0TwUoeKxn77f0dHKMp-g3RKbhXQhMee__4wxGGjyaJkGu9ZBp3Ajf7GfOKi0Nya\" rel=\"nofollow\" target=\"_blank\"><u>https:\/\/youtu.be\/MD5vaMjQdkc.<\/u><\/a><\/p>\n<p align=\"justify\"><strong>Sobre o EBC Financial Group<\/strong><\/p>\n<p align=\"justify\">Fundado no conceituado distrito financeiro de Londres, o EBC Financial Group (EBC) \u00e9 conhecido pelo seu conjunto abrangente de servi\u00e7os que incluem corretagem financeira, gest\u00e3o de ativos e solu\u00e7\u00f5es de investimento abrangentes. O EBC rapidamente estabeleceu sua posi\u00e7\u00e3o como uma corretora global, com uma ampla presen\u00e7a em centros financeiros importantes, como Londres, Hong Kong, T\u00f3quio, Singapura, Sydney, Ilhas Cayman e em mercados emergentes na Am\u00e9rica Latina, Sudeste Asi\u00e1tico, \u00c1frica e \u00cdndia. O EBC atende a uma clientela diversificada de investidores de varejo, profissionais e institucionais em todo o mundo.<\/p>\n<p align=\"justify\">Reconhecido com v\u00e1rias premia\u00e7\u00f5es, o EBC se orgulha de aderir aos principais n\u00edveis de padr\u00f5es \u00e9ticos e regulamenta\u00e7\u00f5es internacionais. As subsidi\u00e1rias do EBC Financial Group s\u00e3o regulamentadas e licenciadas em suas jurisdi\u00e7\u00f5es locais. O EBC Financial Group (UK) Limited \u00e9 regulado pela Financial Conduct Authority (FCA) do Reino Unido, o EBC Financial Group (Cayman) Limited \u00e9 regulado pela Cayman Islands Monetary Authority (CIMA), o EBC Financial Group (Australia) Pty Ltd e o EBC Asset Management Pty Ltd s\u00e3o regulados pela Australias Securities and Investments Commission (ASIC).<\/p>\n<p align=\"justify\">No centro do Grupo EBC est\u00e3o profissionais experientes com mais de 30 anos de profunda experi\u00eancia em grandes institui\u00e7\u00f5es financeiras, tendo navegado habilmente por ciclos econ\u00f4micos significativos, desde o Plaza Accord at\u00e9 a crise do franco su\u00ed\u00e7o em 2015. O EBC defende uma cultura na qual a integridade, o respeito e a seguran\u00e7a dos ativos dos clientes s\u00e3o fundamentais, garantindo que todo o envolvimento dos investidores seja tratado com a m\u00e1xima seriedade que merece.<\/p>\n<p align=\"justify\">O EBC \u00e9 o Parceiro Oficial de C\u00e2mbio do FC Barcelona, oferecendo servi\u00e7os especializados em regi\u00f5es como \u00c1sia, LATAM, Oriente M\u00e9dio, \u00c1frica e Oceania. O EBC Financial Group tem parceria com a Unidos para Combater a Mal\u00e1ria, uma campanha da Funda\u00e7\u00e3o das Na\u00e7\u00f5es Unidas que visa aumentar a sa\u00fade global. A partir de fevereiro de 2024 a EBC passou a apoiar a s\u00e9rie de engajamentos p\u00fablicos &#8220;What Economists Really Do&#8221; (O que os economistas realmente fazem) do Department of Economics da Oxford University, desmistificando a economia e sua aplica\u00e7\u00e3o aos principais desafios sociais para aumentar a sua compreens\u00e3o e o di\u00e1logo do p\u00fablico.<\/p>\n<p><a href=\"https:\/\/www.globenewswire.com\/Tracker?data=azL8qHRmiALL94IyhoEWosxrb44zDIHU9X37b-FPC4abNyDxxLLQkOfk_-WjAhhyKZBc2gilEUw8xn8AONk4Oanx1DgMf2KY9O_BlFsdGFw=\" rel=\"nofollow\" target=\"_blank\"><u>https:\/\/www.ebc.com\/<\/u><\/a><\/p>\n<p align=\"justify\"><strong>Sobre o Department of Economics<\/strong><\/p>\n<p align=\"justify\">O Oxford Department of Economics \u00e9 um centro de excel\u00eancia reconhecido mundialmente, que abriga uma das maiores comunidades de economistas acad\u00eamicos do mundo. Conhecido pela profundidade e diversidade das suas pesquisas que influenciam significativamente a pol\u00edtica, o Departamento tamb\u00e9m \u00e9 conhecido por sua comunidade din\u00e2mica de acad\u00eamicos em in\u00edcio de carreira e seus programas de gradua\u00e7\u00e3o e p\u00f3s-gradua\u00e7\u00e3o altamente conceituados. Em 2024, o Oxford Department of Economics foi classificado em primeiro lugar no Reino Unido pelo The Guardian pelo seu ensino de gradua\u00e7\u00e3o. O ranking reflete o compromisso cont\u00ednuo do Departamento com a excel\u00eancia em ensino e pesquisa, solidificando sua posi\u00e7\u00e3o como um dos principais departamentos de Economia do mundo. Al\u00e9m das conquistas no ensino, o objetivo do Departamento \u00e9 produzir pesquisas econ\u00f4micas transformadoras e inovadoras; ter um impacto sustentado na pol\u00edtica econ\u00f4mica fora da academia; e desenvolver e treinar a pr\u00f3xima gera\u00e7\u00e3o de pesquisadores e l\u00edderes de pesquisas.<\/p>\n<p align=\"justify\"><strong>Sobre o What Economists Really Do (WERD)<\/strong><\/p>\n<p align=\"justify\">WERD \u00e9 um programa de extens\u00e3o do Department of Economics, Oxford University para inspirar o estudo da economia e compartilhar &#8216;What Economists Really Do&#8217;. Com t\u00f3picos que v\u00e3o desde a crise clim\u00e1tica at\u00e9 a discrimina\u00e7\u00e3o no mercado de trabalho, os economistas de Oxford est\u00e3o trabalhando com governos e empresas em todo o mundo para melhorar as pol\u00edticas e fazer com que a economia funcione melhor para todos. Descubra como a economia pode ser usada para esclarecer alguns dos maiores problemas que a sociedade enfrenta hoje nesta s\u00e9rie de webinars p\u00fablicos de sucesso, retornando para a quarta s\u00e9rie de sucesso em 2024-25.<\/p>\n<p>Contato com a M\u00eddia:<br \/>Savitha Ravindran<br \/>Gerente Global de Rela\u00e7\u00f5es P\u00fablicas (EMEA, LATAM)<br \/><a href=\"https:\/\/www.globenewswire.com\/Tracker?data=xh4KbPr7y-Z81CpR5vAVbmep3WvpFiw4Z4I7Uq7AtyLjSteNlgJUJtYVTeLfJhrP21Vrf8pwHfGH_2Dq6BeY0mAf98ki8gThWkiHuermVGxz2CYI68tyMKhCyfkTlHaS\" rel=\"nofollow\" target=\"_blank\"><u>savitha.ravindran@ebc.com<\/u><\/a><\/p>\n<p>Chyna Elvina<br \/>Gerente Global de Rela\u00e7\u00f5es P\u00fablicas (APAC, LATAM)<br \/><a href=\"https:\/\/www.globenewswire.com\/Tracker?data=PINrwki6o-hgDNTAlMdgyLSwGroo8eb2-QQFP909QOvHa3-dRR_8Fmf3M42x8nG9gCyxDQc2brOTiF2uATYzTGXSO4ljolBvMo1C6nXaZ00=\" rel=\"nofollow\" target=\"_blank\"><u>chyna.elvina@ebc.com<\/u><\/a><\/p>\n<p>Douglas Chew<br \/>L\u00edder Global de Rela\u00e7\u00f5es P\u00fablicas<br \/><a href=\"https:\/\/www.globenewswire.com\/Tracker?data=0j-wmT8o26RQqwxnfwXkdU1xdn1UpCUFcNuxaNCjx4mQj321kqBD1rRnqoCfuI4Xy9mzSeRY6zTadlrxPHRVgTs6rt3WXtnbdzlTjS1a-kc=\" rel=\"nofollow\" target=\"_blank\"><u>douglas.chew@ebc.com<\/u><\/a><\/p>\n<p>Fotos deste comunicado podem ser encontradas em:<\/p>\n<p><a href=\"https:\/\/www.globenewswire.com\/Tracker?data=azL8qHRmiALL94IyhoEWoiHmWW-kd9Fc8BIqPqVoaqmjJtpDJAGL-DSSPefX3Yf4TY68plFMs-q1_0GziUHE1qn-haE5hI7390bw-_Mbw-1N7XAnRNLxPMfCS7MWvxhbXMFRJkBED3cXw8uCegkHuCFvM580HtSkHpWLd5uwF83X5XJSRPpdHx8Hn38gNso7c5_GFAGzpOXfHlhO_8mgn4_v-tF166T9m0xrjKOtHA2bkMY64_ajKs-CiTz4CtQQB5ZqYH4yalGQwu0EITWTEg==\" rel=\"nofollow\" target=\"_blank\"><u>https:\/\/www.globenewswire.com\/NewsRoom\/AttachmentNg\/a577ed99-ad63-417e-9fad-3d322fe6e0db\/pt<\/u><\/a><\/p>\n<p><a href=\"https:\/\/www.globenewswire.com\/Tracker?data=azL8qHRmiALL94IyhoEWoiHmWW-kd9Fc8BIqPqVoaqmjJtpDJAGL-DSSPefX3Yf4MnWbqI_HSKaWEsH2m7BSpbtujNwSNX-ouewgDImIx8nROB5LTfAEeUFdbtp6WPwTRsY_sHzj3vjFAEHKgxp59_uly6xUIUIjjZ9C2d3Zp8tpPsL2r0csp5zwYPxxNPe2PmcJjX3zfOHi4MtycFL8oexI6t2XmnosqE3qw46KWghY0RgjME3TQyknKV0uyMit8RQ7C8cYj7B0-NP84H2vtA==\" rel=\"nofollow\" target=\"_blank\"><u>https:\/\/www.globenewswire.com\/NewsRoom\/AttachmentNg\/1de6469e-f2e7-494a-adc8-d9b6118dfdb3\/pt<\/u><\/a><\/p>\n<p><a href=\"https:\/\/www.globenewswire.com\/Tracker?data=azL8qHRmiALL94IyhoEWoiHmWW-kd9Fc8BIqPqVoaqmjJtpDJAGL-DSSPefX3Yf4TY68plFMs-q1_0GziUHE1qexo-I0Q6GJPVIAUOI4yAvohNnH5ekMp5wlptbtQxOf-kX0d2cT2BvUAVXGztSMO2YMpfGRBXkx4KNVPlxwTr0kwCMLyssz0eNsMtzb7XlgkXcnaqHKTCPHMZf_saa2M-bpH_C3KiiXKLckzxhWwB7iAX8a8nbX7sa4bS2yVs89BMSZ3mmud9mHsBG_p6Hbsw==\" rel=\"nofollow\" target=\"_blank\"><u>https:\/\/www.globenewswire.com\/NewsRoom\/AttachmentNg\/a0fdb8f6-1eff-4c5b-b1e5-e18411f62ee0\/pt<\/u><\/a><\/p>\n<p><a href=\"https:\/\/www.globenewswire.com\/Tracker?data=azL8qHRmiALL94IyhoEWoiHmWW-kd9Fc8BIqPqVoaqmjJtpDJAGL-DSSPefX3Yf4h_MGI-RE1RV7ytfJfuabvYLyajoutCSUw5f61S6QqWi5-girmpXIop4EXZUN7U4fUEeIgv8BwSTxbrNh17rI2XOWscaaLwJ1wWccdDuRBaCw-ZqUu0psUEA1vo3oEFO10deZJYqmaSsFWVY87QP0DTFkVzTFhyjmTofC420OSHApXpUxI61jH6vlDs8U6z6aijTUzMAkGzG_R2GZJcVO-Q==\" rel=\"nofollow\" target=\"_blank\"><u>https:\/\/www.globenewswire.com\/NewsRoom\/AttachmentNg\/6685fb00-342f-459e-8f92-0120b1cdee3c\/pt<\/u><\/a><\/p>\n<p><a href=\"https:\/\/www.globenewswire.com\/Tracker?data=azL8qHRmiALL94IyhoEWoiHmWW-kd9Fc8BIqPqVoaqmjJtpDJAGL-DSSPefX3Yf4zpQXagXS8Y8rx4TzyX32ioFX2RjNVZsLVuv0ZK6O7ZbicMwOfzJvuEs8XAo0Eb-dzAIoUrwNbHSwiSGCMRQWoAxgkH81fNcEky81CALywd_Nd84ZjUgqTzOEQAIXCqwItZNuqIfGfZQ2QabLUEbU4opbiJZqleEJ7lDfmeVYyJhcyngVTRK2Zhpc_Y14XpKSudY8ooUsTJtdIRm2ySuZBA==\" rel=\"nofollow\" target=\"_blank\"><u>https:\/\/www.globenewswire.com\/NewsRoom\/AttachmentNg\/4d651d3f-c640-4132-bf9a-a5d6aba31266\/pt<\/u><\/a><\/p>\n<p> <img decoding=\"async\" alt=\"\" class=\"__GNW8366DE3E__IMG\" src=\"https:\/\/www.globenewswire.com\/newsroom\/ti?nf=OTMxNjAyNiM2NjI4Mjc4IzIyODk5NjA=\" \/> <br \/><img decoding=\"async\" alt=\"\" src=\"https:\/\/ml.globenewswire.com\/media\/ODdhODg2N2QtMzdmNi00MTgxLWExN2QtNDA2ZmJkNWJmZjJjLTEzMDE1MTA=\/tiny\/EBC-Tech-Limited.png\" \/><\/p>\n<div style=\"padding:0px;width: 100%\">\n<div style=\"clear:both\" \/>\n<div style=\"float: right;padding-left:20px\">\n<div>\n<h5>Painelistas da esquerda para a direita: Dra. Nicola Ranger, Professor Andrea Chiavari, David Barrett e Professora Banu Demir Pakel<\/h5>\n<\/div>\n<div> <a target=\"_blank\" href=\"https:\/\/www.globenewswire.com\/NewsRoom\/AttachmentNg\/a577ed99-ad63-417e-9fad-3d322fe6e0db\/pt\"><img decoding=\"async\" src=\"https:\/\/ml.globenewswire.com\/media\/a577ed99-ad63-417e-9fad-3d322fe6e0db\/medium\/painelistas-da-esquerda-para-a-direita-dra-nicola-ranger-pro.jpg\" \/> <\/a><\/div>\n<p \/>\n<div>\n<h5>As principais vozes da academia e do setor financeiro se re\u00fanem na S\u00e9rie WERD, impulsionando discuss\u00f5es vitais sobre resili\u00eancia clim\u00e1tica e crescimento econ\u00f4mico. Da esquerda para a direita: Dra. Nicola Ranger, Professor Andrea Chiavari, David Barrett e Professora Banu Demir Pakel.<\/h5>\n<\/div>\n<div>\n<h5>O professor Andrea Chiavari faz uma palestra na s\u00e9rie WERD de Oxford, abordando os impactos econ\u00f4micos das mudan\u00e7as clim\u00e1ticas e da tributa\u00e7\u00e3o do carbono<\/h5>\n<\/div>\n<div> <a target=\"_blank\" href=\"https:\/\/www.globenewswire.com\/NewsRoom\/AttachmentNg\/1de6469e-f2e7-494a-adc8-d9b6118dfdb3\/pt\"><img decoding=\"async\" src=\"https:\/\/ml.globenewswire.com\/media\/1de6469e-f2e7-494a-adc8-d9b6118dfdb3\/medium\/o-professor-andrea-chiavari-faz-uma-palestra-na-serie-werd-d.jpg\" \/> <\/a><\/div>\n<p \/>\n<div>\n<h5>O professor Andrea Chiavari abre a discuss\u00e3o da S\u00e9rie WERD com insights sobre os custos econ\u00f4micos das mudan\u00e7as clim\u00e1ticas e o potencial da tributa\u00e7\u00e3o do carbono para impulsionar a sustentabilidade.<\/h5>\n<\/div>\n<div>\n<h5>Painelistas discutem finan\u00e7as sustent\u00e1veis, resili\u00eancia clim\u00e1tica e crescimento econ\u00f4mico no evento da S\u00e9rie WERD de Oxford e EBC<\/h5>\n<\/div>\n<div> <a target=\"_blank\" href=\"https:\/\/www.globenewswire.com\/NewsRoom\/AttachmentNg\/a0fdb8f6-1eff-4c5b-b1e5-e18411f62ee0\/pt\"><img decoding=\"async\" src=\"https:\/\/ml.globenewswire.com\/media\/a0fdb8f6-1eff-4c5b-b1e5-e18411f62ee0\/medium\/painelistas-discutem-financas-sustentaveis-resiliencia-clima.jpg\" \/> <\/a><\/div>\n<p \/>\n<div>\n<h5>Painelistas de diversas origens compartilham estrat\u00e9gias para equilibrar a sustentabilidade com o desenvolvimento econ\u00f4mico global durante a discuss\u00e3o da S\u00e9rie WERD.<\/h5>\n<\/div>\n<div>\n<h5>Dra. Nicola Ranger e David Barrett abordando solu\u00e7\u00f5es de financiamento clim\u00e1tico e reformas pol\u00edticas no evento WERD Series de Oxford<\/h5>\n<\/div>\n<div> <a target=\"_blank\" href=\"https:\/\/www.globenewswire.com\/NewsRoom\/AttachmentNg\/6685fb00-342f-459e-8f92-0120b1cdee3c\/pt\"><img decoding=\"async\" src=\"https:\/\/ml.globenewswire.com\/media\/6685fb00-342f-459e-8f92-0120b1cdee3c\/medium\/dra-nicola-ranger-e-david-barrett-abordando-solucoes-de-fina.jpg\" \/> <\/a><\/div>\n<p \/>\n<div>\n<h5>A Dra. Nicola Ranger e David Barrett destacam as oportunidades para o financiamento clim\u00e1tico e a necessidade urgente de uma colabora\u00e7\u00e3o global mais forte no evento da S\u00e9rie WERD de Oxford.<\/h5>\n<\/div>\n<div>\n<h5>David Barrett discute o papel de pol\u00edticas mais fortes para a responsabilidade na sustentabilidade no painel de discuss\u00e3o da S\u00e9rie WERD de Oxford<\/h5>\n<\/div>\n<div> <a target=\"_blank\" href=\"https:\/\/www.globenewswire.com\/NewsRoom\/AttachmentNg\/4d651d3f-c640-4132-bf9a-a5d6aba31266\/pt\"><img decoding=\"async\" src=\"https:\/\/ml.globenewswire.com\/media\/4d651d3f-c640-4132-bf9a-a5d6aba31266\/medium\/david-barrett-discute-o-papel-de-politicas-mais-fortes-para.jpg\" \/> <\/a><\/div>\n<p \/>\n<div>\n<h5>David Barrett, CEO do EBC Financial Group (UK) Ltd, fez uma previs\u00e3o em junho de que os mercados desvalorizados estavam prestes a se recuperar.<\/h5>\n<\/div>\n<\/div>\n<\/div>\n<p>A <b>OESP<\/b> nao e(sao) responsavel(is) por erros, incorrecoes, atrasos ou quaisquer decisoes tomadas por seus clientes com base nos Conteudos ora disponibilizados, bem como tais Conteudos nao representam a opiniao da <b>OESP<\/b> e sao de inteira responsabilidade da <b>GlobeNewswire<\/b><\/p>\n","protected":false},"excerpt":{"rendered":"OXFORD, Reino Unido, Dec.  09, 2024  (GLOBE NEWSWIRE) &#8212; Em um mundo cada vez mais moldado pela dupla crise das mudan\u00e7as clim\u00e1ticas e da instabilidade eco","protected":false},"author":1,"featured_media":0,"comment_status":"open","ping_status":"closed","sticky":false,"template":"","format":"standard","meta":{"_acf_changed":false,"inline_featured_image":false,"_monsterinsights_skip_tracking":false,"_monsterinsights_sitenote_active":false,"_monsterinsights_sitenote_note":"","_monsterinsights_sitenote_category":0,"footnotes":""},"categories":[34],"tags":[],"class_list":["post-104092","post","type-post","status-publish","format-standard","hentry","category-releases-geral"],"acf":[],"_links":{"self":[{"href":"https:\/\/bluestudio.estadao.com.br\/agencia-de-comunicacao\/wp-json\/wp\/v2\/posts\/104092","targetHints":{"allow":["GET"]}}],"collection":[{"href":"https:\/\/bluestudio.estadao.com.br\/agencia-de-comunicacao\/wp-json\/wp\/v2\/posts"}],"about":[{"href":"https:\/\/bluestudio.estadao.com.br\/agencia-de-comunicacao\/wp-json\/wp\/v2\/types\/post"}],"author":[{"embeddable":true,"href":"https:\/\/bluestudio.estadao.com.br\/agencia-de-comunicacao\/wp-json\/wp\/v2\/users\/1"}],"replies":[{"embeddable":true,"href":"https:\/\/bluestudio.estadao.com.br\/agencia-de-comunicacao\/wp-json\/wp\/v2\/comments?post=104092"}],"version-history":[{"count":0,"href":"https:\/\/bluestudio.estadao.com.br\/agencia-de-comunicacao\/wp-json\/wp\/v2\/posts\/104092\/revisions"}],"wp:attachment":[{"href":"https:\/\/bluestudio.estadao.com.br\/agencia-de-comunicacao\/wp-json\/wp\/v2\/media?parent=104092"}],"wp:term":[{"taxonomy":"category","embeddable":true,"href":"https:\/\/bluestudio.estadao.com.br\/agencia-de-comunicacao\/wp-json\/wp\/v2\/categories?post=104092"},{"taxonomy":"post_tag","embeddable":true,"href":"https:\/\/bluestudio.estadao.com.br\/agencia-de-comunicacao\/wp-json\/wp\/v2\/tags?post=104092"}],"curies":[{"name":"wp","href":"https:\/\/api.w.org\/{rel}","templated":true}]}}