{"id":104017,"date":"2024-12-06T08:57:00","date_gmt":"2024-12-06T11:57:00","guid":{"rendered":"https:\/\/bluestudio.estadao.com.br\/agencia-de-comunicacao\/releases\/releases-geral\/onesight-essilorluxottica-foundation-se-une-a-organizacao-mundial-da-saude-para-impulsionar-globalmente-os-cuidados-com-a-visao-dentro-da-iniciativa-specs-2030\/"},"modified":"2024-12-06T08:57:00","modified_gmt":"2024-12-06T11:57:00","slug":"onesight-essilorluxottica-foundation-se-une-a-organizacao-mundial-da-saude-para-impulsionar-globalmente-os-cuidados-com-a-visao-dentro-da-iniciativa-specs-2030","status":"publish","type":"post","link":"https:\/\/bluestudio.estadao.com.br\/agencia-de-comunicacao\/releases\/releases-geral\/onesight-essilorluxottica-foundation-se-une-a-organizacao-mundial-da-saude-para-impulsionar-globalmente-os-cuidados-com-a-visao-dentro-da-iniciativa-specs-2030\/","title":{"rendered":"OneSight EssilorLuxottica Foundation se une \u00e0 Organiza\u00e7\u00e3o Mundial da Sa\u00fade para impulsionar globalmente os cuidados com a vis\u00e3o dentro da iniciativa SPECS 2030"},"content":{"rendered":"<p><b>EssilorLuxottica Media Relations<\/b><\/p>\n<p align=\"center\"><strong>OneSight EssilorLuxottica Foundation se une \u00e0 Organiza\u00e7\u00e3o Mundial da Sa\u00fade para impulsionar globalmente os cuidados com a vis\u00e3o dentro da iniciativa SPECS 2030<\/strong>\u00a0<\/p>\n<p align=\"justify\"><strong>Paris, Fran\u00e7a, 6 Dezembro de 2024 <\/strong> A OneSight EssilorLuxottica Foundation tem o orgulho de anunciar sua colabora\u00e7\u00e3o com a Organiza\u00e7\u00e3o Mundial da Sa\u00fade (OMS) como parceira global na iniciativa SPECS 2030 da OMS.<\/p>\n<p align=\"justify\">A iniciativa SPECS est\u00e1 baseada na primeira meta global estabelecida na hist\u00f3ria visando aumentar a cobertura efetiva de erros de refra\u00e7\u00e3o em 40% at\u00e9 2030, aprovada pelos Estados Membros da OMS em 2021 durante a Assembleia Mundial da Sa\u00fade.<\/p>\n<p align=\"justify\">Essa colabora\u00e7\u00e3o entre a OMS e a entidade representa um avan\u00e7o significativo na abordagem dos erros de refra\u00e7\u00e3o, na preven\u00e7\u00e3o da miopia e na melhoria do acesso aos cuidados com a vis\u00e3o em todo o mundo, especialmente em um contexto de poucos recursos financeiros.<\/p>\n<p align=\"justify\">A colabora\u00e7\u00e3o se concentrar\u00e1 no compartilhamento de conhecimento, fornecimento de insumos t\u00e9cnicos e disponibiliza\u00e7\u00e3o de dados para expandir solu\u00e7\u00f5es de impacto e garantir a implementa\u00e7\u00e3o efetiva da resolu\u00e7\u00e3o da ONU Vis\u00e3o para Todos. Aproveitando suas respectivas expertises, a OMS e a OneSight EssilorLuxottica Foundation t\u00eam como objetivo tornar os cuidados sustent\u00e1veis com a vis\u00e3o acess\u00edveis a milh\u00f5es de pessoas, melhorando os resultados em sa\u00fade e promovendo a inclus\u00e3o social.<\/p>\n<p align=\"justify\">Dr. J\u00e9r\u00f4me Salomon, Diretor-Geral Adjunto da OMS respons\u00e1vel por Cobertura Universal de Sa\u00fade e Doen\u00e7as Transmiss\u00edveis e N\u00e3o Transmiss\u00edveis, destacou a import\u00e2ncia da a\u00e7\u00e3o colaborativa para atingir as metas globais de sa\u00fade visual: <em>O cuidado com a vis\u00e3o n\u00e3o \u00e9 apenas uma prioridade de sa\u00fade  \u00e9 um imperativo social e econ\u00f4mico. A iniciativa SPECS 2030, que sustenta a resolu\u00e7\u00e3o da ONU &#8216;Vis\u00e3o para Todos&#8217;, nos lembra que a colabora\u00e7\u00e3o efetiva pode amplificar o impacto, trazendo resultados tang\u00edveis para comunidades em todo o mundo<\/em>.<\/p>\n<p align=\"justify\">A iniciativa SPECS 2030 da OMS acelera os esfor\u00e7os globais em sa\u00fade visual, focando em cinco pilares principais: Servi\u00e7os  melhorar o acesso aos servi\u00e7os de refra\u00e7\u00e3o; Pessoal  capacitar profissionais de sa\u00fade ocular; Educa\u00e7\u00e3o  promover a conscientiza\u00e7\u00e3o p\u00fablica sobre sa\u00fade visual; Custo  reduzir os custos de \u00f3culos e servi\u00e7os; Vigil\u00e2ncia  fortalecer a coleta de dados e a pesquisa.<\/p>\n<p align=\"justify\">Em todas essas \u00e1reas, a OneSight EssilorLuxottica Foundation fornecer\u00e1 insumos t\u00e9cnicos, compartilhar\u00e1 as melhores pr\u00e1ticas e contribuir\u00e1 com dados para apoiar as iniciativas da OMS, alinhando-se \u00e0 meta global de cuidados efetivos com a vis\u00e3o.<\/p>\n<p align=\"justify\">Anurag Hans, Chefe de Miss\u00e3o da EssilorLuxottica e Presidente da OneSight EssilorLuxottica Foundation, enfatizou o potencial transformador da colabora\u00e7\u00e3o: <em>A baixa vis\u00e3o n\u00e3o corrigida afeta 2,7 bilh\u00f5es de pessoas em todo o mundo, representando um desafio global significativo. Gra\u00e7as aos esfor\u00e7os da entidade, 961 milh\u00f5es de pessoas em algumas das comunidades mais remotas agora t\u00eam acesso a cuidados visuais a um dia de viagem, e 84 milh\u00f5es de pares de \u00f3culos foram fornecidos a quem mais precisa. No entanto, alcan\u00e7ar a ambi\u00e7\u00e3o da OneSight EssilorLuxottica Foundation de eliminar a baixa vis\u00e3o n\u00e3o corrigida em uma gera\u00e7\u00e3o exigir\u00e1 colabora\u00e7\u00f5es que amplifiquem o impacto. Ao unir a lideran\u00e7a da OMS em sa\u00fade p\u00fablica com nossa expertise em solu\u00e7\u00f5es inovadoras e pr\u00e1ticas, acreditamos que podemos criar um efeito multiplicador para expandir os cuidados visuais at\u00e9 mesmo \u00e0s regi\u00f5es mais carentes. Juntos, temos o poder de transformar vidas e elevar comunidades inteiras<\/em>.<\/p>\n<p align=\"justify\">Essa colabora\u00e7\u00e3o reflete um compromisso compartilhado em melhorar vidas por meio de uma vis\u00e3o melhor e avan\u00e7ar no progresso em dire\u00e7\u00e3o aos Objetivos de Desenvolvimento Sustent\u00e1vel (ODS), especialmente nas \u00e1reas de sa\u00fade, educa\u00e7\u00e3o e participa\u00e7\u00e3o econ\u00f4mica.<\/p>\n<p><img loading=\"lazy\" decoding=\"async\" data-mce-src=\"\/api\/ImageRender\/DownloadFile?resourceId=3331cd6a-0dcd-4c83-a911-9014de0ea0d8&amp;size=0\" data-state=\"selected\" height=\"505\" src=\"https:\/\/ml-eu.globenewswire.com\/Resource\/Download\/3331cd6a-0dcd-4c83-a911-9014de0ea0d8\/anurag-hans-and-dr-j-r-me-salomon-who-specs-december-2024.jpg\" title=\"Anurag Hans and Dr J\u00e9r\u00f4me Salomon_WHO SPECS_December_2024.jpg\" width=\"427\" \/><\/p>\n<p>From left to right: Anurag Hans, Head of Mission at EssilorLuxottica and President of the OneSight EssilorLuxottica Foundation, and Dr. J\u00e9r\u00f4me Salomon, Assistant Director-General, Universal Health Coverage, Communicable and Noncommunicable Diseases, WHO, formalize their collaboration under the WHO SPECS 2030 initiative. This collaboration marks a milestone effort to advance global vision care and expand access for underserved communities worldwide.<\/p>\n<p><strong>Sobre a Organiza\u00e7\u00e3o Mundial da Sa\u00fade<\/strong><\/p>\n<p align=\"justify\">Dedicada ao bem-estar de todas as pessoas e guiada pela ci\u00eancia, a Organiza\u00e7\u00e3o Mundial da Sa\u00fade lidera e promove esfor\u00e7os globais para garantir a todos, em qualquer lugar, a oportunidade de uma vida saud\u00e1vel e segura. Somos a ag\u00eancia de sa\u00fade da ONU que conecta na\u00e7\u00f5es, parceiros e pessoas em mais de 150 locais  liderando a resposta mundial a emerg\u00eancias de sa\u00fade, prevenindo doen\u00e7as, enfrentando as causas profundas de problemas de sa\u00fade e ampliando o acesso a medicamentos e cuidados de sa\u00fade. Nossa miss\u00e3o \u00e9 promover a sa\u00fade, proteger o mundo e atender aos mais vulner\u00e1veis. <u>www.who.int<\/u><\/p>\n<p><strong>Sobre a OneSight EssilorLuxottica Foundation<\/strong><\/p>\n<p align=\"justify\">A OneSight EssilorLuxottica Foundation \u00e9 uma organiza\u00e7\u00e3o n\u00e3o-governamental que reflete o compromisso da EssilorLuxottica de eliminar a baixa vis\u00e3o n\u00e3o corrigida em uma gera\u00e7\u00e3o. Ela re\u00fane as a\u00e7\u00f5es filantr\u00f3picas e de advocacy da EssilorLuxottica, al\u00e9m de seus investimentos. Com nove escrit\u00f3rios regionais afiliados, a entidade criou acesso sustent\u00e1vel a cuidados visuais para milh\u00f5es de pessoas em comunidades carentes ao redor do mundo. <a href=\"https:\/\/www.globenewswire.com\/Tracker?data=livjjxCiyk3mVUvkKvVJSV21HhH0O6f2nkh-qAXxCIl4SYWzZ4eDeyJ289eT0rHLW7C4jVtTYEpt7yNEo3HWzao-_2lOvTaUrTVOr9u5AlWQ25cBHPVR61G0mI9-ws_LOqxvbpCQ9qP0fQooCm3c6w==\" rel=\"nofollow\" target=\"_blank\"><u>https:\/\/onesight.essilorluxottica.com\/<\/u><\/a><\/p>\n<p><strong>Informa\u00e7\u00e3o para a imprensa<\/strong><\/p>\n<p align=\"justify\">Hill And Knowlton<br \/><a href=\"https:\/\/www.globenewswire.com\/Tracker?data=ifk7OHtrso8Q7eha65PnvaLWTok6kBtTw9FcbDyr8XMrrL9UstGGh_Ulk8oDcdFf3eg2GawVzYmIhYGIHhxsw-etcnB9Y_Ge9zPuwtXxrUiGA835cuu2ydLY2shEWMv6DEjmyJjfCdecHqeS_GTEjg==\" rel=\"nofollow\" target=\"_blank\">essilorluxottica@hillandknowlton.com<\/a><\/p>\n<p id=\"gnw_attachments_section-header\">\n <strong>Anexos<\/strong>\n<\/p>\n<ul id=\"gnw_attachments_section-items\">\n<li>\n  <a target=\"_blank\" href=\"https:\/\/ml-eu.globenewswire.com\/Resource\/Download\/3331cd6a-0dcd-4c83-a911-9014de0ea0d8\">Anurag Hans and Dr J\u00e9r\u00f4me Salomon_WHO SPECS_December_2024<\/a>\n<\/li>\n<li>\n  <a target=\"_blank\" href=\"https:\/\/ml-eu.globenewswire.com\/Resource\/Download\/39c30c93-138e-4a20-b9c4-24687a64ad5e\">2024-12-6_OneSightEssilor_Luxottica_Foundation_OMS_PT_<\/a>\n<\/li>\n<\/ul>\n<p><img decoding=\"async\" alt=\"\" class=\"__GNW8366DE3E__IMG\" src=\"https:\/\/www.globenewswire.com\/newsroom\/ti?nf=MTAwMTAyNzIwNSM0MDIwMTgyMDAjMjI4OTIzNg==\" \/> <br \/><img decoding=\"async\" alt=\"\" src=\"https:\/\/ml-eu.globenewswire.com\/media\/NjU5MDY5MmUtYjRjNi00ZmQ4LWI3ZWUtYjI3NDFlMGE2ZjVjLTEzMDA3ODY=\/tiny\/EssilorLuxottica-Media-Relatio.png\" \/><br \/>\n<a href=\"https:\/\/www.globenewswire.com\/NewsRoom\/AttachmentNg\/782014c8-c977-414e-81ef-08321c714eeb\"><img loading=\"lazy\" decoding=\"async\" src=\"https:\/\/ml-eu.globenewswire.com\/media\/782014c8-c977-414e-81ef-08321c714eeb\/small\/\" border=\"0\" width=\"150\" height=\"16\" alt=\"Primary Logo\" \/><\/a><\/p>\n<p>A <b>OESP<\/b> nao e(sao) responsavel(is) por erros, incorrecoes, atrasos ou quaisquer decisoes tomadas por seus clientes com base nos Conteudos ora disponibilizados, bem como tais Conteudos nao representam a opiniao da <b>OESP<\/b> e sao de inteira responsabilidade da <b>GlobeNewswire<\/b><\/p>\n","protected":false},"excerpt":{"rendered":"OneSight EssilorLuxottica Foundation se une \u00e0 Organiza\u00e7\u00e3o Mundial da Sa\u00fade para impulsionar globalmente os cuidados com a vis\u00e3o dentro da iniciativa SPECS","protected":false},"author":1,"featured_media":0,"comment_status":"open","ping_status":"closed","sticky":false,"template":"","format":"standard","meta":{"_acf_changed":false,"inline_featured_image":false,"_monsterinsights_skip_tracking":false,"_monsterinsights_sitenote_active":false,"_monsterinsights_sitenote_note":"","_monsterinsights_sitenote_category":0,"footnotes":""},"categories":[34],"tags":[],"class_list":["post-104017","post","type-post","status-publish","format-standard","hentry","category-releases-geral"],"acf":[],"_links":{"self":[{"href":"https:\/\/bluestudio.estadao.com.br\/agencia-de-comunicacao\/wp-json\/wp\/v2\/posts\/104017","targetHints":{"allow":["GET"]}}],"collection":[{"href":"https:\/\/bluestudio.estadao.com.br\/agencia-de-comunicacao\/wp-json\/wp\/v2\/posts"}],"about":[{"href":"https:\/\/bluestudio.estadao.com.br\/agencia-de-comunicacao\/wp-json\/wp\/v2\/types\/post"}],"author":[{"embeddable":true,"href":"https:\/\/bluestudio.estadao.com.br\/agencia-de-comunicacao\/wp-json\/wp\/v2\/users\/1"}],"replies":[{"embeddable":true,"href":"https:\/\/bluestudio.estadao.com.br\/agencia-de-comunicacao\/wp-json\/wp\/v2\/comments?post=104017"}],"version-history":[{"count":0,"href":"https:\/\/bluestudio.estadao.com.br\/agencia-de-comunicacao\/wp-json\/wp\/v2\/posts\/104017\/revisions"}],"wp:attachment":[{"href":"https:\/\/bluestudio.estadao.com.br\/agencia-de-comunicacao\/wp-json\/wp\/v2\/media?parent=104017"}],"wp:term":[{"taxonomy":"category","embeddable":true,"href":"https:\/\/bluestudio.estadao.com.br\/agencia-de-comunicacao\/wp-json\/wp\/v2\/categories?post=104017"},{"taxonomy":"post_tag","embeddable":true,"href":"https:\/\/bluestudio.estadao.com.br\/agencia-de-comunicacao\/wp-json\/wp\/v2\/tags?post=104017"}],"curies":[{"name":"wp","href":"https:\/\/api.w.org\/{rel}","templated":true}]}}