{"id":104012,"date":"2024-12-05T20:58:00","date_gmt":"2024-12-05T23:58:00","guid":{"rendered":"https:\/\/bluestudio.estadao.com.br\/agencia-de-comunicacao\/prnewswire\/prnewsinternacional\/faith-connexion-traz-maria-klaumann-para-seu-desfile-que-reune-sustentabilidade-ia-e-cultura-urbana-no-alta-moda-show-em-miami\/"},"modified":"2024-12-05T20:58:00","modified_gmt":"2024-12-05T23:58:00","slug":"faith-connexion-traz-maria-klaumann-para-seu-desfile-que-reune-sustentabilidade-ia-e-cultura-urbana-no-alta-moda-show-em-miami","status":"publish","type":"post","link":"https:\/\/bluestudio.estadao.com.br\/agencia-de-comunicacao\/prnewswire\/prnewsinternacional\/faith-connexion-traz-maria-klaumann-para-seu-desfile-que-reune-sustentabilidade-ia-e-cultura-urbana-no-alta-moda-show-em-miami\/","title":{"rendered":"Faith Connexion traz Maria Klaumann para seu desfile que re\u00fane: sustentabilidade, IA e cultura urbana no ALTA Moda Show em Miami"},"content":{"rendered":"<p><b>PR NEWSWIRE<\/b><\/p>\n<div class=\"xn-content\">\n<span class=\"legendSpanClass\"><span class=\"xn-location\">MIAMI<\/span><\/span>, <span class=\"legendSpanClass\">5 de dezembro de 2024<\/span> \/PRNewswire\/ &#8212; Com sua abordagem inovadora para criar cole\u00e7\u00f5es\u00a0requintadas e sustent\u00e1veis, a marca francesa Faith Connexion traz, desta vez, a modelo brasileira <span class=\"xn-person\">Maria Klaumann<\/span> em seu desfile no ALTA Moda Fashion Show. O evento faz parte da programa\u00e7\u00e3o paralela ao Art Basel Miami.<\/p>\n<div class=\"PRN_ImbeddedAssetReference\" id=\"DivAssetPlaceHolder7905\">\n<a href=\"https:\/\/mma.prnewswire.com\/media\/2574858\/WhatsApp_Image_2024_12_05_at_11_38_06.html\" target=\"_blank\" rel=\"nofollow\"><img decoding=\"async\" src=\"https:\/\/mma.prnewswire.com\/media\/2574858\/WhatsApp_Image_2024_12_05_at_11_38_06.jpg\" title=\"\" alt=\"\" \/><\/a><\/p>\n<\/div>\n<p>A cole\u00e7\u00e3o ousada combina a eleg\u00e2ncia atemporal dos arquivos da <span class=\"xn-person\">Alta Moda<\/span>, a energia vibrante da cultura urbana de rua, o design guiado por intelig\u00eancia artificial (IA) e o requintado artesanato franc\u00eas. Tudo com foco no baixo carbono, sem desperdicio, redefinindo, assim, os limites da moda moderna.<\/p>\n<p>Em ess\u00eancia: trata-se de uma cole\u00e7\u00e3o que celebra a for\u00e7a da colabora\u00e7\u00e3o, o compromisso com pr\u00e1ticas de design sustent\u00e1vel e o esp\u00edrito rebelde que define tanto a Faith Connexion quanto sua fundadora, <span class=\"xn-person\">Maria Buccellati<\/span>.<\/p>\n<p><b><u><span class=\"xn-person\">Maria Klaumann<\/span> : <\/u><\/b><\/p>\n<p>No Brasil, representada pela MegaModel, <span class=\"xn-person\">Maria Klaumann<\/span> tem conquistado cada vez mais espa\u00e7o no competitivo mercado da moda. Em <span class=\"xn-person\">Nova York<\/span>, \u00e9 agenciada pela The Lions e em Mil\u00e3o, pela Women Management. Mais recentemente fechou contrato com a Elite em <span class=\"xn-location\">Paris<\/span>.<\/p>\n<p>A modelo foi reconhecida como Modelo Revela\u00e7\u00e3o do Ano na 11\u00aa edi\u00e7\u00e3o do Fashion Media Awards, em <span class=\"xn-person\">Nova York<\/span>. Em 2024, Maria estampou quatro capas de revistas renomadas: V Magazine, Vogue Portugal, Vogue Brasil e The Perfect Magazine. Al\u00e9m disso, tem protagonizado campanhas de marcas de destaque, como Alo Yoga, Replay, Reinaldo Louren\u00e7o, Gl\u00f3ria Coelho e Mantecorp, consolidando seu nome entre os principais rostos da moda mundial. Com uma atua\u00e7\u00e3o diversa, <span class=\"xn-person\">Maria Klaumann<\/span> foi tamb\u00e9m a apresentadora da webs\u00e9rie &#8220;A Nova Gera\u00e7\u00e3o da Moda Brasileira&#8221;, que visitou 15 ateli\u00eas em cinco estados brasileiros<\/p>\n<p><b><u>ALTA Moda <\/u><\/b><\/p>\n<p>Desde seu lan\u00e7amento, o evento <span class=\"xn-person\">Alta Moda<\/span> se consolidou ao promover desfiles de moda luxuosos. Ap\u00f3s anos no sul da It\u00e1lia e no Mediterr\u00e2neo, o foco agora se volta para o sul dos Estados Unidos. Nesta temporada, <span class=\"xn-location\">Miami<\/span> se destaca como um ponto de encontro vibrante, onde diferentes culturas coexistem com a latino-americana.<\/p>\n<p>Foto &#8211; <a href=\"https:\/\/mma.prnewswire.com\/media\/2574858\/WhatsApp_Image_2024_12_05_at_11_38_06.jpg\" target=\"_blank\" rel=\"nofollow\">https:\/\/mma.prnewswire.com\/media\/2574858\/WhatsApp_Image_2024_12_05_at_11_38_06.jpg<\/a><\/p>\n<div class=\"PRN_ImbeddedAssetReference\" id=\"DivAssetPlaceHolder0\"><\/div>\n<p id=\"PURL\"><img loading=\"lazy\" decoding=\"async\" title=\"Cision\" width=\"12\" height=\"12\" alt=\"Cision\" src=\"https:\/\/c212.net\/c\/img\/favicon.png?sn=PT73510&amp;sd=2024-12-05\" \/> View original content to download multimedia:<a id=\"PRNURL\" rel=\"nofollow\" href=\"https:\/\/www.prnewswire.com\/br\/comunicados-para-a-imprensa\/faith-connexion-traz-maria-klaumann-para-seu-desfile-que-reune-sustentabilidade-ia-e-cultura-urbana-no-alta-moda-show-em-miami-302324453.html\" target=\"_blank\">https:\/\/www.prnewswire.com\/br\/comunicados-para-a-imprensa\/faith-connexion-traz-maria-klaumann-para-seu-desfile-que-reune-sustentabilidade-ia-e-cultura-urbana-no-alta-moda-show-em-miami-302324453.html<\/a><\/p>\n<p>FONTE  Maria Klaumann<\/p>\n<\/div>\n<p><img decoding=\"async\" alt=\"\" src=\"https:\/\/rt.prnewswire.com\/rt.gif?NewsItemId=PT73510&amp;Transmission_Id=202412051830PR_NEWS_LATAM____PT73510&amp;DateId=20241205\" style=\"border:0px;width:1px;height:1px\" \/><\/p>\n<p>A <b>OESP<\/b> n\u00e3o \u00e9(s\u00e3o) respons\u00e1vel(is) por erros, incorre\u00e7\u00f5es, atrasos ou quaisquer decis\u00f5es tomadas por seus clientes com base nos Conte\u00fados ora disponibilizados, bem como tais Conte\u00fados n\u00e3o representam a opini\u00e3o da <b>OESP<\/b> e s\u00e3o de inteira responsabilidade da <b>PR Newswire Ltda<\/b><\/p>\n","protected":false},"excerpt":{"rendered":"Com sua abordagem inovadora para criar cole\u00e7\u00f5es\u00a0requintadas e sustent\u00e1veis, a marca francesa Faith Connexion traz, desta vez, a modelo brasileira Maria Klaumann em seu desfile no","protected":false},"author":1,"featured_media":0,"comment_status":"open","ping_status":"closed","sticky":false,"template":"","format":"standard","meta":{"_acf_changed":false,"inline_featured_image":false,"_monsterinsights_skip_tracking":false,"_monsterinsights_sitenote_active":false,"_monsterinsights_sitenote_note":"","_monsterinsights_sitenote_category":0,"footnotes":""},"categories":[31],"tags":[],"class_list":["post-104012","post","type-post","status-publish","format-standard","hentry","category-prnewsinternacional"],"acf":[],"_links":{"self":[{"href":"https:\/\/bluestudio.estadao.com.br\/agencia-de-comunicacao\/wp-json\/wp\/v2\/posts\/104012","targetHints":{"allow":["GET"]}}],"collection":[{"href":"https:\/\/bluestudio.estadao.com.br\/agencia-de-comunicacao\/wp-json\/wp\/v2\/posts"}],"about":[{"href":"https:\/\/bluestudio.estadao.com.br\/agencia-de-comunicacao\/wp-json\/wp\/v2\/types\/post"}],"author":[{"embeddable":true,"href":"https:\/\/bluestudio.estadao.com.br\/agencia-de-comunicacao\/wp-json\/wp\/v2\/users\/1"}],"replies":[{"embeddable":true,"href":"https:\/\/bluestudio.estadao.com.br\/agencia-de-comunicacao\/wp-json\/wp\/v2\/comments?post=104012"}],"version-history":[{"count":0,"href":"https:\/\/bluestudio.estadao.com.br\/agencia-de-comunicacao\/wp-json\/wp\/v2\/posts\/104012\/revisions"}],"wp:attachment":[{"href":"https:\/\/bluestudio.estadao.com.br\/agencia-de-comunicacao\/wp-json\/wp\/v2\/media?parent=104012"}],"wp:term":[{"taxonomy":"category","embeddable":true,"href":"https:\/\/bluestudio.estadao.com.br\/agencia-de-comunicacao\/wp-json\/wp\/v2\/categories?post=104012"},{"taxonomy":"post_tag","embeddable":true,"href":"https:\/\/bluestudio.estadao.com.br\/agencia-de-comunicacao\/wp-json\/wp\/v2\/tags?post=104012"}],"curies":[{"name":"wp","href":"https:\/\/api.w.org\/{rel}","templated":true}]}}