{"id":104010,"date":"2024-12-05T19:58:00","date_gmt":"2024-12-05T22:58:00","guid":{"rendered":"https:\/\/bluestudio.estadao.com.br\/agencia-de-comunicacao\/prnewswire\/prnewsbrasil\/riyadh-international-philosophy-conference-2024-a-cativating-opening-day-focused-on-quality-of-life\/"},"modified":"2024-12-05T19:58:00","modified_gmt":"2024-12-05T22:58:00","slug":"riyadh-international-philosophy-conference-2024-a-cativating-opening-day-focused-on-quality-of-life","status":"publish","type":"post","link":"https:\/\/bluestudio.estadao.com.br\/agencia-de-comunicacao\/prnewswire\/prnewsbrasil\/riyadh-international-philosophy-conference-2024-a-cativating-opening-day-focused-on-quality-of-life\/","title":{"rendered":"Riyadh International Philosophy Conference 2024: A Cativating Opening Day Focused on Quality of Life"},"content":{"rendered":"<p><b>PR NEWSWIRE<\/b><\/p>\n<div class=\"xn-content\">\n<b> <span class=\"xn-person\">Mais de<\/span> 60 pensadores renomados se re\u00fanem para explorar &#8220;Filosofia e qualidade de vida: exist\u00eancia, verdade e bondade&#8221;<\/b><\/p>\n<p><span class=\"legendSpanClass\">\u00a0RIADE, Ar\u00e1bia Saudita<\/span>, <span class=\"legendSpanClass\">5 de dezembro de 2024<\/span> \/PRNewswire\/ &#8212; A Confer\u00eancia Internacional de Filosofia de Riade 2024 lan\u00e7ou sua quarta e maior edi\u00e7\u00e3o realizada na Biblioteca Nacional Rei\u00a0Fahad em Riade, Ar\u00e1bia Saudita. Organizado pela Comiss\u00e3o de Literatura, Publica\u00e7\u00e3o e Tradu\u00e7\u00e3o de 5 a 7 de dezembro. A confer\u00eancia explora o tema &#8220;<b> Filosofia e Qualidade de Vida: Exist\u00eancia, Verdade e Bondade<\/b>&#8220;, enfatizando o papel da filosofia na melhoria do bem-estar humano e da prosperidade social.<\/p>\n<div id=\"prni_dvprnejpg5c3cleft\" dir=\"ltr\" style=\"width: 100%;text-align: left\"><img decoding=\"async\" id=\"prnejpg5c3cleft\" style=\"width: 400px;height: 267px\" title=\"Dr. Mohammed bin Hasan Alwan, CEO da Comiss\u00e3o de Literatura, Publica\u00e7\u00e3o e Tradu\u00e7\u00e3o\" src=\"https:\/\/mma.prnewswire.com\/media\/2574836\/Literature_Publishing_and_Translation_Commission.jpg\" alt=\"Dr. Mohammed bin Hasan Alwan, CEO da Comiss\u00e3o de Literatura, Publica\u00e7\u00e3o e Tradu\u00e7\u00e3o\" align=\"middle\" \/><\/div>\n<p>A cerim\u00f4nia de abertura foi liderada pelo Dr. <span class=\"xn-person\">Mohammed bin Hasan Alwan<\/span>, CEO da Comiss\u00e3o de Literatura, Publica\u00e7\u00e3o e Tradu\u00e7\u00e3o, e pelo Sr. Ismaiel Almuhaithief, Diretor de Servi\u00e7os Compartilhados do Programa de Qualidade de Vida. Seus discursos destacaram o significado estrat\u00e9gico da confer\u00eancia como parte da Vis\u00e3o Saudita 2030, refor\u00e7ando a posi\u00e7\u00e3o de Riad como um centro global de di\u00e1logo filos\u00f3fico.<\/p>\n<p>&#8220;A Confer\u00eancia Internacional de Filosofia de Riade \u00e9 uma plataforma vital que reflete a lideran\u00e7a da Ar\u00e1bia Saudita no avan\u00e7o do discurso filos\u00f3fico a n\u00edvel local e global. As sess\u00f5es de hoje com seus t\u00f3picos estrat\u00e9gicos reafirmam nosso compromisso com a colabora\u00e7\u00e3o intelectual e a vis\u00e3o mais ampla do <span class=\"xn-person\">Reino de<\/span> melhorar a qualidade de vida&#8221;, disse o Dr. <span class=\"xn-person\">Mohammed bin Hasan Alwan<\/span>.<\/p>\n<p><b> Explorando a qualidade de vida: mente, corpo e esp\u00edrito<\/b><\/p>\n<p>O primeiro dia da confer\u00eancia de tr\u00eas dias testemunhou valiosas participa\u00e7\u00f5es instigantes apresentadas por fil\u00f3sofos e acad\u00eamicos renomados a estudantes e entusiastas intelectuais da Ar\u00e1bia Saudita e do mundo. O primeiro dia contou com palestras e pain\u00e9is de discuss\u00e3o com foco em perspectivas hist\u00f3ricas e filos\u00f3ficas da qualidade de vida.<\/p>\n<p>A sess\u00e3o de apresenta\u00e7\u00e3o incluiu &#8220;<b>Quantificando a qualidade de vida: como chegamos a esse ponto? How Do We Go Beyond It?<\/b>&#8221; pelo Dr. <span class=\"xn-person\">Robert Bernasconi<\/span>, e &#8220;<b> Concepts and Theories of Quality of Life from a Philosophical Perspective<\/b>&#8221; pelo Dr. <span class=\"xn-person\">Kelly James Clark<\/span> e Sra. <span class=\"xn-person\">Antonia Case<\/span>. Os workshops sobre &#8220;<b> Humanidade e Filosofia que precisam umas das outras<\/b>&#8221; e &#8220;<b> Posso n\u00e3o escolher?<\/b>&#8221; atra\u00edram uma participa\u00e7\u00e3o animada de um grande p\u00fablico interessado em aprender mais sobre o papel da filosofia na melhoria da qualidade de vida da mente, corpo e esp\u00edrito.<\/p>\n<p><b> Uma plataforma para crescimento intelectual e interc\u00e2mbio global <\/b><\/p>\n<p>A confer\u00eancia apresenta mais de 60 palestrantes renomados de todo o mundo, incluindo figuras proeminentes como o Dr. Fausto Fraisopi, o Dr. Abdelrahim Dekkoun e a Dra. <span class=\"xn-person\">Nermine Ezzeldin<\/span>. Tamb\u00e9m apresenta parcerias com organiza\u00e7\u00f5es internacionais conceituadas, incluindo a New Philosopher e a The School of Life, marcando sua estreia na Ar\u00e1bia Saudita.<\/p>\n<p>Ao unir o pensamento acad\u00eamico com aplica\u00e7\u00f5es do mundo real, a confer\u00eancia reflete a dedica\u00e7\u00e3o do Reino ao enriquecimento intelectual e ao interc\u00e2mbio cultural. Por meio de discuss\u00f5es sobre temas como mente, corpo e esp\u00edrito, os participantes participam de di\u00e1logos enriquecedores que promovem a colabora\u00e7\u00e3o e a compreens\u00e3o globais.<\/p>\n<p>Como parte do Programa de Qualidade de Vida, a confer\u00eancia ressalta a relev\u00e2ncia da filosofia na abordagem dos desafios sociais contempor\u00e2neos. O programa est\u00e1 alinhado com princ\u00edpios filos\u00f3ficos como justi\u00e7a, virtude e felicidade, todos essenciais para comunidades pr\u00f3speras.<\/p>\n<p>A Confer\u00eancia Internacional de Filosofia de Riade 2024 continua amanh\u00e3 com sess\u00f5es que exploram as interse\u00e7\u00f5es entre filosofia, religi\u00e3o e ci\u00eancia, juntamente com workshops e pain\u00e9is destinados a promover o pensamento cr\u00edtico e discuss\u00f5es significativas.<\/p>\n<p>Para mais informa\u00e7\u00f5es e atualiza\u00e7\u00f5es, visite a <a href=\"https:\/\/engage.moc.gov.sa\/philosophy_conference\" target=\"_blank\" rel=\"nofollow\"> p\u00e1gina web<\/a> da confer\u00eancia.<\/p>\n<p>Foto &#8211; <a href=\"https:\/\/mma.prnewswire.com\/media\/2574836\/Literature_Publishing_and_Translation_Commission.jpg\" target=\"_blank\" rel=\"nofollow\"> https:\/\/mma.prnewswire.com\/media\/2574836\/Literature_Publishing_and_Translation_Commission.jpg<\/a><\/p>\n<p>\u00a0<\/p>\n<p id=\"PURL\"><img loading=\"lazy\" decoding=\"async\" title=\"Cision\" width=\"12\" height=\"12\" alt=\"Cision\" src=\"https:\/\/c212.net\/c\/img\/favicon.png?sn=PT73459&amp;sd=2024-12-05\" \/> View original content:<a id=\"PRNURL\" rel=\"nofollow\" href=\"https:\/\/www.prnewswire.com\/br\/comunicados-para-a-imprensa\/riyadh-international-philosophy-conference-2024-a-cativating-opening-day-focused-on-quality-of-life-302324428.html\" target=\"_blank\">https:\/\/www.prnewswire.com\/br\/comunicados-para-a-imprensa\/riyadh-international-philosophy-conference-2024-a-cativating-opening-day-focused-on-quality-of-life-302324428.html<\/a><\/p>\n<p>FONTE  Literature, Publishing &amp; Translation Commission<\/p>\n<\/div>\n<p><img decoding=\"async\" alt=\"\" src=\"https:\/\/rt.prnewswire.com\/rt.gif?NewsItemId=PT73459&amp;Transmission_Id=202412051753PR_NEWS_LATAM____PT73459&amp;DateId=20241205\" style=\"border:0px;width:1px;height:1px\" \/><\/p>\n<p>A <b>OESP<\/b> n\u00e3o \u00e9(s\u00e3o) respons\u00e1vel(is) por erros, incorre\u00e7\u00f5es, atrasos ou quaisquer decis\u00f5es tomadas por seus clientes com base nos Conte\u00fados ora disponibilizados, bem como tais Conte\u00fados n\u00e3o representam a opini\u00e3o da <b>OESP<\/b> e s\u00e3o de inteira responsabilidade da <b>PR Newswire Ltda<\/b><\/p>\n","protected":false},"excerpt":{"rendered":"A Confer\u00eancia Internacional de Filosofia de Riade 2024 lan\u00e7ou sua quarta e maior edi\u00e7\u00e3o realizada na Biblioteca Nacional Rei\u00a0Fahad em Riade, Ar\u00e1bia Saudita. Organizado pela Comiss","protected":false},"author":1,"featured_media":0,"comment_status":"open","ping_status":"closed","sticky":false,"template":"","format":"standard","meta":{"_acf_changed":false,"inline_featured_image":false,"_monsterinsights_skip_tracking":false,"_monsterinsights_sitenote_active":false,"_monsterinsights_sitenote_note":"","_monsterinsights_sitenote_category":0,"footnotes":""},"categories":[28],"tags":[],"class_list":["post-104010","post","type-post","status-publish","format-standard","hentry","category-prnewsbrasil"],"acf":[],"_links":{"self":[{"href":"https:\/\/bluestudio.estadao.com.br\/agencia-de-comunicacao\/wp-json\/wp\/v2\/posts\/104010","targetHints":{"allow":["GET"]}}],"collection":[{"href":"https:\/\/bluestudio.estadao.com.br\/agencia-de-comunicacao\/wp-json\/wp\/v2\/posts"}],"about":[{"href":"https:\/\/bluestudio.estadao.com.br\/agencia-de-comunicacao\/wp-json\/wp\/v2\/types\/post"}],"author":[{"embeddable":true,"href":"https:\/\/bluestudio.estadao.com.br\/agencia-de-comunicacao\/wp-json\/wp\/v2\/users\/1"}],"replies":[{"embeddable":true,"href":"https:\/\/bluestudio.estadao.com.br\/agencia-de-comunicacao\/wp-json\/wp\/v2\/comments?post=104010"}],"version-history":[{"count":0,"href":"https:\/\/bluestudio.estadao.com.br\/agencia-de-comunicacao\/wp-json\/wp\/v2\/posts\/104010\/revisions"}],"wp:attachment":[{"href":"https:\/\/bluestudio.estadao.com.br\/agencia-de-comunicacao\/wp-json\/wp\/v2\/media?parent=104010"}],"wp:term":[{"taxonomy":"category","embeddable":true,"href":"https:\/\/bluestudio.estadao.com.br\/agencia-de-comunicacao\/wp-json\/wp\/v2\/categories?post=104010"},{"taxonomy":"post_tag","embeddable":true,"href":"https:\/\/bluestudio.estadao.com.br\/agencia-de-comunicacao\/wp-json\/wp\/v2\/tags?post=104010"}],"curies":[{"name":"wp","href":"https:\/\/api.w.org\/{rel}","templated":true}]}}